{"id":47068,"date":"2014-06-02T09:27:32","date_gmt":"2014-06-02T13:27:32","guid":{"rendered":"http:\/\/www.eltrabajo.cl\/portal\/?p=47068"},"modified":"2014-06-02T09:27:32","modified_gmt":"2014-06-02T13:27:32","slug":"sacerdote-pedro-salinas-celebro-16-anos-de-sacerdocio","status":"publish","type":"post","link":"https:\/\/eltrabajo.cl\/portal\/sacerdote-pedro-salinas-celebro-16-anos-de-sacerdocio\/","title":{"rendered":"Sacerdote Pedro Salinas celebr\u00f3 16 a\u00f1os de sacerdocio"},"content":{"rendered":"<figure id=\"attachment_47069\" aria-describedby=\"caption-attachment-47069\" style=\"width: 529px\" class=\"wp-caption alignnone\"><a href=\"https:\/\/i0.wp.com\/www.eltrabajo.cl\/portal\/wp-content\/uploads\/2014\/06\/Iglesia1.jpg\"><img data-recalc-dims=\"1\" loading=\"lazy\" decoding=\"async\" class=\"size-full wp-image-47069\" alt=\"Cientos de putaendinos se dieron cita en la principal iglesia de la ciudad para celebrar junto al cl\u00e9rigo, sus 16 a\u00f1os de servir a la Iglesia.\" src=\"https:\/\/i0.wp.com\/www.eltrabajo.cl\/portal\/wp-content\/uploads\/2014\/06\/Iglesia1.jpg?resize=529%2C316\" width=\"529\" height=\"316\" srcset=\"https:\/\/i0.wp.com\/eltrabajo.cl\/portal\/wp-content\/uploads\/2014\/06\/Iglesia1.jpg?w=529&amp;ssl=1 529w, https:\/\/i0.wp.com\/eltrabajo.cl\/portal\/wp-content\/uploads\/2014\/06\/Iglesia1.jpg?resize=200%2C119&amp;ssl=1 200w, https:\/\/i0.wp.com\/eltrabajo.cl\/portal\/wp-content\/uploads\/2014\/06\/Iglesia1.jpg?resize=300%2C179&amp;ssl=1 300w, https:\/\/i0.wp.com\/eltrabajo.cl\/portal\/wp-content\/uploads\/2014\/06\/Iglesia1.jpg?resize=150%2C89&amp;ssl=1 150w, https:\/\/i0.wp.com\/eltrabajo.cl\/portal\/wp-content\/uploads\/2014\/06\/Iglesia1.jpg?resize=400%2C238&amp;ssl=1 400w\" sizes=\"auto, (max-width: 529px) 100vw, 529px\" \/><\/a><figcaption id=\"caption-attachment-47069\" class=\"wp-caption-text\">Cientos de putaendinos se dieron cita en la principal iglesia de la ciudad para celebrar junto al cl\u00e9rigo, sus 16 a\u00f1os de servir a la Iglesia.<\/figcaption><\/figure>\n<p><strong>PUTAENDO.<\/strong>&#8211; En una emotiva eucarist\u00eda y acompa\u00f1ado de su familia, amigos y varios fieles, el Cura Pedro Fabi\u00e1n Salinas Ortiz celebr\u00f3 16 a\u00f1os desde que fuese ordenado sacerdote. El Cura Pedro, como todos los s\u00e1bados se preparaba para presidir la eucarist\u00eda, pero en esta ocasi\u00f3n hab\u00eda varias cosas especiales, como por ejemplo, la delegaci\u00f3n de fieles que llegaron desde Rinconada de Los Andes y Llay-Llay, comunas donde el sacerdote sirvi\u00f3 en a\u00f1os anteriores.<\/p>\n<p>La se\u00f1ora Rosa Ortiz, madre del Cura Pedro, orgullosa se ubic\u00f3 en las primeras filas del templo para acompa\u00f1ar a su hijo en tan importante momento junto a un grupo de familiares del religioso, que como todos los a\u00f1os le acompa\u00f1a.<\/p>\n<p>El Cura Pedro hoy con 49 a\u00f1os de edad, fue ordenado sacerdote el 31 de mayo de 1998 y destacan sus estudios universitarios en teolog\u00eda y filosof\u00eda, pero por sobre todas las cosas, desde un principio ha destacado su sencillez, humildad y una extraordinaria simpat\u00eda que lo ha hecho ganarse el cari\u00f1o de muchas comunidades en las cuales ha ejercido como sacerdote y hoy en Putaendo tambi\u00e9n ha sido reconocido por toda la comunidad.<\/p>\n<p>Haciendo propio el lema \u2018He venido a servir y no a ser servido\u2019, el Cura Pedro se\u00f1al\u00f3 a Diario El Trabajo que se siente orgulloso de ser un sacerdote, haber escogido el camino de Dios y celebrar este aniversario junto a tantas personas, por lo que indic\u00f3 que el sacerdocio siempre debe estar a disposici\u00f3n de la comunidad y eso lo insta d\u00eda a d\u00eda para tratar de ser un mejor cura y cumplir con lo que Dios le ha encomendado.<\/p>\n<p>En esta eucarist\u00eda las distintas comunidades que pertenecen a la Parroquia San Antonio de Padua, tambi\u00e9n se hicieron presentes y como corresponde no pod\u00eda faltar la torta para plasmar el cari\u00f1o de la comunidad hacia el Cura Pedro que este s\u00e1bado celebr\u00f3 16 a\u00f1os de sacerdocio.<\/p>\n<p>Patricio Gallardo M.<\/p>\n<div class=\"tiled-gallery type-rectangular tiled-gallery-unresized\" data-original-width=\"640\" data-carousel-extra='null' itemscope itemtype=\"http:\/\/schema.org\/ImageGallery\" > <div class=\"gallery-row\" style=\"width: 640px; height: 268px;\" data-original-width=\"640\" data-original-height=\"268\" > <div class=\"gallery-group images-1\" style=\"width: 418px; height: 268px;\" data-original-width=\"418\" data-original-height=\"268\" > <div class=\"tiled-gallery-item tiled-gallery-item-large\" itemprop=\"associatedMedia\" itemscope itemtype=\"http:\/\/schema.org\/ImageObject\"> <a href=\"https:\/\/eltrabajo.cl\/portal\/sacerdote-pedro-salinas-celebro-16-anos-de-sacerdocio\/cura1-3\/\" border=\"0\" itemprop=\"url\"> <meta itemprop=\"width\" content=\"414\"> <meta itemprop=\"height\" content=\"264\"> <img decoding=\"async\" class=\"\" data-attachment-id=\"47070\" data-orig-file=\"https:\/\/eltrabajo.cl\/portal\/wp-content\/uploads\/2014\/06\/Cura1.jpg\" data-orig-size=\"529,337\" data-comments-opened=\"1\" data-image-meta=\"{&quot;aperture&quot;:&quot;5.6&quot;,&quot;credit&quot;:&quot;&quot;,&quot;camera&quot;:&quot;Canon EOS REBEL T3i&quot;,&quot;caption&quot;:&quot;&quot;,&quot;created_timestamp&quot;:&quot;1401564101&quot;,&quot;copyright&quot;:&quot;[wopmind]&quot;,&quot;focal_length&quot;:&quot;61&quot;,&quot;iso&quot;:&quot;6400&quot;,&quot;shutter_speed&quot;:&quot;0.02&quot;,&quot;title&quot;:&quot;&quot;}\" data-image-title=\"Cura1\" data-image-description=\"&lt;p&gt;RELIGIOSO REGAL\u00d3N.- El Cura Pedro Fabi\u00e1n Salinas Ortiz celebr\u00f3 16 a\u00f1os desde que fuese ordenado sacerdote.&lt;\/p&gt; \" data-medium-file=\"https:\/\/i0.wp.com\/eltrabajo.cl\/portal\/wp-content\/uploads\/2014\/06\/Cura1.jpg?fit=300%2C191&#038;ssl=1\" data-large-file=\"https:\/\/i0.wp.com\/eltrabajo.cl\/portal\/wp-content\/uploads\/2014\/06\/Cura1.jpg?fit=529%2C337&#038;ssl=1\" src=\"https:\/\/i0.wp.com\/eltrabajo.cl\/portal\/wp-content\/uploads\/2014\/06\/Cura1.jpg?w=414&#038;h=264&#038;ssl=1\" srcset=\"https:\/\/i0.wp.com\/eltrabajo.cl\/portal\/wp-content\/uploads\/2014\/06\/Cura1.jpg?w=529&amp;ssl=1 529w, https:\/\/i0.wp.com\/eltrabajo.cl\/portal\/wp-content\/uploads\/2014\/06\/Cura1.jpg?resize=200%2C127&amp;ssl=1 200w, https:\/\/i0.wp.com\/eltrabajo.cl\/portal\/wp-content\/uploads\/2014\/06\/Cura1.jpg?resize=300%2C191&amp;ssl=1 300w, https:\/\/i0.wp.com\/eltrabajo.cl\/portal\/wp-content\/uploads\/2014\/06\/Cura1.jpg?resize=150%2C95&amp;ssl=1 150w, https:\/\/i0.wp.com\/eltrabajo.cl\/portal\/wp-content\/uploads\/2014\/06\/Cura1.jpg?resize=400%2C254&amp;ssl=1 400w\" width=\"414\" height=\"264\" loading=\"lazy\" data-original-width=\"414\" data-original-height=\"264\" itemprop=\"http:\/\/schema.org\/image\" title=\"Cura1\" alt=\"RELIGIOSO REGAL\u00d3N.- El Cura Pedro Fabi\u00e1n Salinas Ortiz celebr\u00f3 16 a\u00f1os desde que fuese ordenado sacerdote.\" style=\"width: 414px; height: 264px;\" \/> <\/a> <div class=\"tiled-gallery-caption\" itemprop=\"caption description\"> RELIGIOSO REGAL\u00d3N.- El Cura Pedro Fabi\u00e1n Salinas Ortiz celebr\u00f3 16 a\u00f1os desde que fuese ordenado sacerdote. <\/div> <\/div> <\/div> <!-- close group --> <div class=\"gallery-group images-1\" style=\"width: 222px; height: 268px;\" data-original-width=\"222\" data-original-height=\"268\" > <div class=\"tiled-gallery-item tiled-gallery-item-small\" itemprop=\"associatedMedia\" itemscope itemtype=\"http:\/\/schema.org\/ImageObject\"> <a href=\"https:\/\/eltrabajo.cl\/portal\/sacerdote-pedro-salinas-celebro-16-anos-de-sacerdocio\/rosa-ortiz\/\" border=\"0\" itemprop=\"url\"> <meta itemprop=\"width\" content=\"218\"> <meta itemprop=\"height\" content=\"264\"> <img decoding=\"async\" class=\"\" data-attachment-id=\"47071\" data-orig-file=\"https:\/\/eltrabajo.cl\/portal\/wp-content\/uploads\/2014\/06\/Rosa-Ortiz.jpg\" data-orig-size=\"529,641\" data-comments-opened=\"1\" data-image-meta=\"{&quot;aperture&quot;:&quot;4&quot;,&quot;credit&quot;:&quot;&quot;,&quot;camera&quot;:&quot;Canon EOS REBEL T3i&quot;,&quot;caption&quot;:&quot;&quot;,&quot;created_timestamp&quot;:&quot;1401563322&quot;,&quot;copyright&quot;:&quot;[wopmind]&quot;,&quot;focal_length&quot;:&quot;31&quot;,&quot;iso&quot;:&quot;400&quot;,&quot;shutter_speed&quot;:&quot;0.016666666666667&quot;,&quot;title&quot;:&quot;&quot;}\" data-image-title=\"Rosa Ortiz\" data-image-description=\"&lt;p&gt;MADRE ORGULLOSA.- La se\u00f1ora Rosa Ortiz, madre del Cura Pedro, orgullosa se ubic\u00f3 en las primeras filas del templo para acompa\u00f1ar a su hijo en tan importante momento.&lt;\/p&gt; \" data-medium-file=\"https:\/\/i0.wp.com\/eltrabajo.cl\/portal\/wp-content\/uploads\/2014\/06\/Rosa-Ortiz.jpg?fit=247%2C300&#038;ssl=1\" data-large-file=\"https:\/\/i0.wp.com\/eltrabajo.cl\/portal\/wp-content\/uploads\/2014\/06\/Rosa-Ortiz.jpg?fit=529%2C641&#038;ssl=1\" src=\"https:\/\/i0.wp.com\/eltrabajo.cl\/portal\/wp-content\/uploads\/2014\/06\/Rosa-Ortiz.jpg?w=218&#038;h=264&#038;ssl=1\" srcset=\"https:\/\/i0.wp.com\/eltrabajo.cl\/portal\/wp-content\/uploads\/2014\/06\/Rosa-Ortiz.jpg?w=529&amp;ssl=1 529w, https:\/\/i0.wp.com\/eltrabajo.cl\/portal\/wp-content\/uploads\/2014\/06\/Rosa-Ortiz.jpg?resize=123%2C150&amp;ssl=1 123w, https:\/\/i0.wp.com\/eltrabajo.cl\/portal\/wp-content\/uploads\/2014\/06\/Rosa-Ortiz.jpg?resize=247%2C300&amp;ssl=1 247w, https:\/\/i0.wp.com\/eltrabajo.cl\/portal\/wp-content\/uploads\/2014\/06\/Rosa-Ortiz.jpg?resize=400%2C484&amp;ssl=1 400w\" width=\"218\" height=\"264\" loading=\"lazy\" data-original-width=\"218\" data-original-height=\"264\" itemprop=\"http:\/\/schema.org\/image\" title=\"Rosa Ortiz\" alt=\"MADRE ORGULLOSA.- La se\u00f1ora Rosa Ortiz, madre del Cura Pedro, orgullosa se ubic\u00f3 en las primeras filas del templo para acompa\u00f1ar a su hijo en tan importante momento.\" style=\"width: 218px; height: 264px;\" \/> <\/a> <div class=\"tiled-gallery-caption\" itemprop=\"caption description\"> MADRE ORGULLOSA.- La se\u00f1ora Rosa Ortiz, madre del Cura Pedro, orgullosa se ubic\u00f3 en las primeras filas del templo para acompa\u00f1ar a su hijo en tan importante momento. <\/div> <\/div> <\/div> <!-- close group --> <\/div> <!-- close row --> <\/div>\n","protected":false},"excerpt":{"rendered":"<p>PUTAENDO.&#8211; En una emotiva eucarist\u00eda y acompa\u00f1ado de su familia, amigos y varios fieles, el Cura Pedro Fabi\u00e1n Salinas Ortiz celebr\u00f3 16 a\u00f1os desde que fuese ordenado sacerdote. El Cura Pedro, como&#8230;<\/p>\n","protected":false},"author":482,"featured_media":47069,"comment_status":"open","ping_status":"closed","sticky":false,"template":"","format":"standard","meta":{"advanced_seo_description":"","jetpack_seo_html_title":"","jetpack_seo_noindex":false,"_jetpack_memberships_contains_paid_content":false,"footnotes":""},"categories":[15],"tags":[],"class_list":["post-47068","post","type-post","status-publish","format-standard","has-post-thumbnail","hentry","category-comunidad"],"jetpack_featured_media_url":"https:\/\/i0.wp.com\/eltrabajo.cl\/portal\/wp-content\/uploads\/2014\/06\/Iglesia1.jpg?fit=529%2C316&ssl=1","jetpack_sharing_enabled":true,"jetpack_likes_enabled":true,"jetpack-related-posts":[],"_links":{"self":[{"href":"https:\/\/eltrabajo.cl\/portal\/wp-json\/wp\/v2\/posts\/47068","targetHints":{"allow":["GET"]}}],"collection":[{"href":"https:\/\/eltrabajo.cl\/portal\/wp-json\/wp\/v2\/posts"}],"about":[{"href":"https:\/\/eltrabajo.cl\/portal\/wp-json\/wp\/v2\/types\/post"}],"author":[{"embeddable":true,"href":"https:\/\/eltrabajo.cl\/portal\/wp-json\/wp\/v2\/users\/482"}],"replies":[{"embeddable":true,"href":"https:\/\/eltrabajo.cl\/portal\/wp-json\/wp\/v2\/comments?post=47068"}],"version-history":[{"count":0,"href":"https:\/\/eltrabajo.cl\/portal\/wp-json\/wp\/v2\/posts\/47068\/revisions"}],"wp:featuredmedia":[{"embeddable":true,"href":"https:\/\/eltrabajo.cl\/portal\/wp-json\/wp\/v2\/media\/47069"}],"wp:attachment":[{"href":"https:\/\/eltrabajo.cl\/portal\/wp-json\/wp\/v2\/media?parent=47068"}],"wp:term":[{"taxonomy":"category","embeddable":true,"href":"https:\/\/eltrabajo.cl\/portal\/wp-json\/wp\/v2\/categories?post=47068"},{"taxonomy":"post_tag","embeddable":true,"href":"https:\/\/eltrabajo.cl\/portal\/wp-json\/wp\/v2\/tags?post=47068"}],"curies":[{"name":"wp","href":"https:\/\/api.w.org\/{rel}","templated":true}]}}