{"id":47074,"date":"2014-06-02T09:37:24","date_gmt":"2014-06-02T13:37:24","guid":{"rendered":"http:\/\/www.eltrabajo.cl\/portal\/?p=47074"},"modified":"2014-06-02T09:37:24","modified_gmt":"2014-06-02T13:37:24","slug":"libro-renace-el-condor-fue-lanzado-en-san-felipe","status":"publish","type":"post","link":"https:\/\/eltrabajo.cl\/portal\/libro-renace-el-condor-fue-lanzado-en-san-felipe\/","title":{"rendered":"Libro \u2018Renace el C\u00f3ndor\u2019 fue lanzado en San Felipe"},"content":{"rendered":"<figure id=\"attachment_47075\" aria-describedby=\"caption-attachment-47075\" style=\"width: 370px\" class=\"wp-caption alignleft\"><a href=\"https:\/\/i0.wp.com\/www.eltrabajo.cl\/portal\/wp-content\/uploads\/2014\/06\/Libro1.jpg\"><img data-recalc-dims=\"1\" loading=\"lazy\" decoding=\"async\" class=\" wp-image-47075 \" alt=\"RENACE EL C\u00d3NDOR.- La obra; prologada con acierto por Ximena Vald\u00e9s, contiene poemas, disertaciones, mon\u00f3logos y el relato puro de su paso por esta vida, en la que siempre supo pelear sin temor por causas pro-\u00e9tnicas de su pueblo y de su raza.\" src=\"https:\/\/i0.wp.com\/www.eltrabajo.cl\/portal\/wp-content\/uploads\/2014\/06\/Libro1.jpg?resize=370%2C518\" width=\"370\" height=\"518\" srcset=\"https:\/\/i0.wp.com\/eltrabajo.cl\/portal\/wp-content\/uploads\/2014\/06\/Libro1.jpg?w=529&amp;ssl=1 529w, https:\/\/i0.wp.com\/eltrabajo.cl\/portal\/wp-content\/uploads\/2014\/06\/Libro1.jpg?resize=107%2C150&amp;ssl=1 107w, https:\/\/i0.wp.com\/eltrabajo.cl\/portal\/wp-content\/uploads\/2014\/06\/Libro1.jpg?resize=214%2C300&amp;ssl=1 214w, https:\/\/i0.wp.com\/eltrabajo.cl\/portal\/wp-content\/uploads\/2014\/06\/Libro1.jpg?resize=400%2C559&amp;ssl=1 400w\" sizes=\"auto, (max-width: 370px) 100vw, 370px\" \/><\/a><figcaption id=\"caption-attachment-47075\" class=\"wp-caption-text\">RENACE EL C\u00d3NDOR.- La obra; prologada con acierto por Ximena Vald\u00e9s, contiene poemas, disertaciones, mon\u00f3logos y el relato puro de su paso por esta vida, en la que siempre supo pelear sin temor por causas pro-\u00e9tnicas de su pueblo y de su raza.<\/figcaption><\/figure>\n<p>Fue hasta que pasaron 71 a\u00f1os de su nacimiento, que naci\u00f3 su libro, el primero y en el que ella comparte la historia completa de su vida con las personas que quieran leer su obra. \u2018Renace el C\u00f3ndor\u2019, de 176 p\u00e1ginas y cargadas de muchas an\u00e9cdotas de su autora, es el libro lanzado la noche de este viernes en el auditorio del Liceo Roberto Humeres en San Felipe, hablamos de Selfa Antim\u00e1n Nahuelqu\u00edn de la estirpe Mapuche-Huilliche de Chilo\u00e9, pero que vive en Santa Mar\u00eda desde hace muchos a\u00f1os.<\/p>\n<p><strong>SU PRIMER OBRA<\/strong><\/p>\n<p>La obra; prologada con acierto por Ximena Vald\u00e9s, contiene poemas, disertaciones, mon\u00f3logos y el relato puro de su paso por esta vida, en la que siempre supo pelear sin temor por causas pro-\u00e9tnicas de su pueblo y de su raza. Fue editada por Johana Molina y gestionada gracias al Fondo de Cultura y Educaci\u00f3n de la Oficina de Asuntos ind\u00edgenas de Santiago, la realizaci\u00f3n de este libro tambi\u00e9n cont\u00f3 con el apoyo del municipio de Santa Mar\u00eda y otros entes de nuestra provincia.<\/p>\n<p>Al evento de Lanzamiento llegaron muchas personas y varias autoridades, entre quienes destacaron el Alcalde de Putaendo, Guillermo Reyes, quien altruistamente apoy\u00f3 para que muchos amigos personales de Selfa desde Ays\u00e9n pudieran llegar a San Felipe y participar as\u00ed de la actividad; el Alcalde de Santa Mar\u00eda Claudio Zurita, quien tambi\u00e9n tuvo participaci\u00f3n activa durante el proceso de creaci\u00f3n del libro para con su autora; El Encargado de Cultura de la Municipalidad de San Felipe, Manuel Z\u00fa\u00f1iga, quien asisti\u00f3 en representaci\u00f3n del Alcalde Patricio Freire y representantes de la Conadi. Noche de ceremonias mapuches; proyecci\u00f3n de fotos antiguas; alimentos y bebidas tradicionales como el mudai.<\/p>\n<p><strong>AUTORA AGRAGECIDA<\/strong><\/p>\n<p>\u00abDedico esta obra a mi familia, ami raza y a mi pueblo, agradezco profundamente a todos aquellos quienes me han ayudado en el proceso de crear este libro, a quienes me han sostenido de pie durante los a\u00f1os duros de la dictadura cuando mi hermano fue torturado y asesinado, dolor que siempre llevo conmigo y medio Chile tambi\u00e9n tiene dolores como el m\u00edo, a quienes estuvieron a mi lado dando las luchas que dimos\u00bb, coment\u00f3 emocionada la autora, Selfa Antim\u00e1n a Diario El Trabajo.<\/p>\n<p><strong>LA GRAN SORPRESA<\/strong><\/p>\n<p>La gran sorpresa histri\u00f3nica y que sacudi\u00f3 los corazones de los presentes, la dio el periodista y folclorista nacional y quien viaj\u00f3 desde Rancagua para ofrecer su trabajo, fue Alejandro Choca\u00edr Lemus, quien comparti\u00f3 sus payas, canciones e improvisaciones art\u00edsticas, concierto de guitarra y cuchillo (novedosa t\u00e9cnica), cosech\u00f3 muchos aplausos y alegr\u00f3 la noche. Diario El Trabajo habl\u00f3 con el artista.<\/p>\n<p>\u00abTengo 66 a\u00f1os, y si me conoc\u00edan en mi juventud como \u2018El Porfiado\u2019, d\u00e9jenme decirles que ahora soy el \u2018requetecontraporfiado\u2019, pues cada d\u00eda sigo estando m\u00e1s enamorado de mis ra\u00edces mapuches, no veo a mi amiga Selfa Antim\u00e1n desde hace 45 a\u00f1os, fui invitado a estar en esta gala y he venido con mucha alegr\u00eda, pues ella se merece todo lo mejor de nosotros\u00bb, coment\u00f3 Choca\u00edr.<\/p>\n<p>Este aventurero de la vida labor\u00f3 junto a Selfa Antim\u00e1n en sus a\u00f1os de juventud en la prestigiosa radioemisora Radio General Marchant de Ays\u00e9n, desde donde promocionaban el folclore en la regi\u00f3n. Choca\u00edr fue conocido por recorrer a caballo en 1980, todo nuestro pa\u00eds. Tiene a su haber, doce CDs y tres DVDs grabados.<\/p>\n<p>Roberto Gonz\u00e1lez Short<\/p>\n<p>rgonzalez@eltrabajo.cl<\/p>\n<div class=\"tiled-gallery type-rectangular tiled-gallery-unresized\" data-original-width=\"640\" data-carousel-extra='null' itemscope itemtype=\"http:\/\/schema.org\/ImageGallery\" > <div class=\"gallery-row\" style=\"width: 640px; height: 317px;\" data-original-width=\"640\" data-original-height=\"317\" > <div class=\"gallery-group images-1\" style=\"width: 432px; height: 317px;\" data-original-width=\"432\" data-original-height=\"317\" > <div class=\"tiled-gallery-item tiled-gallery-item-large\" itemprop=\"associatedMedia\" itemscope itemtype=\"http:\/\/schema.org\/ImageObject\"> <a href=\"https:\/\/eltrabajo.cl\/portal\/libro-renace-el-condor-fue-lanzado-en-san-felipe\/mesa1-6\/\" border=\"0\" itemprop=\"url\"> <meta itemprop=\"width\" content=\"428\"> <meta itemprop=\"height\" content=\"313\"> <img decoding=\"async\" class=\"\" data-attachment-id=\"47079\" data-orig-file=\"https:\/\/eltrabajo.cl\/portal\/wp-content\/uploads\/2014\/06\/Mesa1.jpg\" data-orig-size=\"529,387\" data-comments-opened=\"1\" data-image-meta=\"{&quot;aperture&quot;:&quot;4.5&quot;,&quot;credit&quot;:&quot;&quot;,&quot;camera&quot;:&quot;Canon EOS REBEL T1i&quot;,&quot;caption&quot;:&quot;&quot;,&quot;created_timestamp&quot;:&quot;1401483006&quot;,&quot;copyright&quot;:&quot;&quot;,&quot;focal_length&quot;:&quot;29&quot;,&quot;iso&quot;:&quot;400&quot;,&quot;shutter_speed&quot;:&quot;0.016666666666667&quot;,&quot;title&quot;:&quot;&quot;}\" data-image-title=\"Mesa1\" data-image-description=\"&lt;p&gt;LAS GESTORAS.- Las gestoras del libro en su aspecto t\u00e9cnico y de formato, acompa\u00f1aron a la escritora durante el lanzamiento.&lt;\/p&gt; \" data-medium-file=\"https:\/\/i0.wp.com\/eltrabajo.cl\/portal\/wp-content\/uploads\/2014\/06\/Mesa1.jpg?fit=300%2C219&#038;ssl=1\" data-large-file=\"https:\/\/i0.wp.com\/eltrabajo.cl\/portal\/wp-content\/uploads\/2014\/06\/Mesa1.jpg?fit=529%2C387&#038;ssl=1\" src=\"https:\/\/i0.wp.com\/eltrabajo.cl\/portal\/wp-content\/uploads\/2014\/06\/Mesa1.jpg?w=428&#038;h=313&#038;ssl=1\" srcset=\"https:\/\/i0.wp.com\/eltrabajo.cl\/portal\/wp-content\/uploads\/2014\/06\/Mesa1.jpg?w=529&amp;ssl=1 529w, https:\/\/i0.wp.com\/eltrabajo.cl\/portal\/wp-content\/uploads\/2014\/06\/Mesa1.jpg?resize=200%2C146&amp;ssl=1 200w, https:\/\/i0.wp.com\/eltrabajo.cl\/portal\/wp-content\/uploads\/2014\/06\/Mesa1.jpg?resize=300%2C219&amp;ssl=1 300w, https:\/\/i0.wp.com\/eltrabajo.cl\/portal\/wp-content\/uploads\/2014\/06\/Mesa1.jpg?resize=150%2C109&amp;ssl=1 150w, https:\/\/i0.wp.com\/eltrabajo.cl\/portal\/wp-content\/uploads\/2014\/06\/Mesa1.jpg?resize=400%2C292&amp;ssl=1 400w\" width=\"428\" height=\"313\" loading=\"lazy\" data-original-width=\"428\" data-original-height=\"313\" itemprop=\"http:\/\/schema.org\/image\" title=\"Mesa1\" alt=\"LAS GESTORAS.- Las gestoras del libro en su aspecto t\u00e9cnico y de formato, acompa\u00f1aron a la escritora durante el lanzamiento.\" style=\"width: 428px; height: 313px;\" \/> <\/a> <div class=\"tiled-gallery-caption\" itemprop=\"caption description\"> LAS GESTORAS.- Las gestoras del libro en su aspecto t\u00e9cnico y de formato, acompa\u00f1aron a la escritora durante el lanzamiento. <\/div> <\/div> <\/div> <!-- close group --> <div class=\"gallery-group images-2\" style=\"width: 208px; height: 317px;\" data-original-width=\"208\" data-original-height=\"317\" > <div class=\"tiled-gallery-item tiled-gallery-item-small\" itemprop=\"associatedMedia\" itemscope itemtype=\"http:\/\/schema.org\/ImageObject\"> <a href=\"https:\/\/eltrabajo.cl\/portal\/libro-renace-el-condor-fue-lanzado-en-san-felipe\/alcaldes1\/\" border=\"0\" itemprop=\"url\"> <meta itemprop=\"width\" content=\"204\"> <meta itemprop=\"height\" content=\"156\"> <img decoding=\"async\" class=\"\" data-attachment-id=\"47076\" data-orig-file=\"https:\/\/eltrabajo.cl\/portal\/wp-content\/uploads\/2014\/06\/Alcaldes1.jpg\" data-orig-size=\"528,404\" data-comments-opened=\"1\" data-image-meta=\"{&quot;aperture&quot;:&quot;4&quot;,&quot;credit&quot;:&quot;&quot;,&quot;camera&quot;:&quot;Canon EOS REBEL T1i&quot;,&quot;caption&quot;:&quot;&quot;,&quot;created_timestamp&quot;:&quot;1401480866&quot;,&quot;copyright&quot;:&quot;&quot;,&quot;focal_length&quot;:&quot;24&quot;,&quot;iso&quot;:&quot;400&quot;,&quot;shutter_speed&quot;:&quot;0.016666666666667&quot;,&quot;title&quot;:&quot;&quot;}\" data-image-title=\"Alcaldes1\" data-image-description=\"&lt;p&gt;SU PRIMER LIBRO.- La escritora Selfa Antim\u00e1n present\u00f3 su libro a nuestras c\u00e1maras en compa\u00f1\u00eda de los alcaldes de Santa Mar\u00eda Y Putaendo, Claudio Zurita y Guillermo Reyes.&lt;\/p&gt; \" data-medium-file=\"https:\/\/i0.wp.com\/eltrabajo.cl\/portal\/wp-content\/uploads\/2014\/06\/Alcaldes1.jpg?fit=300%2C229&#038;ssl=1\" data-large-file=\"https:\/\/i0.wp.com\/eltrabajo.cl\/portal\/wp-content\/uploads\/2014\/06\/Alcaldes1.jpg?fit=528%2C404&#038;ssl=1\" src=\"https:\/\/i0.wp.com\/eltrabajo.cl\/portal\/wp-content\/uploads\/2014\/06\/Alcaldes1.jpg?w=204&#038;h=156&#038;ssl=1\" srcset=\"https:\/\/i0.wp.com\/eltrabajo.cl\/portal\/wp-content\/uploads\/2014\/06\/Alcaldes1.jpg?w=528&amp;ssl=1 528w, https:\/\/i0.wp.com\/eltrabajo.cl\/portal\/wp-content\/uploads\/2014\/06\/Alcaldes1.jpg?resize=196%2C150&amp;ssl=1 196w, https:\/\/i0.wp.com\/eltrabajo.cl\/portal\/wp-content\/uploads\/2014\/06\/Alcaldes1.jpg?resize=300%2C229&amp;ssl=1 300w, https:\/\/i0.wp.com\/eltrabajo.cl\/portal\/wp-content\/uploads\/2014\/06\/Alcaldes1.jpg?resize=150%2C114&amp;ssl=1 150w, https:\/\/i0.wp.com\/eltrabajo.cl\/portal\/wp-content\/uploads\/2014\/06\/Alcaldes1.jpg?resize=400%2C306&amp;ssl=1 400w\" width=\"204\" height=\"156\" loading=\"lazy\" data-original-width=\"204\" data-original-height=\"156\" itemprop=\"http:\/\/schema.org\/image\" title=\"Alcaldes1\" alt=\"SU PRIMER LIBRO.- La escritora Selfa Antim\u00e1n present\u00f3 su libro a nuestras c\u00e1maras en compa\u00f1\u00eda de los alcaldes de Santa Mar\u00eda Y Putaendo, Claudio Zurita y Guillermo Reyes.\" style=\"width: 204px; height: 156px;\" \/> <\/a> <div class=\"tiled-gallery-caption\" itemprop=\"caption description\"> SU PRIMER LIBRO.- La escritora Selfa Antim\u00e1n present\u00f3 su libro a nuestras c\u00e1maras en compa\u00f1\u00eda de los alcaldes de Santa Mar\u00eda Y Putaendo, Claudio Zurita y Guillermo Reyes. <\/div> <\/div> <div class=\"tiled-gallery-item tiled-gallery-item-small\" itemprop=\"associatedMedia\" itemscope itemtype=\"http:\/\/schema.org\/ImageObject\"> <a href=\"https:\/\/eltrabajo.cl\/portal\/libro-renace-el-condor-fue-lanzado-en-san-felipe\/publico1-7\/\" border=\"0\" itemprop=\"url\"> <meta itemprop=\"width\" content=\"204\"> <meta itemprop=\"height\" content=\"153\"> <img decoding=\"async\" class=\"\" data-attachment-id=\"47080\" data-orig-file=\"https:\/\/eltrabajo.cl\/portal\/wp-content\/uploads\/2014\/06\/Publico1.jpg\" data-orig-size=\"529,396\" data-comments-opened=\"1\" data-image-meta=\"{&quot;aperture&quot;:&quot;4&quot;,&quot;credit&quot;:&quot;&quot;,&quot;camera&quot;:&quot;Canon EOS REBEL T1i&quot;,&quot;caption&quot;:&quot;&quot;,&quot;created_timestamp&quot;:&quot;1401481385&quot;,&quot;copyright&quot;:&quot;&quot;,&quot;focal_length&quot;:&quot;27&quot;,&quot;iso&quot;:&quot;400&quot;,&quot;shutter_speed&quot;:&quot;0.016666666666667&quot;,&quot;title&quot;:&quot;&quot;}\" data-image-title=\"Publico1\" data-image-description=\"&lt;p&gt;ESCRITORES PRESENTE.- Tambi\u00e9n asistieron al lanzamiento los escritores Rigoberto B\u00f3rquez y Azucena Caballero, les acompa\u00f1an Claudio Zurita y Manuel Z\u00fa\u00f1iga.&lt;\/p&gt; \" data-medium-file=\"https:\/\/i0.wp.com\/eltrabajo.cl\/portal\/wp-content\/uploads\/2014\/06\/Publico1.jpg?fit=300%2C224&#038;ssl=1\" data-large-file=\"https:\/\/i0.wp.com\/eltrabajo.cl\/portal\/wp-content\/uploads\/2014\/06\/Publico1.jpg?fit=529%2C396&#038;ssl=1\" src=\"https:\/\/i0.wp.com\/eltrabajo.cl\/portal\/wp-content\/uploads\/2014\/06\/Publico1.jpg?w=204&#038;h=153&#038;ssl=1\" srcset=\"https:\/\/i0.wp.com\/eltrabajo.cl\/portal\/wp-content\/uploads\/2014\/06\/Publico1.jpg?w=529&amp;ssl=1 529w, https:\/\/i0.wp.com\/eltrabajo.cl\/portal\/wp-content\/uploads\/2014\/06\/Publico1.jpg?resize=200%2C150&amp;ssl=1 200w, https:\/\/i0.wp.com\/eltrabajo.cl\/portal\/wp-content\/uploads\/2014\/06\/Publico1.jpg?resize=300%2C224&amp;ssl=1 300w, https:\/\/i0.wp.com\/eltrabajo.cl\/portal\/wp-content\/uploads\/2014\/06\/Publico1.jpg?resize=150%2C112&amp;ssl=1 150w, https:\/\/i0.wp.com\/eltrabajo.cl\/portal\/wp-content\/uploads\/2014\/06\/Publico1.jpg?resize=400%2C299&amp;ssl=1 400w\" width=\"204\" height=\"153\" loading=\"lazy\" data-original-width=\"204\" data-original-height=\"153\" itemprop=\"http:\/\/schema.org\/image\" title=\"Publico1\" alt=\"ESCRITORES PRESENTE.- Tambi\u00e9n asistieron al lanzamiento los escritores Rigoberto B\u00f3rquez y Azucena Caballero, les acompa\u00f1an Claudio Zurita y Manuel Z\u00fa\u00f1iga.\" style=\"width: 204px; height: 153px;\" \/> <\/a> <div class=\"tiled-gallery-caption\" itemprop=\"caption description\"> ESCRITORES PRESENTE.- Tambi\u00e9n asistieron al lanzamiento los escritores Rigoberto B\u00f3rquez y Azucena Caballero, les acompa\u00f1an Claudio Zurita y Manuel Z\u00fa\u00f1iga. <\/div> <\/div> <\/div> <!-- close group --> <\/div> <!-- close row --> <div class=\"gallery-row\" style=\"width: 640px; height: 439px;\" data-original-width=\"640\" data-original-height=\"439\" > <div class=\"gallery-group images-1\" style=\"width: 640px; height: 439px;\" data-original-width=\"640\" data-original-height=\"439\" > <div class=\"tiled-gallery-item tiled-gallery-item-large\" itemprop=\"associatedMedia\" itemscope itemtype=\"http:\/\/schema.org\/ImageObject\"> <a href=\"https:\/\/eltrabajo.cl\/portal\/libro-renace-el-condor-fue-lanzado-en-san-felipe\/guitarra1-2\/\" border=\"0\" itemprop=\"url\"> <meta itemprop=\"width\" content=\"636\"> <meta itemprop=\"height\" content=\"435\"> <img decoding=\"async\" class=\"\" data-attachment-id=\"47078\" data-orig-file=\"https:\/\/eltrabajo.cl\/portal\/wp-content\/uploads\/2014\/06\/Guitarra1.jpg\" data-orig-size=\"529,362\" data-comments-opened=\"1\" data-image-meta=\"{&quot;aperture&quot;:&quot;4&quot;,&quot;credit&quot;:&quot;&quot;,&quot;camera&quot;:&quot;Canon EOS REBEL T1i&quot;,&quot;caption&quot;:&quot;&quot;,&quot;created_timestamp&quot;:&quot;1401484401&quot;,&quot;copyright&quot;:&quot;&quot;,&quot;focal_length&quot;:&quot;28&quot;,&quot;iso&quot;:&quot;400&quot;,&quot;shutter_speed&quot;:&quot;0.016666666666667&quot;,&quot;title&quot;:&quot;&quot;}\" data-image-title=\"Guitarra1\" data-image-description=\"&lt;p&gt;PORFIADO REGAL\u00d3N.- Alejandro Choca\u00edr hizo de las suyas en el escenario y se ech\u00f3 al bolsillo al p\u00fablico presente.&lt;\/p&gt; \" data-medium-file=\"https:\/\/i0.wp.com\/eltrabajo.cl\/portal\/wp-content\/uploads\/2014\/06\/Guitarra1.jpg?fit=300%2C205&#038;ssl=1\" data-large-file=\"https:\/\/i0.wp.com\/eltrabajo.cl\/portal\/wp-content\/uploads\/2014\/06\/Guitarra1.jpg?fit=529%2C362&#038;ssl=1\" src=\"https:\/\/i0.wp.com\/eltrabajo.cl\/portal\/wp-content\/uploads\/2014\/06\/Guitarra1.jpg?w=636&#038;h=435&#038;ssl=1\" srcset=\"https:\/\/i0.wp.com\/eltrabajo.cl\/portal\/wp-content\/uploads\/2014\/06\/Guitarra1.jpg?w=529&amp;ssl=1 529w, https:\/\/i0.wp.com\/eltrabajo.cl\/portal\/wp-content\/uploads\/2014\/06\/Guitarra1.jpg?resize=200%2C136&amp;ssl=1 200w, https:\/\/i0.wp.com\/eltrabajo.cl\/portal\/wp-content\/uploads\/2014\/06\/Guitarra1.jpg?resize=300%2C205&amp;ssl=1 300w, https:\/\/i0.wp.com\/eltrabajo.cl\/portal\/wp-content\/uploads\/2014\/06\/Guitarra1.jpg?resize=150%2C102&amp;ssl=1 150w, https:\/\/i0.wp.com\/eltrabajo.cl\/portal\/wp-content\/uploads\/2014\/06\/Guitarra1.jpg?resize=400%2C273&amp;ssl=1 400w\" width=\"636\" height=\"435\" loading=\"lazy\" data-original-width=\"636\" data-original-height=\"435\" itemprop=\"http:\/\/schema.org\/image\" title=\"Guitarra1\" alt=\"PORFIADO REGAL\u00d3N.- Alejandro Choca\u00edr hizo de las suyas en el escenario y se ech\u00f3 al bolsillo al p\u00fablico presente.\" style=\"width: 636px; height: 435px;\" \/> <\/a> <div class=\"tiled-gallery-caption\" itemprop=\"caption description\"> PORFIADO REGAL\u00d3N.- Alejandro Choca\u00edr hizo de las suyas en el escenario y se ech\u00f3 al bolsillo al p\u00fablico presente. <\/div> <\/div> <\/div> <!-- close group --> <\/div> <!-- close row --> <\/div>\n","protected":false},"excerpt":{"rendered":"<p>Fue hasta que pasaron 71 a\u00f1os de su nacimiento, que naci\u00f3 su libro, el primero y en el que ella comparte la historia completa de su vida con las personas que quieran&#8230;<\/p>\n","protected":false},"author":482,"featured_media":47075,"comment_status":"open","ping_status":"closed","sticky":false,"template":"","format":"standard","meta":{"advanced_seo_description":"","jetpack_seo_html_title":"","jetpack_seo_noindex":false,"_jetpack_memberships_contains_paid_content":false,"footnotes":""},"categories":[15],"tags":[],"class_list":["post-47074","post","type-post","status-publish","format-standard","has-post-thumbnail","hentry","category-comunidad"],"jetpack_featured_media_url":"https:\/\/i0.wp.com\/eltrabajo.cl\/portal\/wp-content\/uploads\/2014\/06\/Libro1.jpg?fit=529%2C740&ssl=1","jetpack_sharing_enabled":true,"jetpack_likes_enabled":true,"jetpack-related-posts":[],"_links":{"self":[{"href":"https:\/\/eltrabajo.cl\/portal\/wp-json\/wp\/v2\/posts\/47074","targetHints":{"allow":["GET"]}}],"collection":[{"href":"https:\/\/eltrabajo.cl\/portal\/wp-json\/wp\/v2\/posts"}],"about":[{"href":"https:\/\/eltrabajo.cl\/portal\/wp-json\/wp\/v2\/types\/post"}],"author":[{"embeddable":true,"href":"https:\/\/eltrabajo.cl\/portal\/wp-json\/wp\/v2\/users\/482"}],"replies":[{"embeddable":true,"href":"https:\/\/eltrabajo.cl\/portal\/wp-json\/wp\/v2\/comments?post=47074"}],"version-history":[{"count":0,"href":"https:\/\/eltrabajo.cl\/portal\/wp-json\/wp\/v2\/posts\/47074\/revisions"}],"wp:featuredmedia":[{"embeddable":true,"href":"https:\/\/eltrabajo.cl\/portal\/wp-json\/wp\/v2\/media\/47075"}],"wp:attachment":[{"href":"https:\/\/eltrabajo.cl\/portal\/wp-json\/wp\/v2\/media?parent=47074"}],"wp:term":[{"taxonomy":"category","embeddable":true,"href":"https:\/\/eltrabajo.cl\/portal\/wp-json\/wp\/v2\/categories?post=47074"},{"taxonomy":"post_tag","embeddable":true,"href":"https:\/\/eltrabajo.cl\/portal\/wp-json\/wp\/v2\/tags?post=47074"}],"curies":[{"name":"wp","href":"https:\/\/api.w.org\/{rel}","templated":true}]}}