{"id":47089,"date":"2014-06-02T09:46:18","date_gmt":"2014-06-02T13:46:18","guid":{"rendered":"http:\/\/www.eltrabajo.cl\/portal\/?p=47089"},"modified":"2014-06-02T09:46:18","modified_gmt":"2014-06-02T13:46:18","slug":"corrida-del-liceo-roberto-humeres-reunio-a-deportistas-de-todas-las-edades","status":"publish","type":"post","link":"https:\/\/eltrabajo.cl\/portal\/corrida-del-liceo-roberto-humeres-reunio-a-deportistas-de-todas-las-edades\/","title":{"rendered":"Corrida del Liceo Roberto Humeres reuni\u00f3 a deportistas de todas las edades"},"content":{"rendered":"<figure id=\"attachment_47090\" aria-describedby=\"caption-attachment-47090\" style=\"width: 529px\" class=\"wp-caption alignnone\"><a href=\"https:\/\/i0.wp.com\/www.eltrabajo.cl\/portal\/wp-content\/uploads\/2014\/06\/Salida1.jpg\"><img data-recalc-dims=\"1\" loading=\"lazy\" decoding=\"async\" class=\"size-full wp-image-47090\" alt=\"Minutos despu\u00e9s de las once de la ma\u00f1ana los deportistas que recorrieron el circuito de 5K y 8K comenzaban la carrera.\" src=\"https:\/\/i0.wp.com\/www.eltrabajo.cl\/portal\/wp-content\/uploads\/2014\/06\/Salida1.jpg?resize=529%2C377\" width=\"529\" height=\"377\" srcset=\"https:\/\/i0.wp.com\/eltrabajo.cl\/portal\/wp-content\/uploads\/2014\/06\/Salida1.jpg?w=529&amp;ssl=1 529w, https:\/\/i0.wp.com\/eltrabajo.cl\/portal\/wp-content\/uploads\/2014\/06\/Salida1.jpg?resize=200%2C142&amp;ssl=1 200w, https:\/\/i0.wp.com\/eltrabajo.cl\/portal\/wp-content\/uploads\/2014\/06\/Salida1.jpg?resize=300%2C213&amp;ssl=1 300w, https:\/\/i0.wp.com\/eltrabajo.cl\/portal\/wp-content\/uploads\/2014\/06\/Salida1.jpg?resize=150%2C106&amp;ssl=1 150w, https:\/\/i0.wp.com\/eltrabajo.cl\/portal\/wp-content\/uploads\/2014\/06\/Salida1.jpg?resize=400%2C285&amp;ssl=1 400w\" sizes=\"auto, (max-width: 529px) 100vw, 529px\" \/><\/a><figcaption id=\"caption-attachment-47090\" class=\"wp-caption-text\">Minutos despu\u00e9s de las once de la ma\u00f1ana los deportistas que recorrieron el circuito de 5K y 8K comenzaban la carrera.<\/figcaption><\/figure>\n<p>Las calles de San Felipe se llenaron este domingo de deportistas, que participaron en la corrida del Liceo Roberto Humeres, instituci\u00f3n que esta semana comienza a celebrar su aniversario 176. Desde temprano los participantes comenzaron a llegar hasta el sector c\u00e9ntrico de la comuna, incluso fue posible ver a familias completas participar en la actividad, que se inici\u00f3 con un calentamiento previo de zumba, que realiz\u00f3 el Instructor Pablo Osorio.<\/p>\n<p>Minutos despu\u00e9s de las once de la ma\u00f1ana los deportistas que recorrieron el circuito de 5K y 8K comenzaban la carrera, mientras los participantes de los 3K esperaron algunos minutos para tambi\u00e9n comenzar el recorrido, que los llev\u00f3 por Calle Salinas, O\u00b4Higgins, Yungay, Chacabuco y Salinas, para llegar a la meta. Entre los participantes de los 3K estuvo el Alcalde Patricio Freire, quien luego de realizar el recorrido, destac\u00f3 la realizaci\u00f3n de este tipo de actividades, como parte de las actividades del Liceo Roberto Humeres, donde se hizo presente la familia sanfelipe\u00f1a.<\/p>\n<p>\u201cLa familia sanfelipe\u00f1a se dio cita en la Plaza de Armas para participar en esta corrida, que celebraba el aniversario del Liceo Roberto Humeres. Estamos muy contentos de la convocatoria que tuvimos este d\u00eda domingo, fue muy masiva. Con este tipo de actividades nos estamos tomando los espacios p\u00fablicos desde hace mucho tiempo porque para nosotros el deporte juega un rol fundamental por eso estamos haciendo una ciudad participativa para todos los vecinos, con el enfoque de vida saludable\u201d, dijo el jefe comunal.<\/p>\n<p>En la actividad participaron m\u00e1s de 100 corredores, en las distintas categor\u00edas, quienes se sumaron a esta actividad que da inicio a las actividades de aniversario del liceo.<\/p>\n<p>\u201cSon 176 a\u00f1os de historia, y esto nos permite identificarnos con un establecimiento que est\u00e1 en pleno centro de la comuna y el objetivo de cumpli\u00f3, tuvimos corredores desde los seis hasta 70 a\u00f1os y para nosotros es un logro, fue la familia que particip\u00f3 en la actividad, madres con sus hijos, eso es muy motivador y es darse cuenta que el deporte y la educaci\u00f3n se pueden unir en una sola actividad y as\u00ed dar inicio a una celebraci\u00f3n como esta de una manera distinta\u201d, dijo Romina Fumey, directora del establecimiento.<\/p>\n<p>Los corredores participaron muy motivados en la corrida y destacaron la realizaci\u00f3n de este tipo de actividades. \u201cEsto est\u00e1 s\u00faper bien, nos permite traer a nuestros hijos a hacer deporte. Mi hija es muy deportista y le gusta andar en todos los deportes, tiene 5 a\u00f1os y corre y por eso vinimos y de hecho participamos en todas las corridas que se realizan en San Felipe\u201d, dijo Carolina Brito.<\/p>\n<p>\u201cEsta es una tremenda iniciativa, la idea es inculcarle a nuestros hijos la vida sana, y pasarla bien, esa es la idea. Creo que hace falta volver a repetir estas actividades, en familia, ojal\u00e1 se realizaran m\u00e1s corridas masivas y que contaran con el apoyo de la empresa privada, el apoyo municipal est\u00e1 llegando pero la empresa privada que est\u00e1 presente en la comuna debe ponerse, los supermercados, las empresas de transporte, las automotoras, debieran ponerse, para que estos ni\u00f1os que participan en las actividades deportivas lleguen a ser grandes deportistas\u201d, sostuvo Leonardo Badilla.<\/p>\n<div class=\"tiled-gallery type-rectangular tiled-gallery-unresized\" data-original-width=\"640\" data-carousel-extra='null' itemscope itemtype=\"http:\/\/schema.org\/ImageGallery\" > <div class=\"gallery-row\" style=\"width: 640px; height: 336px;\" data-original-width=\"640\" data-original-height=\"336\" > <div class=\"gallery-group images-1\" style=\"width: 354px; height: 336px;\" data-original-width=\"354\" data-original-height=\"336\" > <div class=\"tiled-gallery-item tiled-gallery-item-large\" itemprop=\"associatedMedia\" itemscope itemtype=\"http:\/\/schema.org\/ImageObject\"> <a href=\"https:\/\/eltrabajo.cl\/portal\/corrida-del-liceo-roberto-humeres-reunio-a-deportistas-de-todas-las-edades\/corrida-3\/\" border=\"0\" itemprop=\"url\"> <meta itemprop=\"width\" content=\"350\"> <meta itemprop=\"height\" content=\"332\"> <img decoding=\"async\" class=\"\" data-attachment-id=\"47091\" data-orig-file=\"https:\/\/eltrabajo.cl\/portal\/wp-content\/uploads\/2014\/06\/corrida-3.jpg\" data-orig-size=\"529,501\" data-comments-opened=\"1\" data-image-meta=\"{&quot;aperture&quot;:&quot;5.3&quot;,&quot;credit&quot;:&quot;&quot;,&quot;camera&quot;:&quot;NIKON D3000&quot;,&quot;caption&quot;:&quot;&quot;,&quot;created_timestamp&quot;:&quot;1401629335&quot;,&quot;copyright&quot;:&quot;&quot;,&quot;focal_length&quot;:&quot;40&quot;,&quot;iso&quot;:&quot;100&quot;,&quot;shutter_speed&quot;:&quot;0.00625&quot;,&quot;title&quot;:&quot;&quot;}\" data-image-title=\"corrida (3)\" data-image-description=\"&lt;p&gt;ALCALDE DEPORTISTA.- La familia sanfelipe\u00f1a se dio cita en la Plaza de Armas para participar en esta corrida, que celebraba el aniversario del Liceo Roberto Humeres.&lt;\/p&gt; \" data-medium-file=\"https:\/\/i0.wp.com\/eltrabajo.cl\/portal\/wp-content\/uploads\/2014\/06\/corrida-3.jpg?fit=300%2C284&#038;ssl=1\" data-large-file=\"https:\/\/i0.wp.com\/eltrabajo.cl\/portal\/wp-content\/uploads\/2014\/06\/corrida-3.jpg?fit=529%2C501&#038;ssl=1\" src=\"https:\/\/i0.wp.com\/eltrabajo.cl\/portal\/wp-content\/uploads\/2014\/06\/corrida-3.jpg?w=350&#038;h=332&#038;ssl=1\" srcset=\"https:\/\/i0.wp.com\/eltrabajo.cl\/portal\/wp-content\/uploads\/2014\/06\/corrida-3.jpg?w=529&amp;ssl=1 529w, https:\/\/i0.wp.com\/eltrabajo.cl\/portal\/wp-content\/uploads\/2014\/06\/corrida-3.jpg?resize=158%2C150&amp;ssl=1 158w, https:\/\/i0.wp.com\/eltrabajo.cl\/portal\/wp-content\/uploads\/2014\/06\/corrida-3.jpg?resize=300%2C284&amp;ssl=1 300w, https:\/\/i0.wp.com\/eltrabajo.cl\/portal\/wp-content\/uploads\/2014\/06\/corrida-3.jpg?resize=150%2C142&amp;ssl=1 150w, https:\/\/i0.wp.com\/eltrabajo.cl\/portal\/wp-content\/uploads\/2014\/06\/corrida-3.jpg?resize=400%2C378&amp;ssl=1 400w\" width=\"350\" height=\"332\" loading=\"lazy\" data-original-width=\"350\" data-original-height=\"332\" itemprop=\"http:\/\/schema.org\/image\" title=\"corrida (3)\" alt=\"ALCALDE DEPORTISTA.- La familia sanfelipe\u00f1a se dio cita en la Plaza de Armas para participar en esta corrida, que celebraba el aniversario del Liceo Roberto Humeres.\" style=\"width: 350px; height: 332px;\" \/> <\/a> <div class=\"tiled-gallery-caption\" itemprop=\"caption description\"> ALCALDE DEPORTISTA.- La familia sanfelipe\u00f1a se dio cita en la Plaza de Armas para participar en esta corrida, que celebraba el aniversario del Liceo Roberto Humeres. <\/div> <\/div> <\/div> <!-- close group --> <div class=\"gallery-group images-1\" style=\"width: 286px; height: 336px;\" data-original-width=\"286\" data-original-height=\"336\" > <div class=\"tiled-gallery-item tiled-gallery-item-large\" itemprop=\"associatedMedia\" itemscope itemtype=\"http:\/\/schema.org\/ImageObject\"> <a href=\"https:\/\/eltrabajo.cl\/portal\/corrida-del-liceo-roberto-humeres-reunio-a-deportistas-de-todas-las-edades\/corrida2\/\" border=\"0\" itemprop=\"url\"> <meta itemprop=\"width\" content=\"282\"> <meta itemprop=\"height\" content=\"332\"> <img decoding=\"async\" class=\"\" data-attachment-id=\"47092\" data-orig-file=\"https:\/\/eltrabajo.cl\/portal\/wp-content\/uploads\/2014\/06\/Corrida2.jpg\" data-orig-size=\"529,622\" data-comments-opened=\"1\" data-image-meta=\"{&quot;aperture&quot;:&quot;7.1&quot;,&quot;credit&quot;:&quot;&quot;,&quot;camera&quot;:&quot;NIKON D3000&quot;,&quot;caption&quot;:&quot;&quot;,&quot;created_timestamp&quot;:&quot;1401625536&quot;,&quot;copyright&quot;:&quot;&quot;,&quot;focal_length&quot;:&quot;32&quot;,&quot;iso&quot;:&quot;100&quot;,&quot;shutter_speed&quot;:&quot;0.005&quot;,&quot;title&quot;:&quot;&quot;}\" data-image-title=\"Corrida2\" data-image-description=\"&lt;p&gt;PEQUES Y GRANDES.- El objetivo de cumpli\u00f3, pues hubo corredores desde los seis hasta 70 a\u00f1os.&lt;\/p&gt; \" data-medium-file=\"https:\/\/i0.wp.com\/eltrabajo.cl\/portal\/wp-content\/uploads\/2014\/06\/Corrida2.jpg?fit=255%2C300&#038;ssl=1\" data-large-file=\"https:\/\/i0.wp.com\/eltrabajo.cl\/portal\/wp-content\/uploads\/2014\/06\/Corrida2.jpg?fit=529%2C622&#038;ssl=1\" src=\"https:\/\/i0.wp.com\/eltrabajo.cl\/portal\/wp-content\/uploads\/2014\/06\/Corrida2.jpg?w=282&#038;h=332&#038;ssl=1\" srcset=\"https:\/\/i0.wp.com\/eltrabajo.cl\/portal\/wp-content\/uploads\/2014\/06\/Corrida2.jpg?w=529&amp;ssl=1 529w, https:\/\/i0.wp.com\/eltrabajo.cl\/portal\/wp-content\/uploads\/2014\/06\/Corrida2.jpg?resize=127%2C150&amp;ssl=1 127w, https:\/\/i0.wp.com\/eltrabajo.cl\/portal\/wp-content\/uploads\/2014\/06\/Corrida2.jpg?resize=255%2C300&amp;ssl=1 255w, https:\/\/i0.wp.com\/eltrabajo.cl\/portal\/wp-content\/uploads\/2014\/06\/Corrida2.jpg?resize=400%2C470&amp;ssl=1 400w\" width=\"282\" height=\"332\" loading=\"lazy\" data-original-width=\"282\" data-original-height=\"332\" itemprop=\"http:\/\/schema.org\/image\" title=\"Corrida2\" alt=\"PEQUES Y GRANDES.- El objetivo de cumpli\u00f3, pues hubo corredores desde los seis hasta 70 a\u00f1os.\" style=\"width: 282px; height: 332px;\" \/> <\/a> <div class=\"tiled-gallery-caption\" itemprop=\"caption description\"> PEQUES Y GRANDES.- El objetivo de cumpli\u00f3, pues hubo corredores desde los seis hasta 70 a\u00f1os. <\/div> <\/div> <\/div> <!-- close group --> <\/div> <!-- close row --> <\/div>\n","protected":false},"excerpt":{"rendered":"<p>Las calles de San Felipe se llenaron este domingo de deportistas, que participaron en la corrida del Liceo Roberto Humeres, instituci\u00f3n que esta semana comienza a celebrar su aniversario 176. Desde temprano&#8230;<\/p>\n","protected":false},"author":482,"featured_media":47090,"comment_status":"open","ping_status":"closed","sticky":false,"template":"","format":"standard","meta":{"advanced_seo_description":"","jetpack_seo_html_title":"","jetpack_seo_noindex":false,"_jetpack_memberships_contains_paid_content":false,"footnotes":""},"categories":[15],"tags":[],"class_list":["post-47089","post","type-post","status-publish","format-standard","has-post-thumbnail","hentry","category-comunidad"],"jetpack_featured_media_url":"https:\/\/i0.wp.com\/eltrabajo.cl\/portal\/wp-content\/uploads\/2014\/06\/Salida1.jpg?fit=529%2C377&ssl=1","jetpack_sharing_enabled":true,"jetpack_likes_enabled":true,"jetpack-related-posts":[],"_links":{"self":[{"href":"https:\/\/eltrabajo.cl\/portal\/wp-json\/wp\/v2\/posts\/47089","targetHints":{"allow":["GET"]}}],"collection":[{"href":"https:\/\/eltrabajo.cl\/portal\/wp-json\/wp\/v2\/posts"}],"about":[{"href":"https:\/\/eltrabajo.cl\/portal\/wp-json\/wp\/v2\/types\/post"}],"author":[{"embeddable":true,"href":"https:\/\/eltrabajo.cl\/portal\/wp-json\/wp\/v2\/users\/482"}],"replies":[{"embeddable":true,"href":"https:\/\/eltrabajo.cl\/portal\/wp-json\/wp\/v2\/comments?post=47089"}],"version-history":[{"count":0,"href":"https:\/\/eltrabajo.cl\/portal\/wp-json\/wp\/v2\/posts\/47089\/revisions"}],"wp:featuredmedia":[{"embeddable":true,"href":"https:\/\/eltrabajo.cl\/portal\/wp-json\/wp\/v2\/media\/47090"}],"wp:attachment":[{"href":"https:\/\/eltrabajo.cl\/portal\/wp-json\/wp\/v2\/media?parent=47089"}],"wp:term":[{"taxonomy":"category","embeddable":true,"href":"https:\/\/eltrabajo.cl\/portal\/wp-json\/wp\/v2\/categories?post=47089"},{"taxonomy":"post_tag","embeddable":true,"href":"https:\/\/eltrabajo.cl\/portal\/wp-json\/wp\/v2\/tags?post=47089"}],"curies":[{"name":"wp","href":"https:\/\/api.w.org\/{rel}","templated":true}]}}