{"id":47113,"date":"2014-06-02T09:49:47","date_gmt":"2014-06-02T13:49:47","guid":{"rendered":"http:\/\/www.eltrabajo.cl\/portal\/?p=47113"},"modified":"2014-06-02T10:26:19","modified_gmt":"2014-06-02T14:26:19","slug":"esperan-que-reforma-de-educacion-debiera-ser-debatida-a-nivel-comunal","status":"publish","type":"post","link":"https:\/\/eltrabajo.cl\/portal\/esperan-que-reforma-de-educacion-debiera-ser-debatida-a-nivel-comunal\/","title":{"rendered":"Esperan que reforma de educaci\u00f3n debiera ser debatida a nivel comunal"},"content":{"rendered":"<figure id=\"attachment_47114\" aria-describedby=\"caption-attachment-47114\" style=\"width: 529px\" class=\"wp-caption alignnone\"><a href=\"https:\/\/i0.wp.com\/www.eltrabajo.cl\/portal\/wp-content\/uploads\/2014\/06\/Reunion1.jpg\"><img data-recalc-dims=\"1\" loading=\"lazy\" decoding=\"async\" class=\"size-full wp-image-47114\" alt=\"El edil particip\u00f3 de una exposici\u00f3n realizada en San Felipe, por parte del Subsecretario de Gobierno Rodolfo Bayer.   \" src=\"https:\/\/i0.wp.com\/www.eltrabajo.cl\/portal\/wp-content\/uploads\/2014\/06\/Reunion1.jpg?resize=529%2C401\" width=\"529\" height=\"401\" srcset=\"https:\/\/i0.wp.com\/eltrabajo.cl\/portal\/wp-content\/uploads\/2014\/06\/Reunion1.jpg?w=529&amp;ssl=1 529w, https:\/\/i0.wp.com\/eltrabajo.cl\/portal\/wp-content\/uploads\/2014\/06\/Reunion1.jpg?resize=197%2C150&amp;ssl=1 197w, https:\/\/i0.wp.com\/eltrabajo.cl\/portal\/wp-content\/uploads\/2014\/06\/Reunion1.jpg?resize=300%2C227&amp;ssl=1 300w, https:\/\/i0.wp.com\/eltrabajo.cl\/portal\/wp-content\/uploads\/2014\/06\/Reunion1.jpg?resize=150%2C113&amp;ssl=1 150w, https:\/\/i0.wp.com\/eltrabajo.cl\/portal\/wp-content\/uploads\/2014\/06\/Reunion1.jpg?resize=400%2C303&amp;ssl=1 400w\" sizes=\"auto, (max-width: 529px) 100vw, 529px\" \/><\/a><figcaption id=\"caption-attachment-47114\" class=\"wp-caption-text\">El edil particip\u00f3 de una exposici\u00f3n realizada en San Felipe, por parte del Subsecretario de Gobierno Rodolfo Bayer.<\/figcaption><\/figure>\n<p>\u201cLa llamada reforma educacional, que pasa por aplicar una reforma al sistema tributario para as\u00ed generar su financiamiento, debe ser debatido con la comunidad en su todo, no basta que solo sean escuchados las comunidades educativas o acad\u00e9micas, pues es un tema que abarca y beneficia a todos\u201d, as\u00ed lo manifest\u00f3 el alcalde de Panquehue, Luis Pradenas, al participar de una exposici\u00f3n realizada en San Felipe, por parte del Subsecretario de Gobierno Rodolfo Bayer.<\/p>\n<p>Tras el anuncio hecho por el gobierno, en torno a generar un debate para avanzar en una reforma de la educaci\u00f3n, y que permite igualdad y gratuidad en una ense\u00f1anza p\u00fablica igualitaria, Ministros y Subsecretarios han estado recorriendo el pa\u00eds, con el fin de socializar el anuncio, para luego generar un proyecto que considere las observaciones y ser enviado al Congreso Nacional.<\/p>\n<p>En la presentaci\u00f3n realizada en el sal\u00f3n de honor de la municipalidad de San Felipe, junto al Subsecretario de Gobierno, estuvieron los alcaldes, Luis Pradenas de Panquehue; Guillermo Reyes de Putaendo; Patricio Freire de San Felipe; el Diputado Marcos N\u00fa\u00f1ez; el Gobernador Eduardo Le\u00f3n; la Seremi de Gobierno y algunos representantes de juntas de vecinos de la comuna.<\/p>\n<p>En su exposici\u00f3n, el Subsecretario Bayer explic\u00f3 los alcances de esta reforma, las posturas sobre el cambio de dependencia de los colegios particulares subvencionados y la desmunicipalizaci\u00f3n de escuelas p\u00fablicas.<\/p>\n<p>\u201cRealmente es importante establecer este tipo de di\u00e1logos, que la autoridad del gobierno central llegue hasta las Intendencias y Gobernaciones, y es una antesala de una jornada masiva que se est\u00e1 haciendo en el resto del pa\u00eds, en los llamados Gobierno en Terreno, con el fin de debatir con la comunidad sobre los anuncios en la reforma educacional.<\/p>\n<p>Los interesa que los dirigentes sociales y los alcaldes sepan que la reforma pasa por un di\u00e1logo ciudadano y creemos que esto es clave para lo que viene en el desarrollo del pa\u00eds, por lo tanto, creo que ha sido muy efectivo poder escuchar la visi\u00f3n de los alcaldes y por sobre todo lo expuesto por el alcalde de Panquehue, quien manifest\u00f3 los logros alcanzados en la administraci\u00f3n de la educaci\u00f3n en su comuna\u201d.<\/p>\n<p>Por su parte el Gobernador de San Felipe, Eduardo Le\u00f3n, indic\u00f3 que este tipo de jornada se mantendr\u00e1 con el fin de poder llegar hacia los sectores de opini\u00f3n.<\/p>\n<p>\u201cNosotros estamos dispuestos en hacer todo tipo de actividades, que est\u00e9n vinculadas con debatir estos proyectos, por lo tanto, mientras exista inter\u00e9s de parte de la comunidad, vamos a debatir, plantear y discutir. Por lo tanto en la Gobernaci\u00f3n hay un compromiso de iniciar debates, para lograr una discusi\u00f3n provincial de las reformas que se est\u00e1n haciendo\u201d.<\/p>\n<p>En tanto el Alcalde Luis Pradenas, tras escuchas la exposici\u00f3n del Subsecretario Rodolfo Bayer, explic\u00f3 que tras los anuncios que se han hecho es muy importante junto con el debate, escuchar la postura de las comunidades, a trav\u00e9s de las juntas de vecinos pues en un tema de estas caracter\u00edsticas es muy importante la opini\u00f3n de ellos, siendo este un tema que abarca m\u00e1s all\u00e1 de los acad\u00e9micos.<\/p>\n<p>\u201cCreo que volver la educaci\u00f3n p\u00fablica al estado es un gran error y para mi es un retroceso, pues la soluci\u00f3n pasa en que nos deben dar como municipio los recursos que necesitamos para que la educaci\u00f3n p\u00fablica, sea de calidad y con equidad.<\/p>\n<p>Nosotros en la comuna de Panquehue estamos participado con la intervenci\u00f3n de la comunidad, yo siempre he dicho, que la calidad y equidad de la educaci\u00f3n se lleva a cabo con la voluntad real de la autoridad, con capacitaci\u00f3n y profesionalismo de los profesores, con la motivaci\u00f3n de los alumnos y la intervenci\u00f3n de los padres y apoderados en la educaci\u00f3n\u201d. La jornada que resalt\u00f3 un tema muy importante para el desarrollo de este proyecto, lamentablemente no tuvo el marco de asistencia esperado.<\/p>\n<p>&nbsp;<\/p>\n","protected":false},"excerpt":{"rendered":"<p>\u201cLa llamada reforma educacional, que pasa por aplicar una reforma al sistema tributario para as\u00ed generar su financiamiento, debe ser debatido con la comunidad en su todo, no basta que solo sean&#8230;<\/p>\n","protected":false},"author":482,"featured_media":47114,"comment_status":"open","ping_status":"closed","sticky":false,"template":"","format":"standard","meta":{"advanced_seo_description":"","jetpack_seo_html_title":"","jetpack_seo_noindex":false,"_jetpack_memberships_contains_paid_content":false,"footnotes":""},"categories":[1],"tags":[],"class_list":["post-47113","post","type-post","status-publish","format-standard","has-post-thumbnail","hentry","category-cronica"],"jetpack_featured_media_url":"https:\/\/i0.wp.com\/eltrabajo.cl\/portal\/wp-content\/uploads\/2014\/06\/Reunion1.jpg?fit=529%2C401&ssl=1","jetpack_sharing_enabled":true,"jetpack_likes_enabled":true,"jetpack-related-posts":[],"_links":{"self":[{"href":"https:\/\/eltrabajo.cl\/portal\/wp-json\/wp\/v2\/posts\/47113","targetHints":{"allow":["GET"]}}],"collection":[{"href":"https:\/\/eltrabajo.cl\/portal\/wp-json\/wp\/v2\/posts"}],"about":[{"href":"https:\/\/eltrabajo.cl\/portal\/wp-json\/wp\/v2\/types\/post"}],"author":[{"embeddable":true,"href":"https:\/\/eltrabajo.cl\/portal\/wp-json\/wp\/v2\/users\/482"}],"replies":[{"embeddable":true,"href":"https:\/\/eltrabajo.cl\/portal\/wp-json\/wp\/v2\/comments?post=47113"}],"version-history":[{"count":0,"href":"https:\/\/eltrabajo.cl\/portal\/wp-json\/wp\/v2\/posts\/47113\/revisions"}],"wp:featuredmedia":[{"embeddable":true,"href":"https:\/\/eltrabajo.cl\/portal\/wp-json\/wp\/v2\/media\/47114"}],"wp:attachment":[{"href":"https:\/\/eltrabajo.cl\/portal\/wp-json\/wp\/v2\/media?parent=47113"}],"wp:term":[{"taxonomy":"category","embeddable":true,"href":"https:\/\/eltrabajo.cl\/portal\/wp-json\/wp\/v2\/categories?post=47113"},{"taxonomy":"post_tag","embeddable":true,"href":"https:\/\/eltrabajo.cl\/portal\/wp-json\/wp\/v2\/tags?post=47113"}],"curies":[{"name":"wp","href":"https:\/\/api.w.org\/{rel}","templated":true}]}}