{"id":47137,"date":"2014-06-03T09:21:23","date_gmt":"2014-06-03T13:21:23","guid":{"rendered":"http:\/\/www.eltrabajo.cl\/portal\/?p=47137"},"modified":"2014-06-03T09:21:23","modified_gmt":"2014-06-03T13:21:23","slug":"abuelos-ratifican-su-amor-tras-69-anos-de-estar-casados","status":"publish","type":"post","link":"https:\/\/eltrabajo.cl\/portal\/abuelos-ratifican-su-amor-tras-69-anos-de-estar-casados\/","title":{"rendered":"Abuelos ratifican su amor tras 69 a\u00f1os de estar casados"},"content":{"rendered":"<figure id=\"attachment_47138\" aria-describedby=\"caption-attachment-47138\" style=\"width: 528px\" class=\"wp-caption alignnone\"><a href=\"https:\/\/i0.wp.com\/www.eltrabajo.cl\/portal\/wp-content\/uploads\/2014\/06\/Abuelos2.jpg\"><img data-recalc-dims=\"1\" loading=\"lazy\" decoding=\"async\" class=\"size-full wp-image-47138\" alt=\"F\u00c9RTIL UNI\u00d3N.- De este matrimonio nacieron trece hijos; tres de los cuales hoy est\u00e1n fallecidos, se contabilizan m\u00e1s de 100 nietos; 30 bisnietos y un tataranieto.\" src=\"https:\/\/i0.wp.com\/www.eltrabajo.cl\/portal\/wp-content\/uploads\/2014\/06\/Abuelos2.jpg?resize=528%2C274\" width=\"528\" height=\"274\" srcset=\"https:\/\/i0.wp.com\/eltrabajo.cl\/portal\/wp-content\/uploads\/2014\/06\/Abuelos2.jpg?w=528&amp;ssl=1 528w, https:\/\/i0.wp.com\/eltrabajo.cl\/portal\/wp-content\/uploads\/2014\/06\/Abuelos2.jpg?resize=200%2C103&amp;ssl=1 200w, https:\/\/i0.wp.com\/eltrabajo.cl\/portal\/wp-content\/uploads\/2014\/06\/Abuelos2.jpg?resize=300%2C155&amp;ssl=1 300w, https:\/\/i0.wp.com\/eltrabajo.cl\/portal\/wp-content\/uploads\/2014\/06\/Abuelos2.jpg?resize=150%2C77&amp;ssl=1 150w, https:\/\/i0.wp.com\/eltrabajo.cl\/portal\/wp-content\/uploads\/2014\/06\/Abuelos2.jpg?resize=400%2C207&amp;ssl=1 400w\" sizes=\"auto, (max-width: 528px) 100vw, 528px\" \/><\/a><figcaption id=\"caption-attachment-47138\" class=\"wp-caption-text\">F\u00c9RTIL UNI\u00d3N.- De este matrimonio nacieron trece hijos; tres de los cuales hoy est\u00e1n fallecidos, se contabilizan m\u00e1s de 100 nietos; 30 bisnietos y un tataranieto.<\/figcaption><\/figure>\n<p><strong>PUTAENDO.-<\/strong> En una historia de amor dif\u00edcil de encontrar, un conocido matrimonio del sector El T\u00e1rtaro volvi\u00f3 a casarse delante de sus hijos y nietos, despu\u00e9s de estar unidos durante 69 a\u00f1os. La se\u00f1ora Marta Toro N\u00fa\u00f1ez, de 85 a\u00f1os de edad y su esposo Efra\u00edn Contreras Gonz\u00e1lez, hoy de 90 a\u00f1os, se juraron amor el jueves 31 de mayo de 1945 en la localidad de Alicahue y al poco andar de su matrimonio se radicaron en el sector El Manzano durante muchos a\u00f1os, hasta que finalmente llegaron al sector El T\u00e1rtaro.<\/p>\n<figure id=\"attachment_47139\" aria-describedby=\"caption-attachment-47139\" style=\"width: 370px\" class=\"wp-caption alignright\"><a href=\"https:\/\/i0.wp.com\/www.eltrabajo.cl\/portal\/wp-content\/uploads\/2014\/06\/Abuelos1.jpg\"><img data-recalc-dims=\"1\" loading=\"lazy\" decoding=\"async\" class=\" wp-image-47139 \" alt=\"AMOR ETERNO.- La se\u00f1ora Marta Toro N\u00fa\u00f1ez, de 85 a\u00f1os de edad y su esposo Efra\u00edn Contreras Gonz\u00e1lez, hoy de 90 a\u00f1os, siguen enamorados y unidos.\" src=\"https:\/\/i0.wp.com\/www.eltrabajo.cl\/portal\/wp-content\/uploads\/2014\/06\/Abuelos1.jpg?resize=370%2C301\" width=\"370\" height=\"301\" srcset=\"https:\/\/i0.wp.com\/eltrabajo.cl\/portal\/wp-content\/uploads\/2014\/06\/Abuelos1.jpg?w=529&amp;ssl=1 529w, https:\/\/i0.wp.com\/eltrabajo.cl\/portal\/wp-content\/uploads\/2014\/06\/Abuelos1.jpg?resize=184%2C150&amp;ssl=1 184w, https:\/\/i0.wp.com\/eltrabajo.cl\/portal\/wp-content\/uploads\/2014\/06\/Abuelos1.jpg?resize=300%2C243&amp;ssl=1 300w, https:\/\/i0.wp.com\/eltrabajo.cl\/portal\/wp-content\/uploads\/2014\/06\/Abuelos1.jpg?resize=150%2C121&amp;ssl=1 150w, https:\/\/i0.wp.com\/eltrabajo.cl\/portal\/wp-content\/uploads\/2014\/06\/Abuelos1.jpg?resize=400%2C325&amp;ssl=1 400w\" sizes=\"auto, (max-width: 370px) 100vw, 370px\" \/><\/a><figcaption id=\"caption-attachment-47139\" class=\"wp-caption-text\">AMOR ETERNO.- La se\u00f1ora Marta Toro N\u00fa\u00f1ez, de 85 a\u00f1os de edad y su esposo Efra\u00edn Contreras Gonz\u00e1lez, hoy de 90 a\u00f1os, siguen enamorados y unidos.<\/figcaption><\/figure>\n<p><strong>GRAN DESCENDENCIA<\/strong><\/p>\n<p>De este matrimonio nacieron trece hijos; tres de los cuales hoy est\u00e1n fallecidos, se contabilizan m\u00e1s de 100 nietos; 30 bisnietos y un tataranieto.<\/p>\n<p>La tarde del s\u00e1bado pasado en la casa de una de las hijas de este matrimonio, la se\u00f1ora Marta y don Efra\u00edn volvieron a sentarse delante de un sacerdote para agradecer a Dios el matrimonio y el amor que les ha dado y luego para reafirmar su compromiso ante Dios y toda su familia que les acompa\u00f1aba.<\/p>\n<p>Sus hijos, nietos y muchos familiares, bastante emocionados aplaudieron el momento en que Don Efra\u00edn y la se\u00f1ora Marta se volvieron a besar como m\u00e1gicamente lo hicieron en 1945, cuando unieron sus vidas.<\/p>\n<p>Un ejemplo de sacrificio, trabajo y de mucho amor en este conocido y querido matrimonio del sector El T\u00e1rtaro, que no tan s\u00f3lo ha sido ejemplo para su familia, sino que para sus vecinos y para toda la comunidad.<\/p>\n<p>Patricio Gallardo M.<\/p>\n<p>&nbsp;<\/p>\n","protected":false},"excerpt":{"rendered":"<p>PUTAENDO.- En una historia de amor dif\u00edcil de encontrar, un conocido matrimonio del sector El T\u00e1rtaro volvi\u00f3 a casarse delante de sus hijos y nietos, despu\u00e9s de estar unidos durante 69 a\u00f1os&#8230;.<\/p>\n","protected":false},"author":482,"featured_media":47138,"comment_status":"open","ping_status":"closed","sticky":false,"template":"","format":"standard","meta":{"advanced_seo_description":"","jetpack_seo_html_title":"","jetpack_seo_noindex":false,"_jetpack_memberships_contains_paid_content":false,"footnotes":""},"categories":[15],"tags":[],"class_list":["post-47137","post","type-post","status-publish","format-standard","has-post-thumbnail","hentry","category-comunidad"],"jetpack_featured_media_url":"https:\/\/i0.wp.com\/eltrabajo.cl\/portal\/wp-content\/uploads\/2014\/06\/Abuelos2.jpg?fit=528%2C274&ssl=1","jetpack_sharing_enabled":true,"jetpack_likes_enabled":true,"jetpack-related-posts":[],"_links":{"self":[{"href":"https:\/\/eltrabajo.cl\/portal\/wp-json\/wp\/v2\/posts\/47137","targetHints":{"allow":["GET"]}}],"collection":[{"href":"https:\/\/eltrabajo.cl\/portal\/wp-json\/wp\/v2\/posts"}],"about":[{"href":"https:\/\/eltrabajo.cl\/portal\/wp-json\/wp\/v2\/types\/post"}],"author":[{"embeddable":true,"href":"https:\/\/eltrabajo.cl\/portal\/wp-json\/wp\/v2\/users\/482"}],"replies":[{"embeddable":true,"href":"https:\/\/eltrabajo.cl\/portal\/wp-json\/wp\/v2\/comments?post=47137"}],"version-history":[{"count":0,"href":"https:\/\/eltrabajo.cl\/portal\/wp-json\/wp\/v2\/posts\/47137\/revisions"}],"wp:featuredmedia":[{"embeddable":true,"href":"https:\/\/eltrabajo.cl\/portal\/wp-json\/wp\/v2\/media\/47138"}],"wp:attachment":[{"href":"https:\/\/eltrabajo.cl\/portal\/wp-json\/wp\/v2\/media?parent=47137"}],"wp:term":[{"taxonomy":"category","embeddable":true,"href":"https:\/\/eltrabajo.cl\/portal\/wp-json\/wp\/v2\/categories?post=47137"},{"taxonomy":"post_tag","embeddable":true,"href":"https:\/\/eltrabajo.cl\/portal\/wp-json\/wp\/v2\/tags?post=47137"}],"curies":[{"name":"wp","href":"https:\/\/api.w.org\/{rel}","templated":true}]}}