{"id":47142,"date":"2014-06-03T09:23:06","date_gmt":"2014-06-03T13:23:06","guid":{"rendered":"http:\/\/www.eltrabajo.cl\/portal\/?p=47142"},"modified":"2014-06-03T09:23:06","modified_gmt":"2014-06-03T13:23:06","slug":"prodesal-llama-a-pequenos-agricultores-para-que-aprovechen-sus-programas","status":"publish","type":"post","link":"https:\/\/eltrabajo.cl\/portal\/prodesal-llama-a-pequenos-agricultores-para-que-aprovechen-sus-programas\/","title":{"rendered":"Prodesal llama a peque\u00f1os agricultores para que aprovechen sus programas"},"content":{"rendered":"<figure id=\"attachment_47143\" aria-describedby=\"caption-attachment-47143\" style=\"width: 529px\" class=\"wp-caption alignnone\"><a href=\"https:\/\/i0.wp.com\/www.eltrabajo.cl\/portal\/wp-content\/uploads\/2014\/06\/Indap1.jpg\"><img data-recalc-dims=\"1\" loading=\"lazy\" decoding=\"async\" class=\"size-full wp-image-47143\" alt=\"El programa entrega un apoyo a los peque\u00f1os agricultores de la comuna, para desarrollar sus propios planes de emprendimiento. \" src=\"https:\/\/i0.wp.com\/www.eltrabajo.cl\/portal\/wp-content\/uploads\/2014\/06\/Indap1.jpg?resize=529%2C401\" width=\"529\" height=\"401\" srcset=\"https:\/\/i0.wp.com\/eltrabajo.cl\/portal\/wp-content\/uploads\/2014\/06\/Indap1.jpg?w=529&amp;ssl=1 529w, https:\/\/i0.wp.com\/eltrabajo.cl\/portal\/wp-content\/uploads\/2014\/06\/Indap1.jpg?resize=197%2C150&amp;ssl=1 197w, https:\/\/i0.wp.com\/eltrabajo.cl\/portal\/wp-content\/uploads\/2014\/06\/Indap1.jpg?resize=300%2C227&amp;ssl=1 300w, https:\/\/i0.wp.com\/eltrabajo.cl\/portal\/wp-content\/uploads\/2014\/06\/Indap1.jpg?resize=150%2C113&amp;ssl=1 150w, https:\/\/i0.wp.com\/eltrabajo.cl\/portal\/wp-content\/uploads\/2014\/06\/Indap1.jpg?resize=400%2C303&amp;ssl=1 400w\" sizes=\"auto, (max-width: 529px) 100vw, 529px\" \/><\/a><figcaption id=\"caption-attachment-47143\" class=\"wp-caption-text\">El programa entrega un apoyo a los peque\u00f1os agricultores de la comuna, para desarrollar sus propios planes de emprendimiento.<\/figcaption><\/figure>\n<p><strong>PANQUEHUE.<\/strong>&#8211; Un llamado a los agricultores, para integrarse al Programa Prodesal-Indap de la comuna y de esta manera recibir la asesor\u00eda t\u00e9cnica especializada, como asimismo el apoyo econ\u00f3mico para sus cultivos o crianza de animales, realiz\u00f3 en el encargado del \u00e1rea, el Ingeniero Agr\u00f3nomo Juan Contreras Mu\u00f1oz.<\/p>\n<p>De acuerdo a lo manifestado por el personero, los agricultores de la comuna que deseen ingresar al programa, deben cumplir los siguientes requisitos; ser agricultor o ganadero; ser due\u00f1o de terreno o arrendatario con contrato de una superficie de m\u00e1s de 1.000 metros cuadrados; su capital no debe ser mayor a 3.500 Unidades de Fomento y que sus recursos provengan principalmente del \u00e1rea agropecuaria.<\/p>\n<p>\u201cNosotros como programa estamos prestando asesor\u00edas a peque\u00f1os agricultores, tanto del rubro ganadero, frutales, hortalizas y flores. Nosotros como oficina Prodesal de la Municipalidad de Panquehue, lo que hacemos es prestar asesor\u00eda t\u00e9cnica y adem\u00e1s los postulamos a concursos de fomento p\u00fablico, donde el Indap aporte una determinada cantidad de dinero junto al aporte del usuario, y as\u00ed se logran concretar una determinada cantidad de proyectos planificados por los agricultores.<\/p>\n<p>Nosotros a la fecha contamos con cuatro cupos para ingresar al programa y para ello deben cumplir con los requisitos que ya hemos indicado y que est\u00e1n descritos en el facebook de Prodesal www.facebook.com\/prodesalpanquehue.<\/p>\n<p>Ahora los plazos est\u00e1n cumplidos, pero como nos dimos cuenta que la comunidad no estaba del todo informada, hemos dado algunos d\u00edas m\u00e1s, pero el cupo es limitado y a medida que se completen damos por el cerrado el proceso de inscripci\u00f3n para los usuarios de la comuna de Panquehue, sin embargo podemos dejar a usuarios inscritos en espera de cupos, lo importante es que se acerquen a nuestra oficina de Prodesal, ubicada en el municipio y nos hagan llegar los antecedentes\u201d.<\/p>\n<p>Por su parte el alcalde Luis Pradenas, destac\u00f3 el trabajo que durante el 2013, se realiz\u00f3 por parte de Prodesal y que se traduce en su l\u00ednea de fomento productivo promovido por Indap y ejecutado por la Municipalidad de Panquehue para apoyar el desarrollo de peque\u00f1os agricultores de la comuna. Actualmente el grupo se compone de agricultores de los rubros hort\u00edcola, frut\u00edcola, flores y ganader\u00eda.<\/p>\n<p>A\u00f1adi\u00f3 que para este a\u00f1o se espera continuar potenciando su apoyo en las \u00e1reas de asistencia t\u00e9cnica, coordinaci\u00f3n de talleres y cursos dirigidos por profesionales de diversos rubros, el desarrollo de giras t\u00e9cnicas, la realizaci\u00f3n de proyectos para mejorar su productividad, reuniones informativas a usuarios para informar sobre los avances y actividades del programa, mejoramiento de la productividad, que permita un crecimiento en superficie, optimizando su sistema productivo y comercializaci\u00f3n.<\/p>\n<p>&nbsp;<\/p>\n","protected":false},"excerpt":{"rendered":"<p>PANQUEHUE.&#8211; Un llamado a los agricultores, para integrarse al Programa Prodesal-Indap de la comuna y de esta manera recibir la asesor\u00eda t\u00e9cnica especializada, como asimismo el apoyo econ\u00f3mico para sus cultivos o&#8230;<\/p>\n","protected":false},"author":482,"featured_media":47143,"comment_status":"open","ping_status":"closed","sticky":false,"template":"","format":"standard","meta":{"advanced_seo_description":"","jetpack_seo_html_title":"","jetpack_seo_noindex":false,"_jetpack_memberships_contains_paid_content":false,"footnotes":""},"categories":[1],"tags":[],"class_list":["post-47142","post","type-post","status-publish","format-standard","has-post-thumbnail","hentry","category-cronica"],"jetpack_featured_media_url":"https:\/\/i0.wp.com\/eltrabajo.cl\/portal\/wp-content\/uploads\/2014\/06\/Indap1.jpg?fit=529%2C401&ssl=1","jetpack_sharing_enabled":true,"jetpack_likes_enabled":true,"jetpack-related-posts":[],"_links":{"self":[{"href":"https:\/\/eltrabajo.cl\/portal\/wp-json\/wp\/v2\/posts\/47142","targetHints":{"allow":["GET"]}}],"collection":[{"href":"https:\/\/eltrabajo.cl\/portal\/wp-json\/wp\/v2\/posts"}],"about":[{"href":"https:\/\/eltrabajo.cl\/portal\/wp-json\/wp\/v2\/types\/post"}],"author":[{"embeddable":true,"href":"https:\/\/eltrabajo.cl\/portal\/wp-json\/wp\/v2\/users\/482"}],"replies":[{"embeddable":true,"href":"https:\/\/eltrabajo.cl\/portal\/wp-json\/wp\/v2\/comments?post=47142"}],"version-history":[{"count":0,"href":"https:\/\/eltrabajo.cl\/portal\/wp-json\/wp\/v2\/posts\/47142\/revisions"}],"wp:featuredmedia":[{"embeddable":true,"href":"https:\/\/eltrabajo.cl\/portal\/wp-json\/wp\/v2\/media\/47143"}],"wp:attachment":[{"href":"https:\/\/eltrabajo.cl\/portal\/wp-json\/wp\/v2\/media?parent=47142"}],"wp:term":[{"taxonomy":"category","embeddable":true,"href":"https:\/\/eltrabajo.cl\/portal\/wp-json\/wp\/v2\/categories?post=47142"},{"taxonomy":"post_tag","embeddable":true,"href":"https:\/\/eltrabajo.cl\/portal\/wp-json\/wp\/v2\/tags?post=47142"}],"curies":[{"name":"wp","href":"https:\/\/api.w.org\/{rel}","templated":true}]}}