{"id":47145,"date":"2014-06-03T09:25:54","date_gmt":"2014-06-03T13:25:54","guid":{"rendered":"http:\/\/www.eltrabajo.cl\/portal\/?p=47145"},"modified":"2014-06-03T09:25:54","modified_gmt":"2014-06-03T13:25:54","slug":"masivo-recibimiento-al-cristo-cuasimodista-en-capilla-de-calle-ortiz","status":"publish","type":"post","link":"https:\/\/eltrabajo.cl\/portal\/masivo-recibimiento-al-cristo-cuasimodista-en-capilla-de-calle-ortiz\/","title":{"rendered":"Masivo recibimiento al Cristo Cuasimodista en capilla de Calle Ortiz"},"content":{"rendered":"<figure id=\"attachment_47146\" aria-describedby=\"caption-attachment-47146\" style=\"width: 529px\" class=\"wp-caption alignnone\"><a href=\"https:\/\/i0.wp.com\/www.eltrabajo.cl\/portal\/wp-content\/uploads\/2014\/06\/Cristo2.jpg\"><img data-recalc-dims=\"1\" loading=\"lazy\" decoding=\"async\" class=\"size-full wp-image-47146\" alt=\"La tarde de este domingo, pasadas las 16:15 horas, el Cristo Cuasimodista ingres\u00f3 hasta Quebrada Herrera con destino a la capilla de Calle Ort\u00edz.\" src=\"https:\/\/i0.wp.com\/www.eltrabajo.cl\/portal\/wp-content\/uploads\/2014\/06\/Cristo2.jpg?resize=529%2C358\" width=\"529\" height=\"358\" srcset=\"https:\/\/i0.wp.com\/eltrabajo.cl\/portal\/wp-content\/uploads\/2014\/06\/Cristo2.jpg?w=529&amp;ssl=1 529w, https:\/\/i0.wp.com\/eltrabajo.cl\/portal\/wp-content\/uploads\/2014\/06\/Cristo2.jpg?resize=200%2C135&amp;ssl=1 200w, https:\/\/i0.wp.com\/eltrabajo.cl\/portal\/wp-content\/uploads\/2014\/06\/Cristo2.jpg?resize=300%2C203&amp;ssl=1 300w, https:\/\/i0.wp.com\/eltrabajo.cl\/portal\/wp-content\/uploads\/2014\/06\/Cristo2.jpg?resize=150%2C101&amp;ssl=1 150w, https:\/\/i0.wp.com\/eltrabajo.cl\/portal\/wp-content\/uploads\/2014\/06\/Cristo2.jpg?resize=400%2C270&amp;ssl=1 400w\" sizes=\"auto, (max-width: 529px) 100vw, 529px\" \/><\/a><figcaption id=\"caption-attachment-47146\" class=\"wp-caption-text\">La tarde de este domingo, pasadas las 16:15 horas, el Cristo Cuasimodista ingres\u00f3 hasta Quebrada Herrera con destino a la capilla de Calle Ort\u00edz.<\/figcaption><\/figure>\n<p><strong>PUTAENDO.<\/strong>&#8211; Un multitudinario recibimiento tuvo la figura del Cristo Cuasimodista en la capilla de Calle Ortiz la tarde de este domingo ante una gran cantidad de fieles, cuasimodistas y tambi\u00e9n el baile religioso Las Morenas de Aconcagua. Un significado especial tuvo la actividad puesto que esta es la primera vez que el Cristo Cuasimodista recorre la Di\u00f3cesis de Aconcagua, por lo que su paso por las 17 comunidades de la Parroquia Nuestra Se\u00f1ora del Carmen de Rinconada de Silva, comenzando por la capilla de Calle Ortiz fue catalogado como todo un acontecimiento.<\/p>\n<p>La enorme figura de madera que muestra a Cristo resucitado fue adquirida por un empresario chileno al escultor Alejandro C\u00e1ceres del pueblo de Nirivilo de la 7\u00aa Regi\u00f3n y luego donada a Cuasimodo. El Cristo mide 2,84 metros de altura y aproximadamente pesa 380 kilos, representando lo que los cuasimodistas realizan en Chile, la misi\u00f3n de visitar a los enfermos postrados para visitar a Jes\u00fas Resucitado hasta sus hogares.<\/p>\n<p>La tarde de este domingo, pasadas las 16:15 horas, el Cristo Cuasimodista ingres\u00f3 hasta Quebrada Herrera con destino a la capilla de Calle Ort\u00edz, acompa\u00f1ado de la comunidad del sector, la Agrupaci\u00f3n de Cuasimodistas de Quebrada Herrera y la cofrad\u00eda Las Morenas de Aconcagua, que en caravana llegaron hasta la capilla del sector donde fue adornado un hermoso escenario en el cual tambi\u00e9n estaba la Virgen del Carmen de La Ermita de los ba\u00f1os del parr\u00f3n.<\/p>\n<p><strong>LA EUCARIST\u00cdA<\/strong><\/p>\n<p>En el patio de la capilla se realiz\u00f3 una peque\u00f1a Eucarist\u00eda presidida por el Cura Juan Cort\u00e9s Malbr\u00e1n, quien resalt\u00f3 el especial significado que tiene para la di\u00f3cesis la presencia del Cristo Cuasimodista que por vez primera recorrer\u00e1 la zona comenzando por Quebrada Herrera. La visita del Cristo Cuasimodista fue solicitada por la Agrupaci\u00f3n de Cuasimodistas de Quebrada Herrera y su presidente, Pedro Caneo Vergara indic\u00f3 que la figura de madera estar\u00e1 en el sector durante todo el mes de junio para luego recorrer todas las comunidades y capillas pertenecientes a la Parroquia de Rinconada de Silva.<\/p>\n<p>Caneo adem\u00e1s se\u00f1al\u00f3 que \u201cpara nosotros tener este Cristo Cuasimodista es algo inmenso, algo que refleja fe y esperanza para esta tierra y tambi\u00e9n un incentivo para formar m\u00e1s cuasimodistas en Aconcagua\u201d. Junto con ello tambi\u00e9n agradeci\u00f3 la disposici\u00f3n del Concejal Miguel Vega en facilitar su galp\u00f3n para que el Cristo no quedase a la intemperie. Posteriormente una pareja de peque\u00f1os brind\u00f3 tres pies de cueca en homenaje a la Virgen del Carmen que se encuentra recorriendo las 17 comunidades pertenecientes a la Parroquia de Rinconada de Silva, la misma que luego fue despedida a los sones de la Banda Bronces de Aconcagua y llevada hasta la capilla del sector La Plazuela.<\/p>\n<p>Al finalizar la actividad, una a una las integrantes del Grupo de Baile Las Morenas de Aconcagua hicieron reverencia a la figura del Cristo Cuasimodista, a lo que tambi\u00e9n se sumaron los muchachos de la Banda Bronces de Aconcagua, quienes se despidieron ante el emocionado aplauso de la comunidad presente.<\/p>\n<p>Patricio Gallardo M.<\/p>\n<div class=\"tiled-gallery type-rectangular tiled-gallery-unresized\" data-original-width=\"640\" data-carousel-extra='null' itemscope itemtype=\"http:\/\/schema.org\/ImageGallery\" > <div class=\"gallery-row\" style=\"width: 640px; height: 195px;\" data-original-width=\"640\" data-original-height=\"195\" > <div class=\"gallery-group images-1\" style=\"width: 353px; height: 195px;\" data-original-width=\"353\" data-original-height=\"195\" > <div class=\"tiled-gallery-item tiled-gallery-item-large\" itemprop=\"associatedMedia\" itemscope itemtype=\"http:\/\/schema.org\/ImageObject\"> <a href=\"https:\/\/eltrabajo.cl\/portal\/masivo-recibimiento-al-cristo-cuasimodista-en-capilla-de-calle-ortiz\/cristo1-4\/\" border=\"0\" itemprop=\"url\"> <meta itemprop=\"width\" content=\"349\"> <meta itemprop=\"height\" content=\"191\"> <img decoding=\"async\" class=\"\" data-attachment-id=\"47147\" data-orig-file=\"https:\/\/eltrabajo.cl\/portal\/wp-content\/uploads\/2014\/06\/Cristo1.jpg\" data-orig-size=\"529,290\" data-comments-opened=\"1\" data-image-meta=\"{&quot;aperture&quot;:&quot;6.3&quot;,&quot;credit&quot;:&quot;&quot;,&quot;camera&quot;:&quot;Canon EOS REBEL T3&quot;,&quot;caption&quot;:&quot;&quot;,&quot;created_timestamp&quot;:&quot;1388858499&quot;,&quot;copyright&quot;:&quot;&quot;,&quot;focal_length&quot;:&quot;21&quot;,&quot;iso&quot;:&quot;800&quot;,&quot;shutter_speed&quot;:&quot;0.005&quot;,&quot;title&quot;:&quot;&quot;}\" data-image-title=\"Cristo1\" data-image-description=\"&lt;p&gt;La enorme figura de madera que muestra a Cristo resucitado fue adquirida por un empresario chileno al escultor Alejandro C\u00e1ceres del pueblo de Nirivilo de la 7\u00aa Regi\u00f3n y luego donada a Cuasimodo.&lt;\/p&gt; \" data-medium-file=\"https:\/\/i0.wp.com\/eltrabajo.cl\/portal\/wp-content\/uploads\/2014\/06\/Cristo1.jpg?fit=300%2C164&#038;ssl=1\" data-large-file=\"https:\/\/i0.wp.com\/eltrabajo.cl\/portal\/wp-content\/uploads\/2014\/06\/Cristo1.jpg?fit=529%2C290&#038;ssl=1\" src=\"https:\/\/i0.wp.com\/eltrabajo.cl\/portal\/wp-content\/uploads\/2014\/06\/Cristo1.jpg?w=349&#038;h=191&#038;ssl=1\" srcset=\"https:\/\/i0.wp.com\/eltrabajo.cl\/portal\/wp-content\/uploads\/2014\/06\/Cristo1.jpg?w=529&amp;ssl=1 529w, https:\/\/i0.wp.com\/eltrabajo.cl\/portal\/wp-content\/uploads\/2014\/06\/Cristo1.jpg?resize=200%2C109&amp;ssl=1 200w, https:\/\/i0.wp.com\/eltrabajo.cl\/portal\/wp-content\/uploads\/2014\/06\/Cristo1.jpg?resize=300%2C164&amp;ssl=1 300w, https:\/\/i0.wp.com\/eltrabajo.cl\/portal\/wp-content\/uploads\/2014\/06\/Cristo1.jpg?resize=150%2C82&amp;ssl=1 150w, https:\/\/i0.wp.com\/eltrabajo.cl\/portal\/wp-content\/uploads\/2014\/06\/Cristo1.jpg?resize=400%2C219&amp;ssl=1 400w\" width=\"349\" height=\"191\" loading=\"lazy\" data-original-width=\"349\" data-original-height=\"191\" itemprop=\"http:\/\/schema.org\/image\" title=\"Cristo1\" alt=\"La enorme figura de madera que muestra a Cristo resucitado fue adquirida por un empresario chileno al escultor Alejandro C\u00e1ceres del pueblo de Nirivilo de la 7\u00aa Regi\u00f3n y luego donada a Cuasimodo.\" style=\"width: 349px; height: 191px;\" \/> <\/a> <div class=\"tiled-gallery-caption\" itemprop=\"caption description\"> La enorme figura de madera que muestra a Cristo resucitado fue adquirida por un empresario chileno al escultor Alejandro C\u00e1ceres del pueblo de Nirivilo de la 7\u00aa Regi\u00f3n y luego donada a Cuasimodo. <\/div> <\/div> <\/div> <!-- close group --> <div class=\"gallery-group images-1\" style=\"width: 287px; height: 195px;\" data-original-width=\"287\" data-original-height=\"195\" > <div class=\"tiled-gallery-item tiled-gallery-item-large\" itemprop=\"associatedMedia\" itemscope itemtype=\"http:\/\/schema.org\/ImageObject\"> <a href=\"https:\/\/eltrabajo.cl\/portal\/masivo-recibimiento-al-cristo-cuasimodista-en-capilla-de-calle-ortiz\/cristo3\/\" border=\"0\" itemprop=\"url\"> <meta itemprop=\"width\" content=\"283\"> <meta itemprop=\"height\" content=\"191\"> <img decoding=\"async\" class=\"\" data-attachment-id=\"47148\" data-orig-file=\"https:\/\/eltrabajo.cl\/portal\/wp-content\/uploads\/2014\/06\/Cristo3.jpg\" data-orig-size=\"529,358\" data-comments-opened=\"1\" data-image-meta=\"{&quot;aperture&quot;:&quot;5.6&quot;,&quot;credit&quot;:&quot;&quot;,&quot;camera&quot;:&quot;Canon EOS REBEL T3&quot;,&quot;caption&quot;:&quot;&quot;,&quot;created_timestamp&quot;:&quot;1388859823&quot;,&quot;copyright&quot;:&quot;&quot;,&quot;focal_length&quot;:&quot;28&quot;,&quot;iso&quot;:&quot;800&quot;,&quot;shutter_speed&quot;:&quot;0.005&quot;,&quot;title&quot;:&quot;&quot;}\" data-image-title=\"Cristo3\" data-image-description=\"&lt;p&gt;Al finalizar la actividad, una a una las integrantes del Grupo de Baile Las Morenas de Aconcagua hicieron reverencia a la figura del Cristo Cuasimodista.&lt;\/p&gt; \" data-medium-file=\"https:\/\/i0.wp.com\/eltrabajo.cl\/portal\/wp-content\/uploads\/2014\/06\/Cristo3.jpg?fit=300%2C203&#038;ssl=1\" data-large-file=\"https:\/\/i0.wp.com\/eltrabajo.cl\/portal\/wp-content\/uploads\/2014\/06\/Cristo3.jpg?fit=529%2C358&#038;ssl=1\" src=\"https:\/\/i0.wp.com\/eltrabajo.cl\/portal\/wp-content\/uploads\/2014\/06\/Cristo3.jpg?w=283&#038;h=191&#038;ssl=1\" srcset=\"https:\/\/i0.wp.com\/eltrabajo.cl\/portal\/wp-content\/uploads\/2014\/06\/Cristo3.jpg?w=529&amp;ssl=1 529w, https:\/\/i0.wp.com\/eltrabajo.cl\/portal\/wp-content\/uploads\/2014\/06\/Cristo3.jpg?resize=200%2C135&amp;ssl=1 200w, https:\/\/i0.wp.com\/eltrabajo.cl\/portal\/wp-content\/uploads\/2014\/06\/Cristo3.jpg?resize=300%2C203&amp;ssl=1 300w, https:\/\/i0.wp.com\/eltrabajo.cl\/portal\/wp-content\/uploads\/2014\/06\/Cristo3.jpg?resize=150%2C101&amp;ssl=1 150w, https:\/\/i0.wp.com\/eltrabajo.cl\/portal\/wp-content\/uploads\/2014\/06\/Cristo3.jpg?resize=400%2C270&amp;ssl=1 400w\" width=\"283\" height=\"191\" loading=\"lazy\" data-original-width=\"283\" data-original-height=\"191\" itemprop=\"http:\/\/schema.org\/image\" title=\"Cristo3\" alt=\"Al finalizar la actividad, una a una las integrantes del Grupo de Baile Las Morenas de Aconcagua hicieron reverencia a la figura del Cristo Cuasimodista.\" style=\"width: 283px; height: 191px;\" \/> <\/a> <div class=\"tiled-gallery-caption\" itemprop=\"caption description\"> Al finalizar la actividad, una a una las integrantes del Grupo de Baile Las Morenas de Aconcagua hicieron reverencia a la figura del Cristo Cuasimodista. <\/div> <\/div> <\/div> <!-- close group --> <\/div> <!-- close row --> <\/div>\n","protected":false},"excerpt":{"rendered":"<p>PUTAENDO.&#8211; Un multitudinario recibimiento tuvo la figura del Cristo Cuasimodista en la capilla de Calle Ortiz la tarde de este domingo ante una gran cantidad de fieles, cuasimodistas y tambi\u00e9n el baile&#8230;<\/p>\n","protected":false},"author":482,"featured_media":47146,"comment_status":"open","ping_status":"closed","sticky":false,"template":"","format":"standard","meta":{"advanced_seo_description":"","jetpack_seo_html_title":"","jetpack_seo_noindex":false,"_jetpack_memberships_contains_paid_content":false,"footnotes":""},"categories":[15],"tags":[],"class_list":["post-47145","post","type-post","status-publish","format-standard","has-post-thumbnail","hentry","category-comunidad"],"jetpack_featured_media_url":"https:\/\/i0.wp.com\/eltrabajo.cl\/portal\/wp-content\/uploads\/2014\/06\/Cristo2.jpg?fit=529%2C358&ssl=1","jetpack_sharing_enabled":true,"jetpack_likes_enabled":true,"jetpack-related-posts":[],"_links":{"self":[{"href":"https:\/\/eltrabajo.cl\/portal\/wp-json\/wp\/v2\/posts\/47145","targetHints":{"allow":["GET"]}}],"collection":[{"href":"https:\/\/eltrabajo.cl\/portal\/wp-json\/wp\/v2\/posts"}],"about":[{"href":"https:\/\/eltrabajo.cl\/portal\/wp-json\/wp\/v2\/types\/post"}],"author":[{"embeddable":true,"href":"https:\/\/eltrabajo.cl\/portal\/wp-json\/wp\/v2\/users\/482"}],"replies":[{"embeddable":true,"href":"https:\/\/eltrabajo.cl\/portal\/wp-json\/wp\/v2\/comments?post=47145"}],"version-history":[{"count":0,"href":"https:\/\/eltrabajo.cl\/portal\/wp-json\/wp\/v2\/posts\/47145\/revisions"}],"wp:featuredmedia":[{"embeddable":true,"href":"https:\/\/eltrabajo.cl\/portal\/wp-json\/wp\/v2\/media\/47146"}],"wp:attachment":[{"href":"https:\/\/eltrabajo.cl\/portal\/wp-json\/wp\/v2\/media?parent=47145"}],"wp:term":[{"taxonomy":"category","embeddable":true,"href":"https:\/\/eltrabajo.cl\/portal\/wp-json\/wp\/v2\/categories?post=47145"},{"taxonomy":"post_tag","embeddable":true,"href":"https:\/\/eltrabajo.cl\/portal\/wp-json\/wp\/v2\/tags?post=47145"}],"curies":[{"name":"wp","href":"https:\/\/api.w.org\/{rel}","templated":true}]}}