{"id":47152,"date":"2014-06-03T09:33:36","date_gmt":"2014-06-03T13:33:36","guid":{"rendered":"http:\/\/www.eltrabajo.cl\/portal\/?p=47152"},"modified":"2014-06-03T09:33:36","modified_gmt":"2014-06-03T13:33:36","slug":"carabineros-dicto-charla-a-estudiantes-de-la-escuela-san-alberto","status":"publish","type":"post","link":"https:\/\/eltrabajo.cl\/portal\/carabineros-dicto-charla-a-estudiantes-de-la-escuela-san-alberto\/","title":{"rendered":"Carabineros dict\u00f3 charla a estudiantes de la Escuela San Alberto"},"content":{"rendered":"<figure id=\"attachment_47153\" aria-describedby=\"caption-attachment-47153\" style=\"width: 370px\" class=\"wp-caption alignleft\"><a href=\"https:\/\/i0.wp.com\/www.eltrabajo.cl\/portal\/wp-content\/uploads\/2014\/06\/Charla1.jpg\"><img data-recalc-dims=\"1\" loading=\"lazy\" decoding=\"async\" class=\" wp-image-47153 \" alt=\"TODOS PARTICIPARON.- La charla estuvo encabezada por el cabo 2\u00ba de Carabineros, Juan Jos\u00e9 Hermosilla Sandoval, y se dio inicio a eso de las 10:00 horas en la Escuela San Alberto.\" src=\"https:\/\/i0.wp.com\/www.eltrabajo.cl\/portal\/wp-content\/uploads\/2014\/06\/Charla1.jpg?resize=370%2C507\" width=\"370\" height=\"507\" srcset=\"https:\/\/i0.wp.com\/eltrabajo.cl\/portal\/wp-content\/uploads\/2014\/06\/Charla1.jpg?w=529&amp;ssl=1 529w, https:\/\/i0.wp.com\/eltrabajo.cl\/portal\/wp-content\/uploads\/2014\/06\/Charla1.jpg?resize=109%2C150&amp;ssl=1 109w, https:\/\/i0.wp.com\/eltrabajo.cl\/portal\/wp-content\/uploads\/2014\/06\/Charla1.jpg?resize=218%2C300&amp;ssl=1 218w, https:\/\/i0.wp.com\/eltrabajo.cl\/portal\/wp-content\/uploads\/2014\/06\/Charla1.jpg?resize=400%2C548&amp;ssl=1 400w\" sizes=\"auto, (max-width: 370px) 100vw, 370px\" \/><\/a><figcaption id=\"caption-attachment-47153\" class=\"wp-caption-text\">TODOS PARTICIPARON.- La charla estuvo encabezada por el cabo 2\u00ba de Carabineros, Juan Jos\u00e9 Hermosilla Sandoval, y se dio inicio a eso de las 10:00 horas en la Escuela San Alberto.<\/figcaption><\/figure>\n<p><strong>PUTAENDO.<\/strong>&#8211; Con motivo de la Semana de la Seguridad Escolar, personal de Carabineros del Ret\u00e9n Guzmanes realiz\u00f3 una did\u00e1ctica charla a los estudiantes de la Escuela San Alberto, en la cual se ense\u00f1\u00f3 a prevenir cualquier accidente en relaci\u00f3n al tr\u00e1nsito.<\/p>\n<p>La charla estuvo encabezada por el cabo 2\u00ba de Carabineros, Juan Jos\u00e9 Hermosilla Sandoval, y se dio inicio a eso de las 10:00 horas con la finalidad de prevenir cualquier tipo de accidente en relaci\u00f3n al tr\u00e1nsito, ya que es fundamental que los alumnos tengan presente esta materia y mantengan conocimiento de sus deberes, obligaciones y derechos como peatones adem\u00e1s de transmitir esa informaci\u00f3n a sus familiares y a sus padres al momento de conducir, por lo que es de mucha ayuda realizarlo a trav\u00e9s de los j\u00f3venes estudiantes, ya que dentro como fuera de s u establecimiento quedan dentro de la Ley de Transito por lo que se instruy\u00f3 sobre los tipos de prevenciones al momento de transitar al termino de su jornada escolar, las maniobras que les ense\u00f1an los policiales de transito y cuales deben ellos obedecer y en fin interaccionar con el personal policial ya que es necesario para una buena relaci\u00f3n con la instituci\u00f3n.<\/p>\n<p>El Cabo Hermosilla indic\u00f3 que \u201ces un verdadero orgullo poder transmitir un peque\u00f1o grano de arena a estos j\u00f3venes tal como a m\u00ed me ense\u00f1aron los carabineros que iban a mi escuela en mi ense\u00f1anza b\u00e1sica, tambi\u00e9n agradecer a mi jefe de ret\u00e9n por la posibilidad y la confianza que ha depositado en m\u00ed, ya que el trabajar y dar a conocer este tipo de temas es de una gran responsabilidad, la cual he tomado muy seriamente ya que hoy en d\u00eda muchos de nuestros peque\u00f1os estudiantes ven a carabineros como una gran instituci\u00f3n y de esta manera con estas charlas estos lazos prevalecen y acerca a nuestros ni\u00f1os a nuestra instituci\u00f3n\u201d.<\/p>\n<p>Patricio Gallardo M.<\/p>\n<p>&nbsp;<\/p>\n","protected":false},"excerpt":{"rendered":"<p>PUTAENDO.&#8211; Con motivo de la Semana de la Seguridad Escolar, personal de Carabineros del Ret\u00e9n Guzmanes realiz\u00f3 una did\u00e1ctica charla a los estudiantes de la Escuela San Alberto, en la cual se&#8230;<\/p>\n","protected":false},"author":482,"featured_media":47153,"comment_status":"open","ping_status":"closed","sticky":false,"template":"","format":"standard","meta":{"advanced_seo_description":"","jetpack_seo_html_title":"","jetpack_seo_noindex":false,"_jetpack_memberships_contains_paid_content":false,"footnotes":""},"categories":[15],"tags":[],"class_list":["post-47152","post","type-post","status-publish","format-standard","has-post-thumbnail","hentry","category-comunidad"],"jetpack_featured_media_url":"https:\/\/i0.wp.com\/eltrabajo.cl\/portal\/wp-content\/uploads\/2014\/06\/Charla1.jpg?fit=529%2C725&ssl=1","jetpack_sharing_enabled":true,"jetpack_likes_enabled":true,"jetpack-related-posts":[],"_links":{"self":[{"href":"https:\/\/eltrabajo.cl\/portal\/wp-json\/wp\/v2\/posts\/47152","targetHints":{"allow":["GET"]}}],"collection":[{"href":"https:\/\/eltrabajo.cl\/portal\/wp-json\/wp\/v2\/posts"}],"about":[{"href":"https:\/\/eltrabajo.cl\/portal\/wp-json\/wp\/v2\/types\/post"}],"author":[{"embeddable":true,"href":"https:\/\/eltrabajo.cl\/portal\/wp-json\/wp\/v2\/users\/482"}],"replies":[{"embeddable":true,"href":"https:\/\/eltrabajo.cl\/portal\/wp-json\/wp\/v2\/comments?post=47152"}],"version-history":[{"count":0,"href":"https:\/\/eltrabajo.cl\/portal\/wp-json\/wp\/v2\/posts\/47152\/revisions"}],"wp:featuredmedia":[{"embeddable":true,"href":"https:\/\/eltrabajo.cl\/portal\/wp-json\/wp\/v2\/media\/47153"}],"wp:attachment":[{"href":"https:\/\/eltrabajo.cl\/portal\/wp-json\/wp\/v2\/media?parent=47152"}],"wp:term":[{"taxonomy":"category","embeddable":true,"href":"https:\/\/eltrabajo.cl\/portal\/wp-json\/wp\/v2\/categories?post=47152"},{"taxonomy":"post_tag","embeddable":true,"href":"https:\/\/eltrabajo.cl\/portal\/wp-json\/wp\/v2\/tags?post=47152"}],"curies":[{"name":"wp","href":"https:\/\/api.w.org\/{rel}","templated":true}]}}