{"id":47156,"date":"2014-06-03T09:36:15","date_gmt":"2014-06-03T13:36:15","guid":{"rendered":"http:\/\/www.eltrabajo.cl\/portal\/?p=47156"},"modified":"2014-06-03T09:36:15","modified_gmt":"2014-06-03T13:36:15","slug":"andinos-se-preparan-para-enfrentar-fuertes-lluvias-a-partir-de-hoy","status":"publish","type":"post","link":"https:\/\/eltrabajo.cl\/portal\/andinos-se-preparan-para-enfrentar-fuertes-lluvias-a-partir-de-hoy\/","title":{"rendered":"Andinos se preparan para enfrentar fuertes lluvias a partir de hoy"},"content":{"rendered":"<figure id=\"attachment_47157\" aria-describedby=\"caption-attachment-47157\" style=\"width: 529px\" class=\"wp-caption alignnone\"><a href=\"https:\/\/i0.wp.com\/www.eltrabajo.cl\/portal\/wp-content\/uploads\/2014\/06\/Lluvias1.jpg\"><img data-recalc-dims=\"1\" loading=\"lazy\" decoding=\"async\" class=\"size-full wp-image-47157\" alt=\"ESTAR PREPARADOS.- El primer frente de mal tiempo ingresar\u00eda hoy d\u00eda martes y se espera que precipiten sobre los 20 mil\u00edmetros de agua.\" src=\"https:\/\/i0.wp.com\/www.eltrabajo.cl\/portal\/wp-content\/uploads\/2014\/06\/Lluvias1.jpg?resize=529%2C359\" width=\"529\" height=\"359\" srcset=\"https:\/\/i0.wp.com\/eltrabajo.cl\/portal\/wp-content\/uploads\/2014\/06\/Lluvias1.jpg?w=529&amp;ssl=1 529w, https:\/\/i0.wp.com\/eltrabajo.cl\/portal\/wp-content\/uploads\/2014\/06\/Lluvias1.jpg?resize=200%2C135&amp;ssl=1 200w, https:\/\/i0.wp.com\/eltrabajo.cl\/portal\/wp-content\/uploads\/2014\/06\/Lluvias1.jpg?resize=300%2C203&amp;ssl=1 300w, https:\/\/i0.wp.com\/eltrabajo.cl\/portal\/wp-content\/uploads\/2014\/06\/Lluvias1.jpg?resize=150%2C101&amp;ssl=1 150w, https:\/\/i0.wp.com\/eltrabajo.cl\/portal\/wp-content\/uploads\/2014\/06\/Lluvias1.jpg?resize=400%2C271&amp;ssl=1 400w\" sizes=\"auto, (max-width: 529px) 100vw, 529px\" \/><\/a><figcaption id=\"caption-attachment-47157\" class=\"wp-caption-text\">ESTAR PREPARADOS.- El primer frente de mal tiempo ingresar\u00eda hoy d\u00eda martes y se espera que precipiten sobre los 20 mil\u00edmetros de agua.<\/figcaption><\/figure>\n<p><strong>LOS ANDES.<\/strong>&#8211; En alerta se encuentran los organismos de emergencia de la provincia andina, ante los dos sistemas frontales que afectar\u00e1n la zona central del pa\u00eds durante esta semana. Al respecto, el Coordinador Provincial de Emergencias, Carlos \u00c1lamos, indic\u00f3 que el primer frente de mal tiempo ingresar\u00eda el d\u00eda martes y se espera que precipiten sobre los 20 mil\u00edmetros de agua. Agreg\u00f3 que el segundo sistema frontal estar\u00eda llegando el d\u00eda jueves y se prolongar\u00eda hasta el mediod\u00eda del viernes, aun cuando con una menor precipitaci\u00f3n.<\/p>\n<figure id=\"attachment_47158\" aria-describedby=\"caption-attachment-47158\" style=\"width: 317px\" class=\"wp-caption alignleft\"><a href=\"https:\/\/i0.wp.com\/www.eltrabajo.cl\/portal\/wp-content\/uploads\/2014\/06\/Carlos-Alamos.jpg\"><img data-recalc-dims=\"1\" loading=\"lazy\" decoding=\"async\" class=\" wp-image-47158 \" alt=\"Coordinador Provincial de Emergencias, Carlos \u00c1lamos.\" src=\"https:\/\/i0.wp.com\/www.eltrabajo.cl\/portal\/wp-content\/uploads\/2014\/06\/Carlos-Alamos.jpg?resize=317%2C215\" width=\"317\" height=\"215\" srcset=\"https:\/\/i0.wp.com\/eltrabajo.cl\/portal\/wp-content\/uploads\/2014\/06\/Carlos-Alamos.jpg?w=528&amp;ssl=1 528w, https:\/\/i0.wp.com\/eltrabajo.cl\/portal\/wp-content\/uploads\/2014\/06\/Carlos-Alamos.jpg?resize=200%2C135&amp;ssl=1 200w, https:\/\/i0.wp.com\/eltrabajo.cl\/portal\/wp-content\/uploads\/2014\/06\/Carlos-Alamos.jpg?resize=300%2C203&amp;ssl=1 300w, https:\/\/i0.wp.com\/eltrabajo.cl\/portal\/wp-content\/uploads\/2014\/06\/Carlos-Alamos.jpg?resize=150%2C101&amp;ssl=1 150w, https:\/\/i0.wp.com\/eltrabajo.cl\/portal\/wp-content\/uploads\/2014\/06\/Carlos-Alamos.jpg?resize=400%2C271&amp;ssl=1 400w\" sizes=\"auto, (max-width: 317px) 100vw, 317px\" \/><\/a><figcaption id=\"caption-attachment-47158\" class=\"wp-caption-text\">Coordinador Provincial de Emergencias, Carlos \u00c1lamos.<\/figcaption><\/figure>\n<p>En este contexto, Carlos \u00c1lamos llam\u00f3 a los vecinos a tomar las debidas precauciones en sus hogares, \u201cya que cada uno sabe d\u00f3nde se producen los problemas en las casas, donde se rebasan las canaletas y cursos de agua, y muy especialmente con las personas que viven en \u00e1reas rurales donde deben tener cuidado con los canales y que estos se encuentren limpios\u201d.<\/p>\n<p>El coordinador record\u00f3 que ya son siete a\u00f1os de sequ\u00eda que estar\u00edan finalizando este invierno, donde habr\u00edan precipitaciones m\u00e1s abundantes que lo normal, \u201cpor lo cual muchos cursos de agua, esteros y badenes se encuentran secos o con vegetaci\u00f3n, ante lo cual parte de la tarea ha sido limpiar esos lugares, sin embargo nunca se puede hacer al cien por ciento y por eso llamamos a las personas a tener cuidado, porque estos cursos de agua se volver\u00e1n a activar\u201d.<\/p>\n<p>Precis\u00f3 tambi\u00e9n que se ha dispuesto un plan de contingencia en la cordillera por el \u00e9xodo de hinchas que viajar\u00e1 al Mundial de Brasil, sobre todo para mantener la conectividad durante estos sistemas frontales sucesivos. Record\u00f3 tambi\u00e9n que durante las primeras horas de lluvia se incrementan los accidentes de tr\u00e1nsito, sobre todo en caminos rurales debido a lo resbaladizo del camino y porque la tierra seca forma barro que ocasiona el deslizamiento de los veh\u00edculos.<\/p>\n<p>&nbsp;<\/p>\n","protected":false},"excerpt":{"rendered":"<p>LOS ANDES.&#8211; En alerta se encuentran los organismos de emergencia de la provincia andina, ante los dos sistemas frontales que afectar\u00e1n la zona central del pa\u00eds durante esta semana. Al respecto, el&#8230;<\/p>\n","protected":false},"author":482,"featured_media":47157,"comment_status":"open","ping_status":"closed","sticky":false,"template":"","format":"standard","meta":{"advanced_seo_description":"","jetpack_seo_html_title":"","jetpack_seo_noindex":false,"_jetpack_memberships_contains_paid_content":false,"footnotes":""},"categories":[1],"tags":[],"class_list":["post-47156","post","type-post","status-publish","format-standard","has-post-thumbnail","hentry","category-cronica"],"jetpack_featured_media_url":"https:\/\/i0.wp.com\/eltrabajo.cl\/portal\/wp-content\/uploads\/2014\/06\/Lluvias1.jpg?fit=529%2C359&ssl=1","jetpack_sharing_enabled":true,"jetpack_likes_enabled":true,"jetpack-related-posts":[],"_links":{"self":[{"href":"https:\/\/eltrabajo.cl\/portal\/wp-json\/wp\/v2\/posts\/47156","targetHints":{"allow":["GET"]}}],"collection":[{"href":"https:\/\/eltrabajo.cl\/portal\/wp-json\/wp\/v2\/posts"}],"about":[{"href":"https:\/\/eltrabajo.cl\/portal\/wp-json\/wp\/v2\/types\/post"}],"author":[{"embeddable":true,"href":"https:\/\/eltrabajo.cl\/portal\/wp-json\/wp\/v2\/users\/482"}],"replies":[{"embeddable":true,"href":"https:\/\/eltrabajo.cl\/portal\/wp-json\/wp\/v2\/comments?post=47156"}],"version-history":[{"count":0,"href":"https:\/\/eltrabajo.cl\/portal\/wp-json\/wp\/v2\/posts\/47156\/revisions"}],"wp:featuredmedia":[{"embeddable":true,"href":"https:\/\/eltrabajo.cl\/portal\/wp-json\/wp\/v2\/media\/47157"}],"wp:attachment":[{"href":"https:\/\/eltrabajo.cl\/portal\/wp-json\/wp\/v2\/media?parent=47156"}],"wp:term":[{"taxonomy":"category","embeddable":true,"href":"https:\/\/eltrabajo.cl\/portal\/wp-json\/wp\/v2\/categories?post=47156"},{"taxonomy":"post_tag","embeddable":true,"href":"https:\/\/eltrabajo.cl\/portal\/wp-json\/wp\/v2\/tags?post=47156"}],"curies":[{"name":"wp","href":"https:\/\/api.w.org\/{rel}","templated":true}]}}