{"id":47161,"date":"2014-06-03T09:37:49","date_gmt":"2014-06-03T13:37:49","guid":{"rendered":"http:\/\/www.eltrabajo.cl\/portal\/?p=47161"},"modified":"2014-06-03T09:37:49","modified_gmt":"2014-06-03T13:37:49","slug":"con-nuevos-socios-el-rotary-club-celebro-un-nuevo-aniversario","status":"publish","type":"post","link":"https:\/\/eltrabajo.cl\/portal\/con-nuevos-socios-el-rotary-club-celebro-un-nuevo-aniversario\/","title":{"rendered":"Con nuevos socios el Rotary Club celebr\u00f3 un nuevo aniversario"},"content":{"rendered":"<figure id=\"attachment_47162\" aria-describedby=\"caption-attachment-47162\" style=\"width: 528px\" class=\"wp-caption alignnone\"><a href=\"https:\/\/i0.wp.com\/www.eltrabajo.cl\/portal\/wp-content\/uploads\/2014\/06\/Rotary1.jpg\"><img data-recalc-dims=\"1\" loading=\"lazy\" decoding=\"async\" class=\"size-full wp-image-47162\" alt=\"Con la incorporaci\u00f3n de dos nuevos socios y un almuerzo de camarader\u00eda, Rotary Club de Putaendo conmemor\u00f3 su aniversario n\u00famero 69.\" src=\"https:\/\/i0.wp.com\/www.eltrabajo.cl\/portal\/wp-content\/uploads\/2014\/06\/Rotary1.jpg?resize=528%2C371\" width=\"528\" height=\"371\" srcset=\"https:\/\/i0.wp.com\/eltrabajo.cl\/portal\/wp-content\/uploads\/2014\/06\/Rotary1.jpg?w=528&amp;ssl=1 528w, https:\/\/i0.wp.com\/eltrabajo.cl\/portal\/wp-content\/uploads\/2014\/06\/Rotary1.jpg?resize=200%2C140&amp;ssl=1 200w, https:\/\/i0.wp.com\/eltrabajo.cl\/portal\/wp-content\/uploads\/2014\/06\/Rotary1.jpg?resize=300%2C210&amp;ssl=1 300w, https:\/\/i0.wp.com\/eltrabajo.cl\/portal\/wp-content\/uploads\/2014\/06\/Rotary1.jpg?resize=150%2C105&amp;ssl=1 150w, https:\/\/i0.wp.com\/eltrabajo.cl\/portal\/wp-content\/uploads\/2014\/06\/Rotary1.jpg?resize=400%2C281&amp;ssl=1 400w\" sizes=\"auto, (max-width: 528px) 100vw, 528px\" \/><\/a><figcaption id=\"caption-attachment-47162\" class=\"wp-caption-text\">Con la incorporaci\u00f3n de dos nuevos socios y un almuerzo de camarader\u00eda, Rotary Club de Putaendo conmemor\u00f3 su aniversario n\u00famero 69.<\/figcaption><\/figure>\n<p><strong>PUTAENDO<\/strong>.- Con la incorporaci\u00f3n de dos nuevos socios y un almuerzo de camarader\u00eda, Rotary Club de Putaendo conmemor\u00f3 su aniversario n\u00famero 69. En dependencias del Mercado Dolores Otero, pasado el mediod\u00eda del s\u00e1bado, se desarroll\u00f3 la celebraci\u00f3n de este nuevo aniversario, al cual asistieron pr\u00e1cticamente todos los socios de Rotary Club que dieron la bienvenida a los dos nuevos j\u00f3venes que se integran a esta instituci\u00f3n.<\/p>\n<p>Emelina Dom\u00ednguez, Presidente de Rotary Club Putaendo, destac\u00f3 como hoy Rotary a nivel local se ha incorporado y abierto m\u00e1s hacia la comunidad y adem\u00e1s indic\u00f3 que hay mucho m\u00e1s entusiasmo por parte de los integrantes, lo que ha permitido que Rotary Club est\u00e9 presente en pr\u00e1cticamente todas las actividades que se est\u00e1n desarrollando a nivel comunal con un trabajo voluntarioso y de mucha dedicaci\u00f3n.<\/p>\n<p>En este sentido, Dom\u00ednguez se\u00f1al\u00f3 que espera terminar su periodo como presidenta a fines de este mes para dar paso a las nuevas generaciones de rotarios que seguir\u00e1n trabajando en esta noble tarea de representar a Rotary Internacional.<\/p>\n<p>Entre los asistentes a este nuevo aniversario se encontraba el Profesor Julio Silva, destacado y entusiasta rotario y Mario Alberto N\u00fa\u00f1ez, profesor, hombre de comunicaciones y quien por 45 a\u00f1os en forma ininterrumpida ha formado parte de Rotary Club Putaendo, ocupando todos los cargos a lo largo de su destacada trayectoria como rotario y tambi\u00e9n es el editor del Bolet\u00edn Rotario de Putaendo, quien no pudo ocultar por ver como hoy Rotary Club cada d\u00eda es m\u00e1s grande y doblemente orgulloso al saber que su esposa tambi\u00e9n pertenece al grupo de Damas Rotarias.<\/p>\n<p>Patricio Gallardo M.<\/p>\n","protected":false},"excerpt":{"rendered":"<p>PUTAENDO.- Con la incorporaci\u00f3n de dos nuevos socios y un almuerzo de camarader\u00eda, Rotary Club de Putaendo conmemor\u00f3 su aniversario n\u00famero 69. En dependencias del Mercado Dolores Otero, pasado el mediod\u00eda del&#8230;<\/p>\n","protected":false},"author":482,"featured_media":47162,"comment_status":"open","ping_status":"closed","sticky":false,"template":"","format":"standard","meta":{"advanced_seo_description":"","jetpack_seo_html_title":"","jetpack_seo_noindex":false,"_jetpack_memberships_contains_paid_content":false,"footnotes":""},"categories":[1],"tags":[],"class_list":["post-47161","post","type-post","status-publish","format-standard","has-post-thumbnail","hentry","category-cronica"],"jetpack_featured_media_url":"https:\/\/i0.wp.com\/eltrabajo.cl\/portal\/wp-content\/uploads\/2014\/06\/Rotary1.jpg?fit=528%2C371&ssl=1","jetpack_sharing_enabled":true,"jetpack_likes_enabled":true,"jetpack-related-posts":[],"_links":{"self":[{"href":"https:\/\/eltrabajo.cl\/portal\/wp-json\/wp\/v2\/posts\/47161","targetHints":{"allow":["GET"]}}],"collection":[{"href":"https:\/\/eltrabajo.cl\/portal\/wp-json\/wp\/v2\/posts"}],"about":[{"href":"https:\/\/eltrabajo.cl\/portal\/wp-json\/wp\/v2\/types\/post"}],"author":[{"embeddable":true,"href":"https:\/\/eltrabajo.cl\/portal\/wp-json\/wp\/v2\/users\/482"}],"replies":[{"embeddable":true,"href":"https:\/\/eltrabajo.cl\/portal\/wp-json\/wp\/v2\/comments?post=47161"}],"version-history":[{"count":0,"href":"https:\/\/eltrabajo.cl\/portal\/wp-json\/wp\/v2\/posts\/47161\/revisions"}],"wp:featuredmedia":[{"embeddable":true,"href":"https:\/\/eltrabajo.cl\/portal\/wp-json\/wp\/v2\/media\/47162"}],"wp:attachment":[{"href":"https:\/\/eltrabajo.cl\/portal\/wp-json\/wp\/v2\/media?parent=47161"}],"wp:term":[{"taxonomy":"category","embeddable":true,"href":"https:\/\/eltrabajo.cl\/portal\/wp-json\/wp\/v2\/categories?post=47161"},{"taxonomy":"post_tag","embeddable":true,"href":"https:\/\/eltrabajo.cl\/portal\/wp-json\/wp\/v2\/tags?post=47161"}],"curies":[{"name":"wp","href":"https:\/\/api.w.org\/{rel}","templated":true}]}}