{"id":47164,"date":"2014-06-03T09:42:55","date_gmt":"2014-06-03T13:42:55","guid":{"rendered":"http:\/\/www.eltrabajo.cl\/portal\/?p=47164"},"modified":"2014-06-03T09:42:55","modified_gmt":"2014-06-03T13:42:55","slug":"ninos-y-jovenes-de-villa-250-anos-pintan-mural-por-sus-derechos","status":"publish","type":"post","link":"https:\/\/eltrabajo.cl\/portal\/ninos-y-jovenes-de-villa-250-anos-pintan-mural-por-sus-derechos\/","title":{"rendered":"Ni\u00f1os y j\u00f3venes de Villa 250 A\u00f1os pintan mural por sus derechos"},"content":{"rendered":"<figure id=\"attachment_47165\" aria-describedby=\"caption-attachment-47165\" style=\"width: 528px\" class=\"wp-caption alignnone\"><a href=\"https:\/\/i0.wp.com\/www.eltrabajo.cl\/portal\/wp-content\/uploads\/2014\/06\/Porta1.jpg\"><img data-recalc-dims=\"1\" loading=\"lazy\" decoding=\"async\" class=\"size-full wp-image-47165\" alt=\"Autoridades de la provincia posan para las c\u00e1maras de Diario El Trabajo frente al mural por los Derechos de los ni\u00f1os y adolescentes de Villa 250 A\u00f1os.\" src=\"https:\/\/i0.wp.com\/www.eltrabajo.cl\/portal\/wp-content\/uploads\/2014\/06\/Porta1.jpg?resize=528%2C300\" width=\"528\" height=\"300\" srcset=\"https:\/\/i0.wp.com\/eltrabajo.cl\/portal\/wp-content\/uploads\/2014\/06\/Porta1.jpg?w=528&amp;ssl=1 528w, https:\/\/i0.wp.com\/eltrabajo.cl\/portal\/wp-content\/uploads\/2014\/06\/Porta1.jpg?resize=200%2C113&amp;ssl=1 200w, https:\/\/i0.wp.com\/eltrabajo.cl\/portal\/wp-content\/uploads\/2014\/06\/Porta1.jpg?resize=300%2C170&amp;ssl=1 300w, https:\/\/i0.wp.com\/eltrabajo.cl\/portal\/wp-content\/uploads\/2014\/06\/Porta1.jpg?resize=150%2C85&amp;ssl=1 150w, https:\/\/i0.wp.com\/eltrabajo.cl\/portal\/wp-content\/uploads\/2014\/06\/Porta1.jpg?resize=400%2C227&amp;ssl=1 400w\" sizes=\"auto, (max-width: 528px) 100vw, 528px\" \/><\/a><figcaption id=\"caption-attachment-47165\" class=\"wp-caption-text\">Autoridades de la provincia posan para las c\u00e1maras de Diario El Trabajo frente al mural por los Derechos de los ni\u00f1os y adolescentes de Villa 250 A\u00f1os.<\/figcaption><\/figure>\n<p>Sensibilizar en torno a la tem\u00e1tica de los Derechos de la Infancia y la Adolescencia, tanto a los ni\u00f1os as\u00ed como al mundo adulto de Villa 250 A\u00f1os, es el objetivo de la OPD a trav\u00e9s de una actividad desarrollada en ese sector, donde los peque\u00f1os pintaron sus derechos en un mural que permite embellecer un sector de esa poblaci\u00f3n. Los ejecutores de este mural no s\u00f3lo fueron instruidos acerca de las t\u00e9cnicas para realizar un bonito trabajo art\u00edstico, sino tambi\u00e9n fueron sensibilizados en materia de promoci\u00f3n y protecci\u00f3n de derechos.<\/p>\n<figure id=\"attachment_47166\" aria-describedby=\"caption-attachment-47166\" style=\"width: 370px\" class=\"wp-caption alignright\"><a href=\"https:\/\/i0.wp.com\/www.eltrabajo.cl\/portal\/wp-content\/uploads\/2014\/06\/Mural2.jpg\"><img data-recalc-dims=\"1\" loading=\"lazy\" decoding=\"async\" class=\" wp-image-47166 \" alt=\"La OPD en Villa 250 A\u00f1os califica como necesario el involucrar y fomentar la tem\u00e1tica de Derechos de infancia entre los m\u00e1s peque\u00f1os de la comuna.\" src=\"https:\/\/i0.wp.com\/www.eltrabajo.cl\/portal\/wp-content\/uploads\/2014\/06\/Mural2.jpg?resize=370%2C250\" width=\"370\" height=\"250\" srcset=\"https:\/\/i0.wp.com\/eltrabajo.cl\/portal\/wp-content\/uploads\/2014\/06\/Mural2.jpg?w=529&amp;ssl=1 529w, https:\/\/i0.wp.com\/eltrabajo.cl\/portal\/wp-content\/uploads\/2014\/06\/Mural2.jpg?resize=200%2C134&amp;ssl=1 200w, https:\/\/i0.wp.com\/eltrabajo.cl\/portal\/wp-content\/uploads\/2014\/06\/Mural2.jpg?resize=300%2C202&amp;ssl=1 300w, https:\/\/i0.wp.com\/eltrabajo.cl\/portal\/wp-content\/uploads\/2014\/06\/Mural2.jpg?resize=150%2C101&amp;ssl=1 150w, https:\/\/i0.wp.com\/eltrabajo.cl\/portal\/wp-content\/uploads\/2014\/06\/Mural2.jpg?resize=400%2C269&amp;ssl=1 400w\" sizes=\"auto, (max-width: 370px) 100vw, 370px\" \/><\/a><figcaption id=\"caption-attachment-47166\" class=\"wp-caption-text\">La OPD en Villa 250 A\u00f1os califica como necesario el involucrar y fomentar la tem\u00e1tica de Derechos de infancia entre los m\u00e1s peque\u00f1os de la comuna.<\/figcaption><\/figure>\n<p>Seg\u00fan explic\u00f3 la Coordinadora de la OPD San Felipe, la Asistente Social Francisca Hidalgo, \u201cla idea con este tipo de actividades es que se pueda entender tambi\u00e9n, que en la medida que se respeten los Derechos de los ni\u00f1os adolescentes, podr\u00e1n tener un desarrollo integral y feliz, tarea que es nuestra como OPD, como Sename y como municipio que est\u00e1 fuertemente comprometido con esta comunidad\u201d.<\/p>\n<p><strong>CODO A CODO<\/strong><\/p>\n<p>En tanto, el Alcalde Patricio Freire manifest\u00f3 que existe un fuerte trabajo que se est\u00e1 realizando en materia de infancia, relevando en este caso el accionar de la OPD en Villa 250 A\u00f1os, donde seg\u00fan dijo la autoridad, es necesario involucrar y fomentar la tem\u00e1tica de derechos de infancia entre los m\u00e1s peque\u00f1os de la comuna y particularmente, de este sector poblacional.<\/p>\n<p>\u201cEstamos inaugurando este mural y con la OPD, estamos trabajando codo a codo, haciendo una comunidad distinta, donde queremos potenciar y avanzar hacia un mayor respeto de los derechos de la infancia\u201d, se\u00f1al\u00f3 el Alcalde Freire.<\/p>\n<p>Entre los artistas que pintaron este mural sobre los Derechos en Villa 250 A\u00f1os, hab\u00eda gran satisfacci\u00f3n por el trabajo realizado. Finalmente el Gobernador Eduardo Le\u00f3n en tanto, resalt\u00f3 la ejecuci\u00f3n de estas acciones, que no s\u00f3lo permiten sensibilizar en torno a la tem\u00e1tica de los Derechos de la infancia y la adolescencia, sino tambi\u00e9n favorecen la participaci\u00f3n de los ni\u00f1os de Villa 250 A\u00f1os.<\/p>\n<p>&nbsp;<\/p>\n","protected":false},"excerpt":{"rendered":"<p>Sensibilizar en torno a la tem\u00e1tica de los Derechos de la Infancia y la Adolescencia, tanto a los ni\u00f1os as\u00ed como al mundo adulto de Villa 250 A\u00f1os, es el objetivo de&#8230;<\/p>\n","protected":false},"author":482,"featured_media":47165,"comment_status":"open","ping_status":"closed","sticky":false,"template":"","format":"standard","meta":{"advanced_seo_description":"","jetpack_seo_html_title":"","jetpack_seo_noindex":false,"_jetpack_memberships_contains_paid_content":false,"footnotes":""},"categories":[15],"tags":[],"class_list":["post-47164","post","type-post","status-publish","format-standard","has-post-thumbnail","hentry","category-comunidad"],"jetpack_featured_media_url":"https:\/\/i0.wp.com\/eltrabajo.cl\/portal\/wp-content\/uploads\/2014\/06\/Porta1.jpg?fit=528%2C300&ssl=1","jetpack_sharing_enabled":true,"jetpack_likes_enabled":true,"jetpack-related-posts":[],"_links":{"self":[{"href":"https:\/\/eltrabajo.cl\/portal\/wp-json\/wp\/v2\/posts\/47164","targetHints":{"allow":["GET"]}}],"collection":[{"href":"https:\/\/eltrabajo.cl\/portal\/wp-json\/wp\/v2\/posts"}],"about":[{"href":"https:\/\/eltrabajo.cl\/portal\/wp-json\/wp\/v2\/types\/post"}],"author":[{"embeddable":true,"href":"https:\/\/eltrabajo.cl\/portal\/wp-json\/wp\/v2\/users\/482"}],"replies":[{"embeddable":true,"href":"https:\/\/eltrabajo.cl\/portal\/wp-json\/wp\/v2\/comments?post=47164"}],"version-history":[{"count":0,"href":"https:\/\/eltrabajo.cl\/portal\/wp-json\/wp\/v2\/posts\/47164\/revisions"}],"wp:featuredmedia":[{"embeddable":true,"href":"https:\/\/eltrabajo.cl\/portal\/wp-json\/wp\/v2\/media\/47165"}],"wp:attachment":[{"href":"https:\/\/eltrabajo.cl\/portal\/wp-json\/wp\/v2\/media?parent=47164"}],"wp:term":[{"taxonomy":"category","embeddable":true,"href":"https:\/\/eltrabajo.cl\/portal\/wp-json\/wp\/v2\/categories?post=47164"},{"taxonomy":"post_tag","embeddable":true,"href":"https:\/\/eltrabajo.cl\/portal\/wp-json\/wp\/v2\/tags?post=47164"}],"curies":[{"name":"wp","href":"https:\/\/api.w.org\/{rel}","templated":true}]}}