{"id":47175,"date":"2014-06-03T09:47:01","date_gmt":"2014-06-03T13:47:01","guid":{"rendered":"http:\/\/www.eltrabajo.cl\/portal\/?p=47175"},"modified":"2014-06-03T09:47:01","modified_gmt":"2014-06-03T13:47:01","slug":"llaman-a-licitar-proyecto-de-mejoramiento-de-veredas-en-acceso-al-terminal-de-buses","status":"publish","type":"post","link":"https:\/\/eltrabajo.cl\/portal\/llaman-a-licitar-proyecto-de-mejoramiento-de-veredas-en-acceso-al-terminal-de-buses\/","title":{"rendered":"Llaman a licitar proyecto de mejoramiento de veredas en acceso al terminal de buses"},"content":{"rendered":"<figure id=\"attachment_47176\" aria-describedby=\"caption-attachment-47176\" style=\"width: 317px\" class=\"wp-caption alignleft\"><a href=\"https:\/\/i0.wp.com\/www.eltrabajo.cl\/portal\/wp-content\/uploads\/2014\/06\/Claudio-Paredes.jpg\"><img data-recalc-dims=\"1\" loading=\"lazy\" decoding=\"async\" class=\" wp-image-47176 \" alt=\"Claudio Paredes, Secretario de Planificaci\u00f3n de la Municipalidad de San Felipe.  \" src=\"https:\/\/i0.wp.com\/www.eltrabajo.cl\/portal\/wp-content\/uploads\/2014\/06\/Claudio-Paredes.jpg?resize=317%2C335\" width=\"317\" height=\"335\" srcset=\"https:\/\/i0.wp.com\/eltrabajo.cl\/portal\/wp-content\/uploads\/2014\/06\/Claudio-Paredes.jpg?w=529&amp;ssl=1 529w, https:\/\/i0.wp.com\/eltrabajo.cl\/portal\/wp-content\/uploads\/2014\/06\/Claudio-Paredes.jpg?resize=142%2C150&amp;ssl=1 142w, https:\/\/i0.wp.com\/eltrabajo.cl\/portal\/wp-content\/uploads\/2014\/06\/Claudio-Paredes.jpg?resize=284%2C300&amp;ssl=1 284w, https:\/\/i0.wp.com\/eltrabajo.cl\/portal\/wp-content\/uploads\/2014\/06\/Claudio-Paredes.jpg?resize=400%2C421&amp;ssl=1 400w\" sizes=\"auto, (max-width: 317px) 100vw, 317px\" \/><\/a><figcaption id=\"caption-attachment-47176\" class=\"wp-caption-text\">Claudio Paredes, Secretario de Planificaci\u00f3n de la Municipalidad de San Felipe.<\/figcaption><\/figure>\n<p>En proceso de licitaci\u00f3n se encuentra el proyecto de veredas del acceso al terminal de buses de San Felipe, que lleva adelante la Secretar\u00eda de Planificaci\u00f3n de la Municipalidad de San Felipe y que constituye una iniciativa de suma importancia para la administraci\u00f3n del Alcalde Patricio Freire. La iniciativa ha sido enfocada como un proyecto piloto de mejoramiento de veredas, con el objetivo de que m\u00e1s adelante sea repl icada en el damero central de la comuna.<\/p>\n<p>El proyecto contempla el mejoramiento de las veredas en el sector comprendido entre las calles Joaqu\u00edn Oliva y San Mart\u00edn, es decir en el sector de ingreso de los pasajeros del terminal de buses, una iniciativa que contempla una inversi\u00f3n de alrededor de $60 millones y que se ejecutar\u00e1 a trav\u00e9s del Fondo Regional de Inversi\u00f3n Local (Fril).<\/p>\n<p>\u201cMa\u00f1ana martes es la visita a terreno por eso queremos convocar a todas las empresas locales que puedan participar de la licitaci\u00f3n, es un proyecto muy auspicioso porque permite la renovaci\u00f3n de todo el frontis a una materialidad de vereda, con iluminaci\u00f3n peatonal, con mobiliario y asientos urbanos, de manera de generar una visi\u00f3n distinta de lo que estamos acostumbrados a lo que es el terminal, que es un sector de alto tr\u00e1fico de visitantes, por tanto el se\u00f1or alcalde nos ha pedido partir en ese sector y que es un proyecto complementario que se est\u00e1 ejecutando que es el paseo de los artesanos\u201d, dijo Claudio Paredes, Secretario de Planificaci\u00f3n de la Municipalidad de San Felipe.<\/p>\n<p>El proyecto tiene un plazo de ejecuci\u00f3n de 120 d\u00edas y seg\u00fan los plazos, se espera que a mediados del mes de junio se adjudique la empresa que ejecutar\u00e1 la obra, las que deber\u00edan comenzar en el mes de julio.<\/p>\n<p>Este proyecto busca hermosear el sector de nuevo ingreso a la comuna, al que se suma el pueblito de artesanos que se est\u00e1 ejecutando en Avenida Yungay con San Mart\u00edn y adem\u00e1s tiene como objetivo conocer la materialidad que se colocar\u00e1 en el lugar para m\u00e1s tarde replicarla en otros sectores de la comuna.<\/p>\n<p>\u201cUno de los proyectos importantes del Alcalde Freire es cambiar las actuales veredas de la comuna, particularmente en el centro a materialidad de baldosa y micro-vibrada, no solamente que sean hermosas a la visual sino que permitan que la gente de tercera erad se desplace sin ca\u00eddas, en este contexto este es un proyecto piloto\u201d, sostuvo el Secpla.<\/p>\n<p>&nbsp;<\/p>\n","protected":false},"excerpt":{"rendered":"<p>En proceso de licitaci\u00f3n se encuentra el proyecto de veredas del acceso al terminal de buses de San Felipe, que lleva adelante la Secretar\u00eda de Planificaci\u00f3n de la Municipalidad de San Felipe&#8230;<\/p>\n","protected":false},"author":482,"featured_media":47176,"comment_status":"open","ping_status":"closed","sticky":false,"template":"","format":"standard","meta":{"advanced_seo_description":"","jetpack_seo_html_title":"","jetpack_seo_noindex":false,"_jetpack_memberships_contains_paid_content":false,"footnotes":""},"categories":[1],"tags":[],"class_list":["post-47175","post","type-post","status-publish","format-standard","has-post-thumbnail","hentry","category-cronica"],"jetpack_featured_media_url":"https:\/\/i0.wp.com\/eltrabajo.cl\/portal\/wp-content\/uploads\/2014\/06\/Claudio-Paredes.jpg?fit=529%2C558&ssl=1","jetpack_sharing_enabled":true,"jetpack_likes_enabled":true,"jetpack-related-posts":[],"_links":{"self":[{"href":"https:\/\/eltrabajo.cl\/portal\/wp-json\/wp\/v2\/posts\/47175","targetHints":{"allow":["GET"]}}],"collection":[{"href":"https:\/\/eltrabajo.cl\/portal\/wp-json\/wp\/v2\/posts"}],"about":[{"href":"https:\/\/eltrabajo.cl\/portal\/wp-json\/wp\/v2\/types\/post"}],"author":[{"embeddable":true,"href":"https:\/\/eltrabajo.cl\/portal\/wp-json\/wp\/v2\/users\/482"}],"replies":[{"embeddable":true,"href":"https:\/\/eltrabajo.cl\/portal\/wp-json\/wp\/v2\/comments?post=47175"}],"version-history":[{"count":0,"href":"https:\/\/eltrabajo.cl\/portal\/wp-json\/wp\/v2\/posts\/47175\/revisions"}],"wp:featuredmedia":[{"embeddable":true,"href":"https:\/\/eltrabajo.cl\/portal\/wp-json\/wp\/v2\/media\/47176"}],"wp:attachment":[{"href":"https:\/\/eltrabajo.cl\/portal\/wp-json\/wp\/v2\/media?parent=47175"}],"wp:term":[{"taxonomy":"category","embeddable":true,"href":"https:\/\/eltrabajo.cl\/portal\/wp-json\/wp\/v2\/categories?post=47175"},{"taxonomy":"post_tag","embeddable":true,"href":"https:\/\/eltrabajo.cl\/portal\/wp-json\/wp\/v2\/tags?post=47175"}],"curies":[{"name":"wp","href":"https:\/\/api.w.org\/{rel}","templated":true}]}}