{"id":4719,"date":"2011-10-13T10:19:31","date_gmt":"2011-10-13T14:19:31","guid":{"rendered":"http:\/\/www.eltrabajo.cl\/portal\/?p=4719"},"modified":"2011-10-13T10:19:31","modified_gmt":"2011-10-13T14:19:31","slug":"diputado-rivas-propone-indemnizar-a-trabajadores-que-renuncian","status":"publish","type":"post","link":"https:\/\/eltrabajo.cl\/portal\/diputado-rivas-propone-indemnizar-a-trabajadores-que-renuncian\/","title":{"rendered":"Diputado Rivas propone indemnizar a trabajadores que renuncian"},"content":{"rendered":"<figure id=\"attachment_4720\" aria-describedby=\"caption-attachment-4720\" style=\"width: 600px\" class=\"wp-caption alignnone\"><a href=\"http:\/\/www.eltrabajo.cl\/portal\/archives\/4719\/rivas1\" rel=\"attachment wp-att-4720\"><img data-recalc-dims=\"1\" loading=\"lazy\" decoding=\"async\" class=\"size-full wp-image-4720\" title=\"Rivas1\" src=\"https:\/\/i0.wp.com\/www.eltrabajo.cl\/portal\/wp-content\/uploads\/2011\/10\/Rivas1.jpg?resize=600%2C485\" alt=\"\" width=\"600\" height=\"485\" srcset=\"https:\/\/i0.wp.com\/eltrabajo.cl\/portal\/wp-content\/uploads\/2011\/10\/Rivas1.jpg?w=600&amp;ssl=1 600w, https:\/\/i0.wp.com\/eltrabajo.cl\/portal\/wp-content\/uploads\/2011\/10\/Rivas1.jpg?resize=185%2C150&amp;ssl=1 185w, https:\/\/i0.wp.com\/eltrabajo.cl\/portal\/wp-content\/uploads\/2011\/10\/Rivas1.jpg?resize=300%2C242&amp;ssl=1 300w, https:\/\/i0.wp.com\/eltrabajo.cl\/portal\/wp-content\/uploads\/2011\/10\/Rivas1.jpg?resize=150%2C121&amp;ssl=1 150w, https:\/\/i0.wp.com\/eltrabajo.cl\/portal\/wp-content\/uploads\/2011\/10\/Rivas1.jpg?resize=400%2C323&amp;ssl=1 400w\" sizes=\"auto, (max-width: 600px) 100vw, 600px\" \/><\/a><figcaption id=\"caption-attachment-4720\" class=\"wp-caption-text\">Con la propuesta del legislador, se abrir\u00edan puertas a mejores condiciones laborales, ser\u00e1 el tiempo quien demuestre si la propuesta de Rivas ser\u00e1 bien recibida o bien se quedar\u00e1 en el olvido.<\/figcaption><\/figure>\n<p>El Diputado Gaspar Rivas present\u00f3 el pasado martes 9 de octubre un proyecto de ley que establece que, cuando un trabajador renuncia a su empleo o bien fallece, debe recibir una indemnizaci\u00f3n de \u201cun mes por a\u00f1o\u201d de parte de su empleador, con un tope de cinco a\u00f1os.<\/p>\n<p>El parlamentario indic\u00f3 que hasta este momento, cuando un trabajador renuncia o bien muere, \u00e9l o su familia no reciben ning\u00fan tipo de indemnizaci\u00f3n. Hoy en d\u00eda, la indemnizaci\u00f3n s\u00f3lo se da para ciertos casos de despido. La ley establece, para este caso, un tope de 11 a\u00f1os en la indemnizaci\u00f3n de \u201cmes por a\u00f1o\u201d. En el caso del proyecto del parlamentario RN, el tope de la indemnizaci\u00f3n de \u201cmes por a\u00f1o\u201d es de 5 a\u00f1os.<\/p>\n<p>Para evitar malos usos de esta norma que se propone, el proyecto establece que, antes de poder optar a este beneficio en caso de renuncia o muerte, el trabajador debe haber permanecido un m\u00ednimo de dos a\u00f1os al servicio del mismo empleador.<\/p>\n<p>\u00abAqu\u00ed lo que se quiere es que, as\u00ed como se le reconoce al trabajador un est\u00edmulo y reconocimiento por sus fieles a\u00f1os de trabajo cuando es despedido bajo ciertas circunstancias que no le son imputables a su culpa, tambi\u00e9n se le reconozca este derecho cuando decide renunciar o bien fallece. Me parece que es un derecho b\u00e1sico y esencial para los trabajadores y que, hasta hoy, no exist\u00eda. Espero que el Congreso comparta esta visi\u00f3n y este proyecto pueda convertirse prontamente en ley\u00bb, manifest\u00f3 el diputado Rivas a Diario El Trabajo.<\/p>\n","protected":false},"excerpt":{"rendered":"<p>El Diputado Gaspar Rivas present\u00f3 el pasado martes 9 de octubre un proyecto de ley que establece que, cuando un trabajador renuncia a su empleo o bien fallece, debe recibir una indemnizaci\u00f3n&#8230;<\/p>\n","protected":false},"author":482,"featured_media":4720,"comment_status":"open","ping_status":"open","sticky":false,"template":"","format":"standard","meta":{"advanced_seo_description":"","jetpack_seo_html_title":"","jetpack_seo_noindex":false,"_jetpack_memberships_contains_paid_content":false,"footnotes":""},"categories":[16],"tags":[],"class_list":["post-4719","post","type-post","status-publish","format-standard","has-post-thumbnail","hentry","category-politica"],"jetpack_featured_media_url":"https:\/\/i0.wp.com\/eltrabajo.cl\/portal\/wp-content\/uploads\/2011\/10\/Rivas1.jpg?fit=600%2C485&ssl=1","jetpack_sharing_enabled":true,"jetpack_likes_enabled":true,"jetpack-related-posts":[],"_links":{"self":[{"href":"https:\/\/eltrabajo.cl\/portal\/wp-json\/wp\/v2\/posts\/4719","targetHints":{"allow":["GET"]}}],"collection":[{"href":"https:\/\/eltrabajo.cl\/portal\/wp-json\/wp\/v2\/posts"}],"about":[{"href":"https:\/\/eltrabajo.cl\/portal\/wp-json\/wp\/v2\/types\/post"}],"author":[{"embeddable":true,"href":"https:\/\/eltrabajo.cl\/portal\/wp-json\/wp\/v2\/users\/482"}],"replies":[{"embeddable":true,"href":"https:\/\/eltrabajo.cl\/portal\/wp-json\/wp\/v2\/comments?post=4719"}],"version-history":[{"count":0,"href":"https:\/\/eltrabajo.cl\/portal\/wp-json\/wp\/v2\/posts\/4719\/revisions"}],"wp:featuredmedia":[{"embeddable":true,"href":"https:\/\/eltrabajo.cl\/portal\/wp-json\/wp\/v2\/media\/4720"}],"wp:attachment":[{"href":"https:\/\/eltrabajo.cl\/portal\/wp-json\/wp\/v2\/media?parent=4719"}],"wp:term":[{"taxonomy":"category","embeddable":true,"href":"https:\/\/eltrabajo.cl\/portal\/wp-json\/wp\/v2\/categories?post=4719"},{"taxonomy":"post_tag","embeddable":true,"href":"https:\/\/eltrabajo.cl\/portal\/wp-json\/wp\/v2\/tags?post=4719"}],"curies":[{"name":"wp","href":"https:\/\/api.w.org\/{rel}","templated":true}]}}