{"id":47196,"date":"2014-06-04T09:26:25","date_gmt":"2014-06-04T13:26:25","guid":{"rendered":"http:\/\/www.eltrabajo.cl\/portal\/?p=47196"},"modified":"2014-06-04T09:26:25","modified_gmt":"2014-06-04T13:26:25","slug":"vecinos-y-autoridades-conmemoran-el-dia-mundial-sin-fumar","status":"publish","type":"post","link":"https:\/\/eltrabajo.cl\/portal\/vecinos-y-autoridades-conmemoran-el-dia-mundial-sin-fumar\/","title":{"rendered":"Vecinos y autoridades conmemoran el D\u00eda Mundial sin fumar"},"content":{"rendered":"<figure id=\"attachment_47197\" aria-describedby=\"caption-attachment-47197\" style=\"width: 528px\" class=\"wp-caption alignnone\"><a href=\"https:\/\/i0.wp.com\/www.eltrabajo.cl\/portal\/wp-content\/uploads\/2014\/06\/Cigarros1.jpg\"><img data-recalc-dims=\"1\" loading=\"lazy\" decoding=\"async\" class=\"size-full wp-image-47197\" alt=\"NO AL TABACO.- La actividad se inici\u00f3 a un costado de la municipalidad y posteriormente se traslad\u00f3 a las principales intersecciones del centro de la comuna.\" src=\"https:\/\/i0.wp.com\/www.eltrabajo.cl\/portal\/wp-content\/uploads\/2014\/06\/Cigarros1.jpg?resize=528%2C316\" width=\"528\" height=\"316\" srcset=\"https:\/\/i0.wp.com\/eltrabajo.cl\/portal\/wp-content\/uploads\/2014\/06\/Cigarros1.jpg?w=528&amp;ssl=1 528w, https:\/\/i0.wp.com\/eltrabajo.cl\/portal\/wp-content\/uploads\/2014\/06\/Cigarros1.jpg?resize=200%2C119&amp;ssl=1 200w, https:\/\/i0.wp.com\/eltrabajo.cl\/portal\/wp-content\/uploads\/2014\/06\/Cigarros1.jpg?resize=300%2C179&amp;ssl=1 300w, https:\/\/i0.wp.com\/eltrabajo.cl\/portal\/wp-content\/uploads\/2014\/06\/Cigarros1.jpg?resize=150%2C89&amp;ssl=1 150w, https:\/\/i0.wp.com\/eltrabajo.cl\/portal\/wp-content\/uploads\/2014\/06\/Cigarros1.jpg?resize=400%2C239&amp;ssl=1 400w\" sizes=\"auto, (max-width: 528px) 100vw, 528px\" \/><\/a><figcaption id=\"caption-attachment-47197\" class=\"wp-caption-text\">NO AL TABACO.- La actividad se inici\u00f3 a un costado de la municipalidad y posteriormente se traslad\u00f3 a las principales intersecciones del centro de la comuna.<\/figcaption><\/figure>\n<p><strong>SANTA MAR\u00cdA.<\/strong>&#8211; Como ya es tradicional, la Municipalidad de Santa Mar\u00eda; Senda Previene; Cesfam; Servicio Pa\u00eds; Cultura y el Club de Conquistadores Al\u00f3n El\u00ed, celebraron el D\u00eda Mundial sin fumar. Esta iniciativa se lleva realizando desde hace cuatro a\u00f1os consecutivos y ha sido permanentemente patrocinada por el gobierno comunal.<\/p>\n<figure id=\"attachment_47198\" aria-describedby=\"caption-attachment-47198\" style=\"width: 317px\" class=\"wp-caption alignright\"><a href=\"https:\/\/i0.wp.com\/www.eltrabajo.cl\/portal\/wp-content\/uploads\/2014\/06\/Cigarros2.jpg\"><img data-recalc-dims=\"1\" loading=\"lazy\" decoding=\"async\" class=\" wp-image-47198 \" alt=\"FUMAR ES MORIR.- La idea principal de esta actividad fue impactar a los vecinos y vecinas de la comuna de Santa Mar\u00eda para que tomen conciencia de los da\u00f1os irreversibles que produce el cigarrillo.\" src=\"https:\/\/i0.wp.com\/www.eltrabajo.cl\/portal\/wp-content\/uploads\/2014\/06\/Cigarros2.jpg?resize=317%2C254\" width=\"317\" height=\"254\" srcset=\"https:\/\/i0.wp.com\/eltrabajo.cl\/portal\/wp-content\/uploads\/2014\/06\/Cigarros2.jpg?w=529&amp;ssl=1 529w, https:\/\/i0.wp.com\/eltrabajo.cl\/portal\/wp-content\/uploads\/2014\/06\/Cigarros2.jpg?resize=187%2C150&amp;ssl=1 187w, https:\/\/i0.wp.com\/eltrabajo.cl\/portal\/wp-content\/uploads\/2014\/06\/Cigarros2.jpg?resize=300%2C240&amp;ssl=1 300w, https:\/\/i0.wp.com\/eltrabajo.cl\/portal\/wp-content\/uploads\/2014\/06\/Cigarros2.jpg?resize=150%2C120&amp;ssl=1 150w, https:\/\/i0.wp.com\/eltrabajo.cl\/portal\/wp-content\/uploads\/2014\/06\/Cigarros2.jpg?resize=400%2C320&amp;ssl=1 400w\" sizes=\"auto, (max-width: 317px) 100vw, 317px\" \/><\/a><figcaption id=\"caption-attachment-47198\" class=\"wp-caption-text\">FUMAR ES MORIR.- La idea principal de esta actividad fue impactar a los vecinos y vecinas de la comuna de Santa Mar\u00eda para que tomen conciencia de los da\u00f1os irreversibles que produce el cigarrillo.<\/figcaption><\/figure>\n<p>La idea principal de esta actividad fue impactar a los vecinos y vecinas de la comuna de Santa Mar\u00eda para que tomen conciencia de los da\u00f1os irreversibles que produce el cigarrillo y que s\u00f3lo conduce a diversas enfermedades y eventualmente a la muerte. Asimismo busca involucrar a ni\u00f1os y adolescentes, con los que se trabaja en el reconocimiento y empoderamiento de una vida saludable.<\/p>\n<p>Claudia Herrera Fern\u00e1ndez, Coordinadora del Programa Senda Previene, nos se\u00f1al\u00f3 que \u201ccomo ya es tradicional, todos los 31 de mayo de cada a\u00f1o se celebra el D\u00eda Mundial sin fumar, por lo tanto los programas e instituciones no quisieron estar ajenos a esta actividad y realizamos un acto cultural, donde tuvimos la activa participaci\u00f3n de la Orquesta Juvenil y del Circo Teatro Jahuel. Es importante mencionar que tambi\u00e9n estuvimos intercambiando jugos, barras de cereales y brochetas de fruta por cigarrillos\u201d, coment\u00f3 Herrera.<\/p>\n<p>Al respecto el Alcalde Claudio Zurita Ibarra manifest\u00f3 que \u201cuno de los aspectos relevantes para tener una mejor calidad de vida, es que debemos tomar conciencia de la amenaza que representa el tabaquismo para nuestra salud, por ello agradezco y felicito a todos quienes organizaron y participaron de esta importante actividad. Este alcalde y el Concejo Municipal estar\u00e1n apoyando siempre estas iniciativas porque entendemos que el cuidado y la prevenci\u00f3n que los vecinos y vecinas tengan hoy, les otorgar\u00e1 un mejor vivir en el ma\u00f1ana\u201d.<\/p>\n<p>La actividad se inici\u00f3 a un costado de la municipalidad y posteriormente se traslad\u00f3 a las principales intersecciones del centro de la comuna, terminando en la concurrida feria de frutas y verduras que se realiza los d\u00edas s\u00e1bados en esta comuna.<\/p>\n<p>&nbsp;<\/p>\n","protected":false},"excerpt":{"rendered":"<p>SANTA MAR\u00cdA.&#8211; Como ya es tradicional, la Municipalidad de Santa Mar\u00eda; Senda Previene; Cesfam; Servicio Pa\u00eds; Cultura y el Club de Conquistadores Al\u00f3n El\u00ed, celebraron el D\u00eda Mundial sin fumar. Esta iniciativa&#8230;<\/p>\n","protected":false},"author":482,"featured_media":47197,"comment_status":"open","ping_status":"closed","sticky":false,"template":"","format":"standard","meta":{"advanced_seo_description":"","jetpack_seo_html_title":"","jetpack_seo_noindex":false,"_jetpack_memberships_contains_paid_content":false,"footnotes":""},"categories":[15],"tags":[],"class_list":["post-47196","post","type-post","status-publish","format-standard","has-post-thumbnail","hentry","category-comunidad"],"jetpack_featured_media_url":"https:\/\/i0.wp.com\/eltrabajo.cl\/portal\/wp-content\/uploads\/2014\/06\/Cigarros1.jpg?fit=528%2C316&ssl=1","jetpack_sharing_enabled":true,"jetpack_likes_enabled":true,"jetpack-related-posts":[],"_links":{"self":[{"href":"https:\/\/eltrabajo.cl\/portal\/wp-json\/wp\/v2\/posts\/47196","targetHints":{"allow":["GET"]}}],"collection":[{"href":"https:\/\/eltrabajo.cl\/portal\/wp-json\/wp\/v2\/posts"}],"about":[{"href":"https:\/\/eltrabajo.cl\/portal\/wp-json\/wp\/v2\/types\/post"}],"author":[{"embeddable":true,"href":"https:\/\/eltrabajo.cl\/portal\/wp-json\/wp\/v2\/users\/482"}],"replies":[{"embeddable":true,"href":"https:\/\/eltrabajo.cl\/portal\/wp-json\/wp\/v2\/comments?post=47196"}],"version-history":[{"count":0,"href":"https:\/\/eltrabajo.cl\/portal\/wp-json\/wp\/v2\/posts\/47196\/revisions"}],"wp:featuredmedia":[{"embeddable":true,"href":"https:\/\/eltrabajo.cl\/portal\/wp-json\/wp\/v2\/media\/47197"}],"wp:attachment":[{"href":"https:\/\/eltrabajo.cl\/portal\/wp-json\/wp\/v2\/media?parent=47196"}],"wp:term":[{"taxonomy":"category","embeddable":true,"href":"https:\/\/eltrabajo.cl\/portal\/wp-json\/wp\/v2\/categories?post=47196"},{"taxonomy":"post_tag","embeddable":true,"href":"https:\/\/eltrabajo.cl\/portal\/wp-json\/wp\/v2\/tags?post=47196"}],"curies":[{"name":"wp","href":"https:\/\/api.w.org\/{rel}","templated":true}]}}