{"id":47210,"date":"2014-06-04T09:32:06","date_gmt":"2014-06-04T13:32:06","guid":{"rendered":"http:\/\/www.eltrabajo.cl\/portal\/?p=47210"},"modified":"2014-06-04T09:32:06","modified_gmt":"2014-06-04T13:32:06","slug":"llaman-a-organizaciones-de-mujeres-a-postular-en-fondo-de-iniciativas","status":"publish","type":"post","link":"https:\/\/eltrabajo.cl\/portal\/llaman-a-organizaciones-de-mujeres-a-postular-en-fondo-de-iniciativas\/","title":{"rendered":"Llaman a organizaciones de mujeres a postular en fondo de iniciativas"},"content":{"rendered":"<figure id=\"attachment_47211\" aria-describedby=\"caption-attachment-47211\" style=\"width: 370px\" class=\"wp-caption alignleft\"><a href=\"https:\/\/i0.wp.com\/www.eltrabajo.cl\/portal\/wp-content\/uploads\/2014\/06\/Silvana-Vega.jpg\"><img data-recalc-dims=\"1\" loading=\"lazy\" decoding=\"async\" class=\" wp-image-47211 \" alt=\"Silvana Vera, Encargada de la Oficina Municipal de la Mujer y Ricardo Carrasco, Coordinador de la Dideco, hicieron el importante anuncio.\" src=\"https:\/\/i0.wp.com\/www.eltrabajo.cl\/portal\/wp-content\/uploads\/2014\/06\/Silvana-Vega.jpg?resize=370%2C270\" width=\"370\" height=\"270\" srcset=\"https:\/\/i0.wp.com\/eltrabajo.cl\/portal\/wp-content\/uploads\/2014\/06\/Silvana-Vega.jpg?w=529&amp;ssl=1 529w, https:\/\/i0.wp.com\/eltrabajo.cl\/portal\/wp-content\/uploads\/2014\/06\/Silvana-Vega.jpg?resize=200%2C145&amp;ssl=1 200w, https:\/\/i0.wp.com\/eltrabajo.cl\/portal\/wp-content\/uploads\/2014\/06\/Silvana-Vega.jpg?resize=300%2C218&amp;ssl=1 300w, https:\/\/i0.wp.com\/eltrabajo.cl\/portal\/wp-content\/uploads\/2014\/06\/Silvana-Vega.jpg?resize=150%2C109&amp;ssl=1 150w, https:\/\/i0.wp.com\/eltrabajo.cl\/portal\/wp-content\/uploads\/2014\/06\/Silvana-Vega.jpg?resize=400%2C291&amp;ssl=1 400w\" sizes=\"auto, (max-width: 370px) 100vw, 370px\" \/><\/a><figcaption id=\"caption-attachment-47211\" class=\"wp-caption-text\">Silvana Vera, Encargada de la Oficina Municipal de la Mujer y Ricardo Carrasco, Coordinador de la Dideco, hicieron el importante anuncio.<\/figcaption><\/figure>\n<p>Por segundo a\u00f1o consecutivo las organizaciones sociales de mujeres que existen en la comuna podr\u00e1n postular al fondo especial municipal, que busca apoyar a estas agrupaciones en su trabajo durante el a\u00f1o. As\u00ed lo dio a conocer Silvana Vera, Encargada de la Oficina Municipal de la Mujer, quien se\u00f1al\u00f3 que actualmente en la comuna existen 93 organizaciones vigentes de mujeres, en las que se cuentan centros de madres y talleres femeninos, de las cuales, el municipio realiza un trabajo directo con 82 de ellos.<\/p>\n<p>\u00abEs un n\u00famero bastante importante y por ello el a\u00f1o pasado se vio la necesidad de contar con un fondo propio que ayudara a estas organizaciones en sus distintas inquietudes, ya sea con insumos, capacitaciones, implementos, con peque\u00f1os arreglos en las sedes, por eso el a\u00f1o pasado comenz\u00f3 el fondo de iniciativas para mujeres, a partir de la Direcci\u00f3n de Desarrollo Comunitario se crea este fondo y este a\u00f1o se ampl\u00eda el fondo a 20 organizaciones con un monto de $100.000\u00bb, dijo Vera.<\/p>\n<p><strong>LOS REQUISITOS<\/strong><\/p>\n<p>El fondo est\u00e1 abierto desde esta semana por lo que las organizaciones pueden comenzar a retirar las bases y el formulario de postulaci\u00f3n, proceso que estar\u00e1 abierto hasta el viernes 13 de junio. \u00abEl requisito es que sean organizaciones de mujeres que tengan en el sector urbano 15 socias activas, y en el sector rural diez socias activas, que tengan su certificado vigente, que est\u00e9n al d\u00eda en la distinta documentaci\u00f3n y que tengan ganas y la necesidad de participar de estos fondos sociales\u00bb, sostuvo la coordinadora.<\/p>\n<p>\u00abEste fondo de iniciativas por segundo a\u00f1o se realiza, es muy importante para nuestro municipio poder contar con recursos p\u00fablicos que hoy en d\u00eda lleguen a las mujeres que est\u00e1n trabajando y adem\u00e1s generando recursos para sus hogares, por ello invitarlas a que participen y sigan potenciando los talleres femeninos que est\u00e1n trabajando de muy buena forma\u00bb, enfatiz\u00f3 Ricardo Carrasco, Coordinador de la Dideco.<\/p>\n<p>&nbsp;<\/p>\n","protected":false},"excerpt":{"rendered":"<p>Por segundo a\u00f1o consecutivo las organizaciones sociales de mujeres que existen en la comuna podr\u00e1n postular al fondo especial municipal, que busca apoyar a estas agrupaciones en su trabajo durante el a\u00f1o&#8230;.<\/p>\n","protected":false},"author":482,"featured_media":47211,"comment_status":"open","ping_status":"closed","sticky":false,"template":"","format":"standard","meta":{"advanced_seo_description":"","jetpack_seo_html_title":"","jetpack_seo_noindex":false,"_jetpack_memberships_contains_paid_content":false,"footnotes":""},"categories":[1],"tags":[],"class_list":["post-47210","post","type-post","status-publish","format-standard","has-post-thumbnail","hentry","category-cronica"],"jetpack_featured_media_url":"https:\/\/i0.wp.com\/eltrabajo.cl\/portal\/wp-content\/uploads\/2014\/06\/Silvana-Vega.jpg?fit=529%2C385&ssl=1","jetpack_sharing_enabled":true,"jetpack_likes_enabled":true,"jetpack-related-posts":[],"_links":{"self":[{"href":"https:\/\/eltrabajo.cl\/portal\/wp-json\/wp\/v2\/posts\/47210","targetHints":{"allow":["GET"]}}],"collection":[{"href":"https:\/\/eltrabajo.cl\/portal\/wp-json\/wp\/v2\/posts"}],"about":[{"href":"https:\/\/eltrabajo.cl\/portal\/wp-json\/wp\/v2\/types\/post"}],"author":[{"embeddable":true,"href":"https:\/\/eltrabajo.cl\/portal\/wp-json\/wp\/v2\/users\/482"}],"replies":[{"embeddable":true,"href":"https:\/\/eltrabajo.cl\/portal\/wp-json\/wp\/v2\/comments?post=47210"}],"version-history":[{"count":0,"href":"https:\/\/eltrabajo.cl\/portal\/wp-json\/wp\/v2\/posts\/47210\/revisions"}],"wp:featuredmedia":[{"embeddable":true,"href":"https:\/\/eltrabajo.cl\/portal\/wp-json\/wp\/v2\/media\/47211"}],"wp:attachment":[{"href":"https:\/\/eltrabajo.cl\/portal\/wp-json\/wp\/v2\/media?parent=47210"}],"wp:term":[{"taxonomy":"category","embeddable":true,"href":"https:\/\/eltrabajo.cl\/portal\/wp-json\/wp\/v2\/categories?post=47210"},{"taxonomy":"post_tag","embeddable":true,"href":"https:\/\/eltrabajo.cl\/portal\/wp-json\/wp\/v2\/tags?post=47210"}],"curies":[{"name":"wp","href":"https:\/\/api.w.org\/{rel}","templated":true}]}}