{"id":47214,"date":"2014-06-04T09:34:21","date_gmt":"2014-06-04T13:34:21","guid":{"rendered":"http:\/\/www.eltrabajo.cl\/portal\/?p=47214"},"modified":"2014-06-04T09:34:21","modified_gmt":"2014-06-04T13:34:21","slug":"caritas-san-felipe-culmina-con-nota-7-proyecto-en-el-asiento","status":"publish","type":"post","link":"https:\/\/eltrabajo.cl\/portal\/caritas-san-felipe-culmina-con-nota-7-proyecto-en-el-asiento\/","title":{"rendered":"Caritas San Felipe culmina con Nota 7 proyecto en El Asiento"},"content":{"rendered":"<figure id=\"attachment_47215\" aria-describedby=\"caption-attachment-47215\" style=\"width: 529px\" class=\"wp-caption alignnone\"><a href=\"https:\/\/i0.wp.com\/www.eltrabajo.cl\/portal\/wp-content\/uploads\/2014\/06\/Autoridades1.jpg\"><img data-recalc-dims=\"1\" loading=\"lazy\" decoding=\"async\" class=\"size-full wp-image-47215\" alt=\"Las autoridades que estuvieron presentes ese d\u00eda fueron don Carlos Sotomayor y Ra\u00fal Astorga, Encargados de Emergencia. Y la presencia de tres Cores, Iv\u00e1n Reyes, Rolando Stevenson y Mario Sottolichio.\" src=\"https:\/\/i0.wp.com\/www.eltrabajo.cl\/portal\/wp-content\/uploads\/2014\/06\/Autoridades1.jpg?resize=529%2C401\" width=\"529\" height=\"401\" srcset=\"https:\/\/i0.wp.com\/eltrabajo.cl\/portal\/wp-content\/uploads\/2014\/06\/Autoridades1.jpg?w=529&amp;ssl=1 529w, https:\/\/i0.wp.com\/eltrabajo.cl\/portal\/wp-content\/uploads\/2014\/06\/Autoridades1.jpg?resize=197%2C150&amp;ssl=1 197w, https:\/\/i0.wp.com\/eltrabajo.cl\/portal\/wp-content\/uploads\/2014\/06\/Autoridades1.jpg?resize=300%2C227&amp;ssl=1 300w, https:\/\/i0.wp.com\/eltrabajo.cl\/portal\/wp-content\/uploads\/2014\/06\/Autoridades1.jpg?resize=150%2C113&amp;ssl=1 150w, https:\/\/i0.wp.com\/eltrabajo.cl\/portal\/wp-content\/uploads\/2014\/06\/Autoridades1.jpg?resize=400%2C303&amp;ssl=1 400w\" sizes=\"auto, (max-width: 529px) 100vw, 529px\" \/><\/a><figcaption id=\"caption-attachment-47215\" class=\"wp-caption-text\">Las autoridades que estuvieron presentes ese d\u00eda fueron don Carlos Sotomayor y Ra\u00fal Astorga, Encargados de Emergencia. Y la presencia de tres Cores, Iv\u00e1n Reyes, Rolando Stevenson y Mario Sottolichio.<\/figcaption><\/figure>\n<p>Este acto se enmarca en el Proyecto Gesti\u00f3n local para la reducci\u00f3n de desastres post-terremoto en Chile, es dirigido por profesionales de Caritas Chile y financiado gracias a Caritas Alemana. Este proyecto busca tambi\u00e9n en las comunidades generar capacidades y fortalezas para la gesti\u00f3n de riesgo, si bien como naci\u00f3n se est\u00e1 reci\u00e9n trabajando en esta tem\u00e1tica, Caritas busca que la propia ciudadan\u00eda vayan reconociendo sus riesgos, sus amenazas y sus posibles emergencias para poder identificar, mitigar y prevenir posibles eventos desafortunados que puedan provocar graves da\u00f1os a la comunidad y su entorno.<\/p>\n<figure id=\"attachment_47216\" aria-describedby=\"caption-attachment-47216\" style=\"width: 370px\" class=\"wp-caption alignright\"><a href=\"https:\/\/i0.wp.com\/www.eltrabajo.cl\/portal\/wp-content\/uploads\/2014\/06\/Recursos1.jpg\"><img data-recalc-dims=\"1\" loading=\"lazy\" decoding=\"async\" class=\" wp-image-47216 \" alt=\"Los bienes que se entregaron fueron un generador el\u00e9ctrico de 2.200 w.; diez colchones; dos l\u00e1mparas recargables; tres equipos de emergencias; un estanque c\u00f3nico de 200 litros; diez sacos de dormir; un closet; diez extintores y 15 botiquines de emergencia.\" src=\"https:\/\/i0.wp.com\/www.eltrabajo.cl\/portal\/wp-content\/uploads\/2014\/06\/Recursos1.jpg?resize=370%2C281\" width=\"370\" height=\"281\" srcset=\"https:\/\/i0.wp.com\/eltrabajo.cl\/portal\/wp-content\/uploads\/2014\/06\/Recursos1.jpg?w=529&amp;ssl=1 529w, https:\/\/i0.wp.com\/eltrabajo.cl\/portal\/wp-content\/uploads\/2014\/06\/Recursos1.jpg?resize=197%2C150&amp;ssl=1 197w, https:\/\/i0.wp.com\/eltrabajo.cl\/portal\/wp-content\/uploads\/2014\/06\/Recursos1.jpg?resize=300%2C227&amp;ssl=1 300w, https:\/\/i0.wp.com\/eltrabajo.cl\/portal\/wp-content\/uploads\/2014\/06\/Recursos1.jpg?resize=150%2C113&amp;ssl=1 150w, https:\/\/i0.wp.com\/eltrabajo.cl\/portal\/wp-content\/uploads\/2014\/06\/Recursos1.jpg?resize=400%2C303&amp;ssl=1 400w\" sizes=\"auto, (max-width: 370px) 100vw, 370px\" \/><\/a><figcaption id=\"caption-attachment-47216\" class=\"wp-caption-text\">Los bienes que se entregaron fueron un generador el\u00e9ctrico de 2.200 w.; diez colchones; dos l\u00e1mparas recargables; tres equipos de emergencias; un estanque c\u00f3nico de 200 litros; diez sacos de dormir; un closet; diez extintores y<br \/>15 botiquines de emergencia.<\/figcaption><\/figure>\n<p>En 2013 en El Asiento mediante varias jornadas de trabajo metodol\u00f3gico, los vecinos levantaron un diagn\u00f3stico, el cual consisti\u00f3 en reconocimiento de sus principales riesgos que ten\u00edan como comunidad entre ellos el r\u00edo; la contaminaci\u00f3n provocada por la empresa privada; el tr\u00e1nsito de camiones con carga peligrosa etc. Estos riesgos de origen natural como antr\u00f3pico, permitieron que los vecinos y vecinas del sector levantaran un proyecto, que es hasta la fecha un espacio comunitario donde se puedan resguardar o mantener ciertas familias si fueran v\u00edctimas de alg\u00fan desastre.<\/p>\n<p>Este albergue provisorio fue financiado gran parte de \u00e9l, gracias al aporte de Caritas alemana, se reforz\u00f3 la sede para que fuera ideal para que un proyecto como este tuviera consistencia en el tiempo, adem\u00e1s se habilit\u00f3 con un espacio para brindar primeros auxilios y como un lugar para mantener cierta cantidad de extintores.<\/p>\n<p><strong>\u00a0LO DONADO<\/strong><\/p>\n<p>Los bienes que se entregaron fueron un generador el\u00e9ctrico de 2.200 w.; diez colchones; dos l\u00e1mparas recargables; tres equipos de emergencias; un estanque c\u00f3nico de 200 litros; diez sacos de dormir; un closet; diez extintores y 15 botiquines de emergencia.<\/p>\n<p>Para este a\u00f1o El Asiento y sus vecinos contin\u00faan con este proyecto con m\u00e1s fuerza que nunca, pero con una caracter\u00edstica en especial; formar un grupo consolidado que trabaje estos temas y formar mesas de trabajo con la autoridad y la empresa privada, con el objetivo de crear un plan comunitario de emergencia en la localidad con su respectivo simulacro de emergencias.<\/p>\n<p>Desde ya se agradece la participaci\u00f3n de los vecinos y vecinas del sector y esperamos que se integren m\u00e1s personas a trabajar estos temas que son de car\u00e1cter y de una convicci\u00f3n que nos da las herramientas necesarias para decir, \u2018El Asiento est\u00e1 preparado para un posible evento desafortunado\u2019.<\/p>\n<p>&nbsp;<\/p>\n","protected":false},"excerpt":{"rendered":"<p>Este acto se enmarca en el Proyecto Gesti\u00f3n local para la reducci\u00f3n de desastres post-terremoto en Chile, es dirigido por profesionales de Caritas Chile y financiado gracias a Caritas Alemana. Este proyecto&#8230;<\/p>\n","protected":false},"author":482,"featured_media":47215,"comment_status":"open","ping_status":"closed","sticky":false,"template":"","format":"standard","meta":{"advanced_seo_description":"","jetpack_seo_html_title":"","jetpack_seo_noindex":false,"_jetpack_memberships_contains_paid_content":false,"footnotes":""},"categories":[15],"tags":[],"class_list":["post-47214","post","type-post","status-publish","format-standard","has-post-thumbnail","hentry","category-comunidad"],"jetpack_featured_media_url":"https:\/\/i0.wp.com\/eltrabajo.cl\/portal\/wp-content\/uploads\/2014\/06\/Autoridades1.jpg?fit=529%2C401&ssl=1","jetpack_sharing_enabled":true,"jetpack_likes_enabled":true,"jetpack-related-posts":[],"_links":{"self":[{"href":"https:\/\/eltrabajo.cl\/portal\/wp-json\/wp\/v2\/posts\/47214","targetHints":{"allow":["GET"]}}],"collection":[{"href":"https:\/\/eltrabajo.cl\/portal\/wp-json\/wp\/v2\/posts"}],"about":[{"href":"https:\/\/eltrabajo.cl\/portal\/wp-json\/wp\/v2\/types\/post"}],"author":[{"embeddable":true,"href":"https:\/\/eltrabajo.cl\/portal\/wp-json\/wp\/v2\/users\/482"}],"replies":[{"embeddable":true,"href":"https:\/\/eltrabajo.cl\/portal\/wp-json\/wp\/v2\/comments?post=47214"}],"version-history":[{"count":0,"href":"https:\/\/eltrabajo.cl\/portal\/wp-json\/wp\/v2\/posts\/47214\/revisions"}],"wp:featuredmedia":[{"embeddable":true,"href":"https:\/\/eltrabajo.cl\/portal\/wp-json\/wp\/v2\/media\/47215"}],"wp:attachment":[{"href":"https:\/\/eltrabajo.cl\/portal\/wp-json\/wp\/v2\/media?parent=47214"}],"wp:term":[{"taxonomy":"category","embeddable":true,"href":"https:\/\/eltrabajo.cl\/portal\/wp-json\/wp\/v2\/categories?post=47214"},{"taxonomy":"post_tag","embeddable":true,"href":"https:\/\/eltrabajo.cl\/portal\/wp-json\/wp\/v2\/tags?post=47214"}],"curies":[{"name":"wp","href":"https:\/\/api.w.org\/{rel}","templated":true}]}}