{"id":47220,"date":"2014-06-04T09:36:55","date_gmt":"2014-06-04T13:36:55","guid":{"rendered":"http:\/\/www.eltrabajo.cl\/portal\/?p=47220"},"modified":"2014-06-04T09:36:55","modified_gmt":"2014-06-04T13:36:55","slug":"sara-gomez-reelecta-como-presidente-del-apr-de-guzmanes","status":"publish","type":"post","link":"https:\/\/eltrabajo.cl\/portal\/sara-gomez-reelecta-como-presidente-del-apr-de-guzmanes\/","title":{"rendered":"Sara G\u00f3mez reelecta como Presidente del APR de Guzmanes"},"content":{"rendered":"<figure id=\"attachment_47221\" aria-describedby=\"caption-attachment-47221\" style=\"width: 317px\" class=\"wp-caption alignleft\"><a href=\"https:\/\/i0.wp.com\/www.eltrabajo.cl\/portal\/wp-content\/uploads\/2014\/06\/Sara-Gomez.jpg\"><img data-recalc-dims=\"1\" loading=\"lazy\" decoding=\"async\" class=\" wp-image-47221 \" alt=\"Sara G\u00f3mez Honores, Presidente del Comit\u00e9 de Agua Potable Rural (APR) de Guzmanes.\" src=\"https:\/\/i0.wp.com\/www.eltrabajo.cl\/portal\/wp-content\/uploads\/2014\/06\/Sara-Gomez.jpg?resize=317%2C310\" width=\"317\" height=\"310\" srcset=\"https:\/\/i0.wp.com\/eltrabajo.cl\/portal\/wp-content\/uploads\/2014\/06\/Sara-Gomez.jpg?w=529&amp;ssl=1 529w, https:\/\/i0.wp.com\/eltrabajo.cl\/portal\/wp-content\/uploads\/2014\/06\/Sara-Gomez.jpg?resize=153%2C150&amp;ssl=1 153w, https:\/\/i0.wp.com\/eltrabajo.cl\/portal\/wp-content\/uploads\/2014\/06\/Sara-Gomez.jpg?resize=300%2C292&amp;ssl=1 300w, https:\/\/i0.wp.com\/eltrabajo.cl\/portal\/wp-content\/uploads\/2014\/06\/Sara-Gomez.jpg?resize=150%2C146&amp;ssl=1 150w, https:\/\/i0.wp.com\/eltrabajo.cl\/portal\/wp-content\/uploads\/2014\/06\/Sara-Gomez.jpg?resize=400%2C390&amp;ssl=1 400w\" sizes=\"auto, (max-width: 317px) 100vw, 317px\" \/><\/a><figcaption id=\"caption-attachment-47221\" class=\"wp-caption-text\">Sara G\u00f3mez Honores, Presidente del Comit\u00e9 de Agua Potable Rural (APR) de Guzmanes.<\/figcaption><\/figure>\n<p><strong>PUTAENDO.<\/strong>&#8211; Contenta, agradecida y muy orgullosa, se mostr\u00f3 la se\u00f1ora Sara G\u00f3mez Honores tras obtener una alta votaci\u00f3n que la encamina hacia su sexto per\u00edodo consecutivo como Presidente del Comit\u00e9 de Agua Potable Rural (APR) de Guzmanes.<\/p>\n<p>En la \u00faltima cuenta p\u00fablica del APR, en la cual los usuarios valoraron su transparencia y gesti\u00f3n, Sara G\u00f3mez hab\u00eda hecho un llamado para el surgimiento de nuevos liderazgos que quisieran ser parte de la directiva, sin embargo los usuarios del APR como una manera de reconocer su trabajo, nuevamente la eligieron como presidente del APR de Guzmanes con una votaci\u00f3n que super\u00f3 la de elecciones anteriores.<\/p>\n<p>De un total de 300 votantes, 193 de ellos votaron por Sara G\u00f3mez Honores, por lo que la dirigente asumir\u00e1 la presidencia del APR para el per\u00edodo 2014-2017.<\/p>\n<p><strong>NUEVA DIRECTIVA<\/strong><\/p>\n<p>Tambi\u00e9n resultaron elegidos como miembros de la directiva, Iv\u00e1n Henr\u00edquez, Sergio Retamales, Juan Alarc\u00f3n, Luis Astudillo y Julio Gajardo, quienes se reunir\u00e1n con la comisi\u00f3n electoral este mi\u00e9rcoles 4 de junio para definir los cargos que representar\u00e1 cada uno. Para finalizar y junto con mostrarse agradecida de los usuarios del APR, Sara G\u00f3mez nuevamente hizo un llamado a los socios para que se interesen en ser dirigentes del APR y tambi\u00e9n valor\u00f3 la confianza que han depositado los usuarios del APR a su gesti\u00f3n como presidente.<\/p>\n<p>Patricio Gallardo M.<\/p>\n<p>&nbsp;<\/p>\n","protected":false},"excerpt":{"rendered":"<p>PUTAENDO.&#8211; Contenta, agradecida y muy orgullosa, se mostr\u00f3 la se\u00f1ora Sara G\u00f3mez Honores tras obtener una alta votaci\u00f3n que la encamina hacia su sexto per\u00edodo consecutivo como Presidente del Comit\u00e9 de Agua&#8230;<\/p>\n","protected":false},"author":482,"featured_media":47221,"comment_status":"open","ping_status":"closed","sticky":false,"template":"","format":"standard","meta":{"advanced_seo_description":"","jetpack_seo_html_title":"","jetpack_seo_noindex":false,"_jetpack_memberships_contains_paid_content":false,"footnotes":""},"categories":[1],"tags":[],"class_list":["post-47220","post","type-post","status-publish","format-standard","has-post-thumbnail","hentry","category-cronica"],"jetpack_featured_media_url":"https:\/\/i0.wp.com\/eltrabajo.cl\/portal\/wp-content\/uploads\/2014\/06\/Sara-Gomez.jpg?fit=529%2C516&ssl=1","jetpack_sharing_enabled":true,"jetpack_likes_enabled":true,"jetpack-related-posts":[],"_links":{"self":[{"href":"https:\/\/eltrabajo.cl\/portal\/wp-json\/wp\/v2\/posts\/47220","targetHints":{"allow":["GET"]}}],"collection":[{"href":"https:\/\/eltrabajo.cl\/portal\/wp-json\/wp\/v2\/posts"}],"about":[{"href":"https:\/\/eltrabajo.cl\/portal\/wp-json\/wp\/v2\/types\/post"}],"author":[{"embeddable":true,"href":"https:\/\/eltrabajo.cl\/portal\/wp-json\/wp\/v2\/users\/482"}],"replies":[{"embeddable":true,"href":"https:\/\/eltrabajo.cl\/portal\/wp-json\/wp\/v2\/comments?post=47220"}],"version-history":[{"count":0,"href":"https:\/\/eltrabajo.cl\/portal\/wp-json\/wp\/v2\/posts\/47220\/revisions"}],"wp:featuredmedia":[{"embeddable":true,"href":"https:\/\/eltrabajo.cl\/portal\/wp-json\/wp\/v2\/media\/47221"}],"wp:attachment":[{"href":"https:\/\/eltrabajo.cl\/portal\/wp-json\/wp\/v2\/media?parent=47220"}],"wp:term":[{"taxonomy":"category","embeddable":true,"href":"https:\/\/eltrabajo.cl\/portal\/wp-json\/wp\/v2\/categories?post=47220"},{"taxonomy":"post_tag","embeddable":true,"href":"https:\/\/eltrabajo.cl\/portal\/wp-json\/wp\/v2\/tags?post=47220"}],"curies":[{"name":"wp","href":"https:\/\/api.w.org\/{rel}","templated":true}]}}