{"id":47224,"date":"2014-06-04T09:39:09","date_gmt":"2014-06-04T13:39:09","guid":{"rendered":"http:\/\/www.eltrabajo.cl\/portal\/?p=47224"},"modified":"2014-06-04T09:39:09","modified_gmt":"2014-06-04T13:39:09","slug":"sobre-800-vehiculos-cruzaran-cristo-redentor-el-fin-de-semana-rumbo-a-brasil","status":"publish","type":"post","link":"https:\/\/eltrabajo.cl\/portal\/sobre-800-vehiculos-cruzaran-cristo-redentor-el-fin-de-semana-rumbo-a-brasil\/","title":{"rendered":"Sobre 800 veh\u00edculos cruzar\u00e1n Cristo Redentor el fin de semana rumbo a Brasil"},"content":{"rendered":"<figure id=\"attachment_47225\" aria-describedby=\"caption-attachment-47225\" style=\"width: 529px\" class=\"wp-caption alignnone\"><a href=\"https:\/\/i0.wp.com\/www.eltrabajo.cl\/portal\/wp-content\/uploads\/2014\/06\/Paso1.jpg\"><img data-recalc-dims=\"1\" loading=\"lazy\" decoding=\"async\" class=\"size-full wp-image-47225\" alt=\"Si se llega a producir el cierre de la ruta internacional habr\u00e1 controles en la ruta para informar a los conductores de esta situaci\u00f3n.\" src=\"https:\/\/i0.wp.com\/www.eltrabajo.cl\/portal\/wp-content\/uploads\/2014\/06\/Paso1.jpg?resize=529%2C401\" width=\"529\" height=\"401\" srcset=\"https:\/\/i0.wp.com\/eltrabajo.cl\/portal\/wp-content\/uploads\/2014\/06\/Paso1.jpg?w=529&amp;ssl=1 529w, https:\/\/i0.wp.com\/eltrabajo.cl\/portal\/wp-content\/uploads\/2014\/06\/Paso1.jpg?resize=197%2C150&amp;ssl=1 197w, https:\/\/i0.wp.com\/eltrabajo.cl\/portal\/wp-content\/uploads\/2014\/06\/Paso1.jpg?resize=300%2C227&amp;ssl=1 300w, https:\/\/i0.wp.com\/eltrabajo.cl\/portal\/wp-content\/uploads\/2014\/06\/Paso1.jpg?resize=150%2C113&amp;ssl=1 150w, https:\/\/i0.wp.com\/eltrabajo.cl\/portal\/wp-content\/uploads\/2014\/06\/Paso1.jpg?resize=400%2C303&amp;ssl=1 400w\" sizes=\"auto, (max-width: 529px) 100vw, 529px\" \/><\/a><figcaption id=\"caption-attachment-47225\" class=\"wp-caption-text\">Si se llega a producir el cierre de la ruta internacional habr\u00e1 controles en la ruta para informar a los conductores de esta situaci\u00f3n.<\/figcaption><\/figure>\n<p><strong>LOS ANDES<\/strong>.- Sobre 800 veh\u00edculos y m\u00e1s de 3.000 personas se espera que crucen el pr\u00f3ximo fin de semana el Paso Internacional Cristo Redentor rumbo al Mundial de f\u00fatbol Brasil 2014. A ra\u00edz de ello es que Carabineros dispuso un plan de contingencia para asegurar el normal desplazamiento de los hinchas, sobre todo en caso que existan condiciones clim\u00e1ticas adversas.<\/p>\n<p>Al respecto, el Comisario de Carabineros de Los Andes, Mayor Edgardo Egli, precis\u00f3 que el viernes ingresar\u00eda un nuevo sistema frontal y el paso podr\u00eda estar cerrado el d\u00eda s\u00e1bado, \u201cpor lo que llamamos a las personas que est\u00e1n organizando esta caravana de hinchas se informen acerca de las condiciones meteorol\u00f3gicas y as\u00ed el viaje lo puedan desarrollar por otro paso fronterizo m\u00e1s hacia el norte y no pierdan tiempo, ya que de lo contrario quedar\u00edan varados en la ciudad de Los Andes\u201d.<\/p>\n<p>El Mayor Egli afirm\u00f3 que si se llega a producir el cierre de la ruta internacional habr\u00e1 controles en la ruta para informar a los conductores de esta situaci\u00f3n y as\u00ed no sigan avanzando, toda vez que s\u00f3lo es posible transitar hasta guardia vieja. Agreg\u00f3 que cuando llegue la caravana de hinchas a Los Andes ser\u00e1n escoltados por Carabineros a fin de que tengan un desplazamiento seguro y que no influya tampoco en el tr\u00e1nsito normal de camiones y buses por la ruta internacional, \u201cpero estamos atentos a la evoluci\u00f3n de las condiciones meteorol\u00f3gicas\u201d.<\/p>\n<p>&nbsp;<\/p>\n","protected":false},"excerpt":{"rendered":"<p>LOS ANDES.- Sobre 800 veh\u00edculos y m\u00e1s de 3.000 personas se espera que crucen el pr\u00f3ximo fin de semana el Paso Internacional Cristo Redentor rumbo al Mundial de f\u00fatbol Brasil 2014. A&#8230;<\/p>\n","protected":false},"author":482,"featured_media":47225,"comment_status":"open","ping_status":"closed","sticky":false,"template":"","format":"standard","meta":{"advanced_seo_description":"","jetpack_seo_html_title":"","jetpack_seo_noindex":false,"_jetpack_memberships_contains_paid_content":false,"footnotes":""},"categories":[1],"tags":[],"class_list":["post-47224","post","type-post","status-publish","format-standard","has-post-thumbnail","hentry","category-cronica"],"jetpack_featured_media_url":"https:\/\/i0.wp.com\/eltrabajo.cl\/portal\/wp-content\/uploads\/2014\/06\/Paso1.jpg?fit=529%2C401&ssl=1","jetpack_sharing_enabled":true,"jetpack_likes_enabled":true,"jetpack-related-posts":[],"_links":{"self":[{"href":"https:\/\/eltrabajo.cl\/portal\/wp-json\/wp\/v2\/posts\/47224","targetHints":{"allow":["GET"]}}],"collection":[{"href":"https:\/\/eltrabajo.cl\/portal\/wp-json\/wp\/v2\/posts"}],"about":[{"href":"https:\/\/eltrabajo.cl\/portal\/wp-json\/wp\/v2\/types\/post"}],"author":[{"embeddable":true,"href":"https:\/\/eltrabajo.cl\/portal\/wp-json\/wp\/v2\/users\/482"}],"replies":[{"embeddable":true,"href":"https:\/\/eltrabajo.cl\/portal\/wp-json\/wp\/v2\/comments?post=47224"}],"version-history":[{"count":0,"href":"https:\/\/eltrabajo.cl\/portal\/wp-json\/wp\/v2\/posts\/47224\/revisions"}],"wp:featuredmedia":[{"embeddable":true,"href":"https:\/\/eltrabajo.cl\/portal\/wp-json\/wp\/v2\/media\/47225"}],"wp:attachment":[{"href":"https:\/\/eltrabajo.cl\/portal\/wp-json\/wp\/v2\/media?parent=47224"}],"wp:term":[{"taxonomy":"category","embeddable":true,"href":"https:\/\/eltrabajo.cl\/portal\/wp-json\/wp\/v2\/categories?post=47224"},{"taxonomy":"post_tag","embeddable":true,"href":"https:\/\/eltrabajo.cl\/portal\/wp-json\/wp\/v2\/tags?post=47224"}],"curies":[{"name":"wp","href":"https:\/\/api.w.org\/{rel}","templated":true}]}}