{"id":47228,"date":"2014-06-04T09:47:16","date_gmt":"2014-06-04T13:47:16","guid":{"rendered":"http:\/\/www.eltrabajo.cl\/portal\/?p=47228"},"modified":"2014-06-04T09:47:16","modified_gmt":"2014-06-04T13:47:16","slug":"muere-allan-guerrero-tras-ser-vencido-por-fulminante-cancer","status":"publish","type":"post","link":"https:\/\/eltrabajo.cl\/portal\/muere-allan-guerrero-tras-ser-vencido-por-fulminante-cancer\/","title":{"rendered":"Muere Allan Guerrero tras ser vencido por fulminante c\u00e1ncer"},"content":{"rendered":"<figure id=\"attachment_47229\" aria-describedby=\"caption-attachment-47229\" style=\"width: 317px\" class=\"wp-caption alignleft\"><a href=\"https:\/\/i0.wp.com\/www.eltrabajo.cl\/portal\/wp-content\/uploads\/2014\/06\/Allan-Guerrero.jpg\"><img data-recalc-dims=\"1\" loading=\"lazy\" decoding=\"async\" class=\" wp-image-47229 \" alt=\"Presidente de la Asociaci\u00f3n de Artesanos La Uni\u00f3n de San Felipe, Allan Guerrero Olgu\u00edn.\" src=\"https:\/\/i0.wp.com\/www.eltrabajo.cl\/portal\/wp-content\/uploads\/2014\/06\/Allan-Guerrero.jpg?resize=317%2C366\" width=\"317\" height=\"366\" srcset=\"https:\/\/i0.wp.com\/eltrabajo.cl\/portal\/wp-content\/uploads\/2014\/06\/Allan-Guerrero.jpg?w=529&amp;ssl=1 529w, https:\/\/i0.wp.com\/eltrabajo.cl\/portal\/wp-content\/uploads\/2014\/06\/Allan-Guerrero.jpg?resize=130%2C150&amp;ssl=1 130w, https:\/\/i0.wp.com\/eltrabajo.cl\/portal\/wp-content\/uploads\/2014\/06\/Allan-Guerrero.jpg?resize=260%2C300&amp;ssl=1 260w, https:\/\/i0.wp.com\/eltrabajo.cl\/portal\/wp-content\/uploads\/2014\/06\/Allan-Guerrero.jpg?resize=400%2C461&amp;ssl=1 400w\" sizes=\"auto, (max-width: 317px) 100vw, 317px\" \/><\/a><figcaption id=\"caption-attachment-47229\" class=\"wp-caption-text\">Presidente de la Asociaci\u00f3n de Artesanos La Uni\u00f3n de San Felipe, Allan Guerrero Olgu\u00edn.<\/figcaption><\/figure>\n<p>Luego que lo sorprendiera una agresivo c\u00e1ncer g\u00e1strico hace pocas semanas y ante la mirada at\u00f3nita de todos aquellos que le conocimos y aprendimos a su lado, este martes 2 de junio falleci\u00f3 el Presidente de la Asociaci\u00f3n de Artesanos La Uni\u00f3n de San Felipe, Allan Guerrero Olgu\u00edn.<\/p>\n<p><strong>\u00a0HOMBRE CON\u00a0TRAYECTORIA<\/strong><\/p>\n<p>Quien naciera en Valpara\u00edso y a\u00f1os despu\u00e9s contrajera nupcias con su actual esposa Raquel, se radic\u00f3 en San Felipe desde hace 40 a\u00f1os aproximadamente. Durante toda su vida estuvo ligado al deporte, al comercio y a efectuar la noble tarea de ser dirigente gremial y de otras instituciones. En sus primeros a\u00f1os laborales en nuestra ciudad, se dedic\u00f3 al transporte, trabajando en la Empresa Coca-Cola, luego se independiza junto a su esposa dedic\u00e1ndose al comercio establecido en el conocido Restaurante Las Brisas Marinas, mismo del cual se desprendi\u00f3 hace algunos meses producto de su estado de salud.<\/p>\n<p>Desde su juventud practicaba ciclismo y andinismo, socio del Club Monval de Valpara\u00edso, (club de monta\u00f1a y andinismo), donde se desempe\u00f1\u00f3 como profesor de ski, adem\u00e1s de dirigente y administrador del refugio que la instituci\u00f3n tiene en el Camino Internacional.<\/p>\n<p><strong>TRANSPARENCIA<\/strong><\/p>\n<p>En San Felipe se distingui\u00f3 por su alto esp\u00edritu dirigencial, Presidente de la Sociedad de Artesanos La Uni\u00f3n, adem\u00e1s de diversos cargos directivos en la C\u00e1mara de Comercio de San Felipe. Era el tesorero de esta \u00faltima desde hace seis a\u00f1os, ha sido uno de los directores preocupados y ocupados de la permanencia en vigencia de la C\u00e1mara de San Felipe, dando cuenta de su permanente e intachable rigurosidad en el manejo y control de las arcas de este tipo de instituciones.<\/p>\n<figure id=\"attachment_47230\" aria-describedby=\"caption-attachment-47230\" style=\"width: 370px\" class=\"wp-caption alignright\"><a href=\"https:\/\/i0.wp.com\/www.eltrabajo.cl\/portal\/wp-content\/uploads\/2014\/06\/Directiva1.jpg\"><img data-recalc-dims=\"1\" loading=\"lazy\" decoding=\"async\" class=\" wp-image-47230 \" alt=\"ERA UN L\u00cdDER.- Esta es la Directiva de la Sociedad de Artesanos La Uni\u00f3n que Allan Guerrero presid\u00eda desde hace varios a\u00f1os, amigos y familiares hoy lloran su partida.\" src=\"https:\/\/i0.wp.com\/www.eltrabajo.cl\/portal\/wp-content\/uploads\/2014\/06\/Directiva1.jpg?resize=370%2C213\" width=\"370\" height=\"213\" srcset=\"https:\/\/i0.wp.com\/eltrabajo.cl\/portal\/wp-content\/uploads\/2014\/06\/Directiva1.jpg?w=528&amp;ssl=1 528w, https:\/\/i0.wp.com\/eltrabajo.cl\/portal\/wp-content\/uploads\/2014\/06\/Directiva1.jpg?resize=200%2C115&amp;ssl=1 200w, https:\/\/i0.wp.com\/eltrabajo.cl\/portal\/wp-content\/uploads\/2014\/06\/Directiva1.jpg?resize=300%2C172&amp;ssl=1 300w, https:\/\/i0.wp.com\/eltrabajo.cl\/portal\/wp-content\/uploads\/2014\/06\/Directiva1.jpg?resize=150%2C86&amp;ssl=1 150w, https:\/\/i0.wp.com\/eltrabajo.cl\/portal\/wp-content\/uploads\/2014\/06\/Directiva1.jpg?resize=400%2C230&amp;ssl=1 400w\" sizes=\"auto, (max-width: 370px) 100vw, 370px\" \/><\/a><figcaption id=\"caption-attachment-47230\" class=\"wp-caption-text\">ERA UN L\u00cdDER.- Esta es la Directiva de la Sociedad de Artesanos La Uni\u00f3n que Allan Guerrero presid\u00eda desde hace varios a\u00f1os, amigos y familiares hoy lloran su partida.<\/figcaption><\/figure>\n<p>Allan Guerrero tambi\u00e9n se caracteriz\u00f3 por su gran pasi\u00f3n por el folklore, participando activamente del Club de Cueca Tierra Querida de San Felipe, ganando en reiteradas ocasiones concursos y dejando a nuestra ciudad en un alto sitial a nivel nacional. En el \u00e1mbito p\u00fablico ha destacado por su participaci\u00f3n en la Municipalidad de San Felipe, realizando la labor de Consejero Comunal desde hace algunos a\u00f1os.<\/p>\n<p><strong>LOS FUNERALES<\/strong><\/p>\n<p>Sus restos est\u00e1n siendo velados en la Iglesia Merced, hoy a las 15:00 horas se celebrar\u00e1 la Misa en dicho recinto religioso para luego realizar una caravana por el centro de la ciudad, misma pasar\u00e1 frente a su restaurante, para luego ser sepultado en el mausoleo de la Asociaci\u00f3n de Artesanos La Uni\u00f3n en el Cementerio Municipal de San Felipe, en La Troya.<\/p>\n<p>Quienes laboramos en Diario El Trabajo hoy nos solidarizamos con su familia por el dolor de esta irreparable p\u00e9rdida, anhelando fortaleza para todos aquellos a quienes Allan bendijo con su buen trato y amables acciones.<\/p>\n<p>Roberto Gonz\u00e1lez Short<\/p>\n<p>rgonzalez@eltrabajo.cl<\/p>\n<p>&nbsp;<\/p>\n","protected":false},"excerpt":{"rendered":"<p>Luego que lo sorprendiera una agresivo c\u00e1ncer g\u00e1strico hace pocas semanas y ante la mirada at\u00f3nita de todos aquellos que le conocimos y aprendimos a su lado, este martes 2 de junio&#8230;<\/p>\n","protected":false},"author":482,"featured_media":47229,"comment_status":"open","ping_status":"closed","sticky":false,"template":"","format":"standard","meta":{"advanced_seo_description":"","jetpack_seo_html_title":"","jetpack_seo_noindex":false,"_jetpack_memberships_contains_paid_content":false,"footnotes":""},"categories":[15],"tags":[],"class_list":["post-47228","post","type-post","status-publish","format-standard","has-post-thumbnail","hentry","category-comunidad"],"jetpack_featured_media_url":"https:\/\/i0.wp.com\/eltrabajo.cl\/portal\/wp-content\/uploads\/2014\/06\/Allan-Guerrero.jpg?fit=529%2C610&ssl=1","jetpack_sharing_enabled":true,"jetpack_likes_enabled":true,"jetpack-related-posts":[],"_links":{"self":[{"href":"https:\/\/eltrabajo.cl\/portal\/wp-json\/wp\/v2\/posts\/47228","targetHints":{"allow":["GET"]}}],"collection":[{"href":"https:\/\/eltrabajo.cl\/portal\/wp-json\/wp\/v2\/posts"}],"about":[{"href":"https:\/\/eltrabajo.cl\/portal\/wp-json\/wp\/v2\/types\/post"}],"author":[{"embeddable":true,"href":"https:\/\/eltrabajo.cl\/portal\/wp-json\/wp\/v2\/users\/482"}],"replies":[{"embeddable":true,"href":"https:\/\/eltrabajo.cl\/portal\/wp-json\/wp\/v2\/comments?post=47228"}],"version-history":[{"count":0,"href":"https:\/\/eltrabajo.cl\/portal\/wp-json\/wp\/v2\/posts\/47228\/revisions"}],"wp:featuredmedia":[{"embeddable":true,"href":"https:\/\/eltrabajo.cl\/portal\/wp-json\/wp\/v2\/media\/47229"}],"wp:attachment":[{"href":"https:\/\/eltrabajo.cl\/portal\/wp-json\/wp\/v2\/media?parent=47228"}],"wp:term":[{"taxonomy":"category","embeddable":true,"href":"https:\/\/eltrabajo.cl\/portal\/wp-json\/wp\/v2\/categories?post=47228"},{"taxonomy":"post_tag","embeddable":true,"href":"https:\/\/eltrabajo.cl\/portal\/wp-json\/wp\/v2\/tags?post=47228"}],"curies":[{"name":"wp","href":"https:\/\/api.w.org\/{rel}","templated":true}]}}