{"id":47238,"date":"2014-06-04T09:53:09","date_gmt":"2014-06-04T13:53:09","guid":{"rendered":"http:\/\/www.eltrabajo.cl\/portal\/?p=47238"},"modified":"2014-06-04T09:53:09","modified_gmt":"2014-06-04T13:53:09","slug":"sernam-se-querella-en-tribunales-por-el-femicidio-de-jeannette-acuna","status":"publish","type":"post","link":"https:\/\/eltrabajo.cl\/portal\/sernam-se-querella-en-tribunales-por-el-femicidio-de-jeannette-acuna\/","title":{"rendered":"Sernam se querella en Tribunales por el Femicidio de Jeannette Acu\u00f1a"},"content":{"rendered":"<figure id=\"attachment_47239\" aria-describedby=\"caption-attachment-47239\" style=\"width: 529px\" class=\"wp-caption alignnone\"><a href=\"https:\/\/i0.wp.com\/www.eltrabajo.cl\/portal\/wp-content\/uploads\/2014\/06\/QUERELLA-SERNAM.jpg\"><img data-recalc-dims=\"1\" loading=\"lazy\" decoding=\"async\" class=\"size-full wp-image-47239\" alt=\"Familiares de Jeannette Acu\u00f1a Troncoso en el Juzgado de Garant\u00eda de San Felipe, donde se present\u00f3 la querella criminal por el homicidio de la mujer.\" src=\"https:\/\/i0.wp.com\/www.eltrabajo.cl\/portal\/wp-content\/uploads\/2014\/06\/QUERELLA-SERNAM.jpg?resize=529%2C358\" width=\"529\" height=\"358\" srcset=\"https:\/\/i0.wp.com\/eltrabajo.cl\/portal\/wp-content\/uploads\/2014\/06\/QUERELLA-SERNAM.jpg?w=529&amp;ssl=1 529w, https:\/\/i0.wp.com\/eltrabajo.cl\/portal\/wp-content\/uploads\/2014\/06\/QUERELLA-SERNAM.jpg?resize=200%2C135&amp;ssl=1 200w, https:\/\/i0.wp.com\/eltrabajo.cl\/portal\/wp-content\/uploads\/2014\/06\/QUERELLA-SERNAM.jpg?resize=300%2C203&amp;ssl=1 300w, https:\/\/i0.wp.com\/eltrabajo.cl\/portal\/wp-content\/uploads\/2014\/06\/QUERELLA-SERNAM.jpg?resize=150%2C101&amp;ssl=1 150w, https:\/\/i0.wp.com\/eltrabajo.cl\/portal\/wp-content\/uploads\/2014\/06\/QUERELLA-SERNAM.jpg?resize=400%2C270&amp;ssl=1 400w\" sizes=\"auto, (max-width: 529px) 100vw, 529px\" \/><\/a><figcaption id=\"caption-attachment-47239\" class=\"wp-caption-text\">Familiares de Jeannette Acu\u00f1a Troncoso en el Juzgado de Garant\u00eda de San Felipe, donde se present\u00f3 la querella criminal por el homicidio de la mujer.<\/figcaption><\/figure>\n<p>Al mediod\u00eda de ayer, la Directora Regional del Servicio Nacional de la Mujer, Valeska Castillo L\u00f3pez, junto al Gobernador Eduardo Le\u00f3n y el Abogado Rafael Gonz\u00e1lez, presentaron ante el Juzgado de Garant\u00eda de San Felipe una querella criminal por el homicidio de Jeannette Acu\u00f1a Troncoso, asesinada a fines del mes de abril pasado en la Villa 250 A\u00f1os de esta comuna.<\/p>\n<p>El prop\u00f3sito de la querella persigue esclarecer los hechos y endurecer la condena en contra del imputado Juan Francisco Moraga Cornejo, acusado del crimen de la mujer de 36 a\u00f1os, quien fue golpeada y degollada con una botella en horas de la madrugada.<\/p>\n<p>\u201cComo Sernam estamos acompa\u00f1ando a la familia, para que se haga justicia en los tribunales donde corresponde, esto es una acto de alta complejidad p\u00fablica\u201d, puntualiz\u00f3 la representante del Servicio Nacional de la Mujer.<\/p>\n<p>Agreg\u00f3 que se persigue obtener una condena m\u00e1xima de 15 a\u00f1os por este horrendo crimen para acreditar toda duda razonable en el juicio que efectivamente el imputado tiene participaci\u00f3n en calidad de autor del homicidio.<\/p>\n<p>Hasta el centro de justicia se hizo presente el Gobernador Provincial, Eduardo Le\u00f3n y la madre de la v\u00edctima, Marcela Troncoso, agradeciendo el apoyo recibido por las entidades: \u201cNosotros no somos delincuentes, estoy agradecida de todo el apoyo, exigimos la m\u00e1xima condena porque dej\u00f3 destrozada a mi hija (\u2026) este hombre le peg\u00f3 m\u00faltiples tajos en la cabeza, ella trat\u00f3 de defenders (\u2026) Si Dios perdon\u00f3 yo no lo har\u00eda\u201d, se\u00f1al\u00f3.<\/p>\n<p>Tras la presentaci\u00f3n de la querella, la Directora Waleska Castillo y el Gobernador Eduardo Le\u00f3n se trasladaron hasta los estudios de la radio FM 10, donde por m\u00e1s de una hora se refirieron a este y otros temas de alto inter\u00e9s p\u00fablico.<\/p>\n<div class=\"tiled-gallery type-rectangular tiled-gallery-unresized\" data-original-width=\"640\" data-carousel-extra='null' itemscope itemtype=\"http:\/\/schema.org\/ImageGallery\" > <div class=\"gallery-row\" style=\"width: 640px; height: 270px;\" data-original-width=\"640\" data-original-height=\"270\" > <div class=\"gallery-group images-1\" style=\"width: 364px; height: 270px;\" data-original-width=\"364\" data-original-height=\"270\" > <div class=\"tiled-gallery-item tiled-gallery-item-large\" itemprop=\"associatedMedia\" itemscope itemtype=\"http:\/\/schema.org\/ImageObject\"> <a href=\"https:\/\/eltrabajo.cl\/portal\/sernam-se-querella-en-tribunales-por-el-femicidio-de-jeannette-acuna\/visita-dirreg-sernam-y-gob\/\" border=\"0\" itemprop=\"url\"> <meta itemprop=\"width\" content=\"360\"> <meta itemprop=\"height\" content=\"266\"> <img decoding=\"async\" class=\"\" data-attachment-id=\"47241\" data-orig-file=\"https:\/\/eltrabajo.cl\/portal\/wp-content\/uploads\/2014\/06\/visita-dirreg-sernam-y-gob.jpg\" data-orig-size=\"528,390\" data-comments-opened=\"1\" data-image-meta=\"{&quot;aperture&quot;:&quot;2.8&quot;,&quot;credit&quot;:&quot;&quot;,&quot;camera&quot;:&quot;COOLPIX P90&quot;,&quot;caption&quot;:&quot;&quot;,&quot;created_timestamp&quot;:&quot;1401805830&quot;,&quot;copyright&quot;:&quot;&quot;,&quot;focal_length&quot;:&quot;4.6&quot;,&quot;iso&quot;:&quot;391&quot;,&quot;shutter_speed&quot;:&quot;0.015822784810127&quot;,&quot;title&quot;:&quot;&quot;}\" data-image-title=\"visita dirreg sernam y gob\" data-image-description=\"&lt;p&gt;El Gobernador Eduardo Le\u00f3n y la Directora Sernam, Valeska Castillo, en los estudios de Radio FM 10, donde compartieron m\u00e1s de una hora junto a los panelistas de \u00abConectados a la 10\u00bb.&lt;\/p&gt; \" data-medium-file=\"https:\/\/i0.wp.com\/eltrabajo.cl\/portal\/wp-content\/uploads\/2014\/06\/visita-dirreg-sernam-y-gob.jpg?fit=300%2C221&#038;ssl=1\" data-large-file=\"https:\/\/i0.wp.com\/eltrabajo.cl\/portal\/wp-content\/uploads\/2014\/06\/visita-dirreg-sernam-y-gob.jpg?fit=528%2C390&#038;ssl=1\" src=\"https:\/\/i0.wp.com\/eltrabajo.cl\/portal\/wp-content\/uploads\/2014\/06\/visita-dirreg-sernam-y-gob.jpg?w=360&#038;h=266&#038;ssl=1\" srcset=\"https:\/\/i0.wp.com\/eltrabajo.cl\/portal\/wp-content\/uploads\/2014\/06\/visita-dirreg-sernam-y-gob.jpg?w=528&amp;ssl=1 528w, https:\/\/i0.wp.com\/eltrabajo.cl\/portal\/wp-content\/uploads\/2014\/06\/visita-dirreg-sernam-y-gob.jpg?resize=200%2C147&amp;ssl=1 200w, https:\/\/i0.wp.com\/eltrabajo.cl\/portal\/wp-content\/uploads\/2014\/06\/visita-dirreg-sernam-y-gob.jpg?resize=300%2C221&amp;ssl=1 300w, https:\/\/i0.wp.com\/eltrabajo.cl\/portal\/wp-content\/uploads\/2014\/06\/visita-dirreg-sernam-y-gob.jpg?resize=150%2C110&amp;ssl=1 150w, https:\/\/i0.wp.com\/eltrabajo.cl\/portal\/wp-content\/uploads\/2014\/06\/visita-dirreg-sernam-y-gob.jpg?resize=400%2C295&amp;ssl=1 400w\" width=\"360\" height=\"266\" loading=\"lazy\" data-original-width=\"360\" data-original-height=\"266\" itemprop=\"http:\/\/schema.org\/image\" title=\"visita dirreg sernam y gob\" alt=\"El Gobernador Eduardo Le\u00f3n y la Directora Sernam, Valeska Castillo, en los estudios de Radio FM 10, donde compartieron m\u00e1s de una hora junto a los panelistas de &quot;Conectados a la 10&quot;.\" style=\"width: 360px; height: 266px;\" \/> <\/a> <div class=\"tiled-gallery-caption\" itemprop=\"caption description\"> El Gobernador Eduardo Le\u00f3n y la Directora Sernam, Valeska Castillo, en los estudios de Radio FM 10, donde compartieron m\u00e1s de una hora junto a los panelistas de \u00abConectados a la 10\u00bb. <\/div> <\/div> <\/div> <!-- close group --> <div class=\"gallery-group images-1\" style=\"width: 276px; height: 270px;\" data-original-width=\"276\" data-original-height=\"270\" > <div class=\"tiled-gallery-item tiled-gallery-item-large\" itemprop=\"associatedMedia\" itemscope itemtype=\"http:\/\/schema.org\/ImageObject\"> <a href=\"https:\/\/eltrabajo.cl\/portal\/sernam-se-querella-en-tribunales-por-el-femicidio-de-jeannette-acuna\/asesino1-juan-moraga\/\" border=\"0\" itemprop=\"url\"> <meta itemprop=\"width\" content=\"272\"> <meta itemprop=\"height\" content=\"266\"> <img decoding=\"async\" class=\"\" data-attachment-id=\"47240\" data-orig-file=\"https:\/\/eltrabajo.cl\/portal\/wp-content\/uploads\/2014\/06\/Asesino1-juan-moraga.jpg\" data-orig-size=\"529,518\" data-comments-opened=\"1\" data-image-meta=\"{&quot;aperture&quot;:&quot;0&quot;,&quot;credit&quot;:&quot;&quot;,&quot;camera&quot;:&quot;&quot;,&quot;caption&quot;:&quot;&quot;,&quot;created_timestamp&quot;:&quot;0&quot;,&quot;copyright&quot;:&quot;&quot;,&quot;focal_length&quot;:&quot;0&quot;,&quot;iso&quot;:&quot;0&quot;,&quot;shutter_speed&quot;:&quot;0&quot;,&quot;title&quot;:&quot;&quot;}\" data-image-title=\"Asesino1 juan moraga\" data-image-description=\"&lt;p&gt;El imputado Juan Francisco Moraga Cornejo.&lt;\/p&gt; \" data-medium-file=\"https:\/\/i0.wp.com\/eltrabajo.cl\/portal\/wp-content\/uploads\/2014\/06\/Asesino1-juan-moraga.jpg?fit=300%2C293&#038;ssl=1\" data-large-file=\"https:\/\/i0.wp.com\/eltrabajo.cl\/portal\/wp-content\/uploads\/2014\/06\/Asesino1-juan-moraga.jpg?fit=529%2C518&#038;ssl=1\" src=\"https:\/\/i0.wp.com\/eltrabajo.cl\/portal\/wp-content\/uploads\/2014\/06\/Asesino1-juan-moraga.jpg?w=272&#038;h=266&#038;ssl=1\" srcset=\"https:\/\/i0.wp.com\/eltrabajo.cl\/portal\/wp-content\/uploads\/2014\/06\/Asesino1-juan-moraga.jpg?w=529&amp;ssl=1 529w, https:\/\/i0.wp.com\/eltrabajo.cl\/portal\/wp-content\/uploads\/2014\/06\/Asesino1-juan-moraga.jpg?resize=153%2C150&amp;ssl=1 153w, https:\/\/i0.wp.com\/eltrabajo.cl\/portal\/wp-content\/uploads\/2014\/06\/Asesino1-juan-moraga.jpg?resize=300%2C293&amp;ssl=1 300w, https:\/\/i0.wp.com\/eltrabajo.cl\/portal\/wp-content\/uploads\/2014\/06\/Asesino1-juan-moraga.jpg?resize=150%2C146&amp;ssl=1 150w, https:\/\/i0.wp.com\/eltrabajo.cl\/portal\/wp-content\/uploads\/2014\/06\/Asesino1-juan-moraga.jpg?resize=400%2C391&amp;ssl=1 400w\" width=\"272\" height=\"266\" loading=\"lazy\" data-original-width=\"272\" data-original-height=\"266\" itemprop=\"http:\/\/schema.org\/image\" title=\"Asesino1 juan moraga\" alt=\"El imputado Juan Francisco Moraga Cornejo.\" style=\"width: 272px; height: 266px;\" \/> <\/a> <div class=\"tiled-gallery-caption\" itemprop=\"caption description\"> El imputado Juan Francisco Moraga Cornejo. <\/div> <\/div> <\/div> <!-- close group --> <\/div> <!-- close row --> <\/div>\n<p>&nbsp;<\/p>\n","protected":false},"excerpt":{"rendered":"<p>Al mediod\u00eda de ayer, la Directora Regional del Servicio Nacional de la Mujer, Valeska Castillo L\u00f3pez, junto al Gobernador Eduardo Le\u00f3n y el Abogado Rafael Gonz\u00e1lez, presentaron ante el Juzgado de Garant\u00eda&#8230;<\/p>\n","protected":false},"author":482,"featured_media":47239,"comment_status":"open","ping_status":"closed","sticky":false,"template":"","format":"standard","meta":{"advanced_seo_description":"","jetpack_seo_html_title":"","jetpack_seo_noindex":false,"_jetpack_memberships_contains_paid_content":false,"footnotes":""},"categories":[1],"tags":[],"class_list":["post-47238","post","type-post","status-publish","format-standard","has-post-thumbnail","hentry","category-cronica"],"jetpack_featured_media_url":"https:\/\/i0.wp.com\/eltrabajo.cl\/portal\/wp-content\/uploads\/2014\/06\/QUERELLA-SERNAM.jpg?fit=529%2C358&ssl=1","jetpack_sharing_enabled":true,"jetpack_likes_enabled":true,"jetpack-related-posts":[],"_links":{"self":[{"href":"https:\/\/eltrabajo.cl\/portal\/wp-json\/wp\/v2\/posts\/47238","targetHints":{"allow":["GET"]}}],"collection":[{"href":"https:\/\/eltrabajo.cl\/portal\/wp-json\/wp\/v2\/posts"}],"about":[{"href":"https:\/\/eltrabajo.cl\/portal\/wp-json\/wp\/v2\/types\/post"}],"author":[{"embeddable":true,"href":"https:\/\/eltrabajo.cl\/portal\/wp-json\/wp\/v2\/users\/482"}],"replies":[{"embeddable":true,"href":"https:\/\/eltrabajo.cl\/portal\/wp-json\/wp\/v2\/comments?post=47238"}],"version-history":[{"count":0,"href":"https:\/\/eltrabajo.cl\/portal\/wp-json\/wp\/v2\/posts\/47238\/revisions"}],"wp:featuredmedia":[{"embeddable":true,"href":"https:\/\/eltrabajo.cl\/portal\/wp-json\/wp\/v2\/media\/47239"}],"wp:attachment":[{"href":"https:\/\/eltrabajo.cl\/portal\/wp-json\/wp\/v2\/media?parent=47238"}],"wp:term":[{"taxonomy":"category","embeddable":true,"href":"https:\/\/eltrabajo.cl\/portal\/wp-json\/wp\/v2\/categories?post=47238"},{"taxonomy":"post_tag","embeddable":true,"href":"https:\/\/eltrabajo.cl\/portal\/wp-json\/wp\/v2\/tags?post=47238"}],"curies":[{"name":"wp","href":"https:\/\/api.w.org\/{rel}","templated":true}]}}