{"id":47259,"date":"2014-06-05T09:40:09","date_gmt":"2014-06-05T13:40:09","guid":{"rendered":"http:\/\/www.eltrabajo.cl\/portal\/?p=47259"},"modified":"2014-06-05T09:40:09","modified_gmt":"2014-06-05T13:40:09","slug":"estudiantes-obtuvieron-el-computador-que-ellos-eligieron","status":"publish","type":"post","link":"https:\/\/eltrabajo.cl\/portal\/estudiantes-obtuvieron-el-computador-que-ellos-eligieron\/","title":{"rendered":"Estudiantes obtuvieron el computador que ellos eligieron"},"content":{"rendered":"<figure id=\"attachment_47260\" aria-describedby=\"caption-attachment-47260\" style=\"width: 528px\" class=\"wp-caption alignnone\"><a href=\"https:\/\/i0.wp.com\/www.eltrabajo.cl\/portal\/wp-content\/uploads\/2014\/06\/Computadoras1.jpg\"><img data-recalc-dims=\"1\" loading=\"lazy\" decoding=\"async\" class=\"size-full wp-image-47260\" alt=\"En Los Andes 267 ni\u00f1os recibieron sus equipos del Programa Yo Elijo mi PC.\" src=\"https:\/\/i0.wp.com\/www.eltrabajo.cl\/portal\/wp-content\/uploads\/2014\/06\/Computadoras1.jpg?resize=528%2C373\" width=\"528\" height=\"373\" srcset=\"https:\/\/i0.wp.com\/eltrabajo.cl\/portal\/wp-content\/uploads\/2014\/06\/Computadoras1.jpg?w=528&amp;ssl=1 528w, https:\/\/i0.wp.com\/eltrabajo.cl\/portal\/wp-content\/uploads\/2014\/06\/Computadoras1.jpg?resize=200%2C141&amp;ssl=1 200w, https:\/\/i0.wp.com\/eltrabajo.cl\/portal\/wp-content\/uploads\/2014\/06\/Computadoras1.jpg?resize=300%2C211&amp;ssl=1 300w, https:\/\/i0.wp.com\/eltrabajo.cl\/portal\/wp-content\/uploads\/2014\/06\/Computadoras1.jpg?resize=150%2C105&amp;ssl=1 150w, https:\/\/i0.wp.com\/eltrabajo.cl\/portal\/wp-content\/uploads\/2014\/06\/Computadoras1.jpg?resize=400%2C282&amp;ssl=1 400w\" sizes=\"auto, (max-width: 528px) 100vw, 528px\" \/><\/a><figcaption id=\"caption-attachment-47260\" class=\"wp-caption-text\">En Los Andes 267 ni\u00f1os recibieron sus equipos del Programa Yo Elijo mi PC.<\/figcaption><\/figure>\n<p><strong>LOS ANDES<\/strong>.- En Los Andes 267 ni\u00f1os recibieron sus equipos del Programa Yo Elijo mi PC. Este programa garantiza la entrega del equipo al estudiante, como una alternativa de asegurar su permanencia en el sistema educacional y potenciar el buen rendimiento acad\u00e9mico.<\/p>\n<p>Contentos e impacientes, a la espera del momento en que se concretara el tan anhelado sue\u00f1o del computador por el que tanto lucharon, los estudiantes de Los Andes recibieron de manos del Director Regional de Junaeb, Reinaldo Orellana y de la Gobernadora Provincial de Los Andes, Mar\u00eda Victoria Rodr\u00edguez, adem\u00e1s del Alcalde de Los Andes, Mauricio Navarro; los equipos que ellos mismos eligieron a trav\u00e9s del programa Yo Elijo mi PC.<\/p>\n<p>&nbsp;<\/p>\n","protected":false},"excerpt":{"rendered":"<p>LOS ANDES.- En Los Andes 267 ni\u00f1os recibieron sus equipos del Programa Yo Elijo mi PC. Este programa garantiza la entrega del equipo al estudiante, como una alternativa de asegurar su permanencia&#8230;<\/p>\n","protected":false},"author":482,"featured_media":47260,"comment_status":"open","ping_status":"closed","sticky":false,"template":"","format":"standard","meta":{"advanced_seo_description":"","jetpack_seo_html_title":"","jetpack_seo_noindex":false,"_jetpack_memberships_contains_paid_content":false,"footnotes":""},"categories":[15],"tags":[],"class_list":["post-47259","post","type-post","status-publish","format-standard","has-post-thumbnail","hentry","category-comunidad"],"jetpack_featured_media_url":"https:\/\/i0.wp.com\/eltrabajo.cl\/portal\/wp-content\/uploads\/2014\/06\/Computadoras1.jpg?fit=528%2C373&ssl=1","jetpack_sharing_enabled":true,"jetpack_likes_enabled":true,"jetpack-related-posts":[],"_links":{"self":[{"href":"https:\/\/eltrabajo.cl\/portal\/wp-json\/wp\/v2\/posts\/47259","targetHints":{"allow":["GET"]}}],"collection":[{"href":"https:\/\/eltrabajo.cl\/portal\/wp-json\/wp\/v2\/posts"}],"about":[{"href":"https:\/\/eltrabajo.cl\/portal\/wp-json\/wp\/v2\/types\/post"}],"author":[{"embeddable":true,"href":"https:\/\/eltrabajo.cl\/portal\/wp-json\/wp\/v2\/users\/482"}],"replies":[{"embeddable":true,"href":"https:\/\/eltrabajo.cl\/portal\/wp-json\/wp\/v2\/comments?post=47259"}],"version-history":[{"count":0,"href":"https:\/\/eltrabajo.cl\/portal\/wp-json\/wp\/v2\/posts\/47259\/revisions"}],"wp:featuredmedia":[{"embeddable":true,"href":"https:\/\/eltrabajo.cl\/portal\/wp-json\/wp\/v2\/media\/47260"}],"wp:attachment":[{"href":"https:\/\/eltrabajo.cl\/portal\/wp-json\/wp\/v2\/media?parent=47259"}],"wp:term":[{"taxonomy":"category","embeddable":true,"href":"https:\/\/eltrabajo.cl\/portal\/wp-json\/wp\/v2\/categories?post=47259"},{"taxonomy":"post_tag","embeddable":true,"href":"https:\/\/eltrabajo.cl\/portal\/wp-json\/wp\/v2\/tags?post=47259"}],"curies":[{"name":"wp","href":"https:\/\/api.w.org\/{rel}","templated":true}]}}