{"id":47262,"date":"2014-06-05T09:42:39","date_gmt":"2014-06-05T13:42:39","guid":{"rendered":"http:\/\/www.eltrabajo.cl\/portal\/?p=47262"},"modified":"2014-06-05T09:42:39","modified_gmt":"2014-06-05T13:42:39","slug":"unos-32-milimetros-de-agua-cayeron-en-la-comuna-de-putaendo","status":"publish","type":"post","link":"https:\/\/eltrabajo.cl\/portal\/unos-32-milimetros-de-agua-cayeron-en-la-comuna-de-putaendo\/","title":{"rendered":"Unos 32 mil\u00edmetros de agua cayeron en la comuna de Putaendo"},"content":{"rendered":"<figure id=\"attachment_47263\" aria-describedby=\"caption-attachment-47263\" style=\"width: 529px\" class=\"wp-caption alignnone\"><a href=\"https:\/\/i0.wp.com\/www.eltrabajo.cl\/portal\/wp-content\/uploads\/2014\/06\/Lluvias11.jpg\"><img data-recalc-dims=\"1\" loading=\"lazy\" decoding=\"async\" class=\"size-full wp-image-47263\" alt=\"LAS CIFRAS.- La estaci\u00f3n agro-meteorol\u00f3gica de la Familia Calder\u00f3n, logr\u00f3 marcar entre las 18:00 y 20:00 horas del martes; 4mm y entre las 20:00 horas de ese d\u00eda y las 08:00 horas de este mi\u00e9rcoles 28 mm, lo que da un total de 32 mil\u00edmetros de agua ca\u00edda.\" src=\"https:\/\/i0.wp.com\/www.eltrabajo.cl\/portal\/wp-content\/uploads\/2014\/06\/Lluvias11.jpg?resize=529%2C358\" width=\"529\" height=\"358\" srcset=\"https:\/\/i0.wp.com\/eltrabajo.cl\/portal\/wp-content\/uploads\/2014\/06\/Lluvias11.jpg?w=529&amp;ssl=1 529w, https:\/\/i0.wp.com\/eltrabajo.cl\/portal\/wp-content\/uploads\/2014\/06\/Lluvias11.jpg?resize=200%2C135&amp;ssl=1 200w, https:\/\/i0.wp.com\/eltrabajo.cl\/portal\/wp-content\/uploads\/2014\/06\/Lluvias11.jpg?resize=300%2C203&amp;ssl=1 300w, https:\/\/i0.wp.com\/eltrabajo.cl\/portal\/wp-content\/uploads\/2014\/06\/Lluvias11.jpg?resize=150%2C101&amp;ssl=1 150w, https:\/\/i0.wp.com\/eltrabajo.cl\/portal\/wp-content\/uploads\/2014\/06\/Lluvias11.jpg?resize=400%2C270&amp;ssl=1 400w\" sizes=\"auto, (max-width: 529px) 100vw, 529px\" \/><\/a><figcaption id=\"caption-attachment-47263\" class=\"wp-caption-text\">LAS CIFRAS.- La estaci\u00f3n agro-meteorol\u00f3gica de la Familia Calder\u00f3n, logr\u00f3 marcar entre las 18:00 y 20:00 horas del martes; 4mm y entre las 20:00 horas de ese d\u00eda y las 08:00 horas de este mi\u00e9rcoles 28 mm, lo que da un total de 32 mil\u00edmetros de agua ca\u00edda.<\/figcaption><\/figure>\n<p><strong>PUTAENDO<\/strong>.- Las \u00faltimas lluvias registradas en la comuna alcanzaron 32 mil\u00edmetros de altura, adem\u00e1s de una importante cantidad de nieve que cay\u00f3 al interior de la cordillera. Tal como estaba anunciado, las precipitaciones comenzaron a eso de las 17:30 horas del martes y r\u00e1pidamente se fueron intensificando, a lo que se sum\u00f3 un poco de viento y ya a eso de las 20:30 horas con s\u00f3lo tres horas de lluvia se pod\u00edan apreciar varios sectores de la comuna colapsados con las aguas de los canales sin que estas generaran emergencias en viviendas.<\/p>\n<figure id=\"attachment_47264\" aria-describedby=\"caption-attachment-47264\" style=\"width: 370px\" class=\"wp-caption alignright\"><a href=\"https:\/\/i0.wp.com\/www.eltrabajo.cl\/portal\/wp-content\/uploads\/2014\/06\/Lluvias2.jpg\"><img data-recalc-dims=\"1\" loading=\"lazy\" decoding=\"async\" class=\" wp-image-47264 \" alt=\"INTENSAS.- Las \u00faltimas lluvias registradas en la comuna alcanzaron 32 mil\u00edmetros de altura, adem\u00e1s de una importante cantidad de nieve que cay\u00f3 al interior de la cordillera.\" src=\"https:\/\/i0.wp.com\/www.eltrabajo.cl\/portal\/wp-content\/uploads\/2014\/06\/Lluvias2.jpg?resize=370%2C251\" width=\"370\" height=\"251\" srcset=\"https:\/\/i0.wp.com\/eltrabajo.cl\/portal\/wp-content\/uploads\/2014\/06\/Lluvias2.jpg?w=529&amp;ssl=1 529w, https:\/\/i0.wp.com\/eltrabajo.cl\/portal\/wp-content\/uploads\/2014\/06\/Lluvias2.jpg?resize=200%2C135&amp;ssl=1 200w, https:\/\/i0.wp.com\/eltrabajo.cl\/portal\/wp-content\/uploads\/2014\/06\/Lluvias2.jpg?resize=300%2C203&amp;ssl=1 300w, https:\/\/i0.wp.com\/eltrabajo.cl\/portal\/wp-content\/uploads\/2014\/06\/Lluvias2.jpg?resize=150%2C101&amp;ssl=1 150w, https:\/\/i0.wp.com\/eltrabajo.cl\/portal\/wp-content\/uploads\/2014\/06\/Lluvias2.jpg?resize=400%2C270&amp;ssl=1 400w\" sizes=\"auto, (max-width: 370px) 100vw, 370px\" \/><\/a><figcaption id=\"caption-attachment-47264\" class=\"wp-caption-text\">INTENSAS.- Las \u00faltimas lluvias registradas en la comuna alcanzaron 32 mil\u00edmetros de altura, adem\u00e1s de una importante cantidad de nieve que cay\u00f3 al interior de la cordillera.<\/figcaption><\/figure>\n<p>El Director de la Oficina de Emergencias de la Municipalidad de Putaendo, Jorge Reyes, confirm\u00f3 que no se registraron emergencias mayores aparte de las dos viviendas afectadas por la inundaci\u00f3n de aguas servidas en Calle Sarmiento, se registraron peque\u00f1os cortes de energ\u00eda el\u00e9ctrica en Piguch\u00e9n, pero que no fueron provocados por el viento sino que por fallas en los medidores.<\/p>\n<p>Reyes indic\u00f3 adem\u00e1s que la Oficina de Emergencias estuvo trabajando hasta pasadas las 02:00 horas y el punto m\u00e1s complicado fue el que afect\u00f3 a una familia de gitanos, quienes se instalaron sin la correspondiente autorizaci\u00f3n municipal a un costado del antiguo puente cimbra, pero que al ver la magnitud de la lluvia que estaba cayendo, el mismo junto a un equipo de funcionarios municipales se constituy\u00f3 en el lugar y ofreci\u00f3 a la familia ser trasladados en forma provisoria hasta el gimnasio municipal, pues literalmente la carpa no fue capaz de soportar la fuerte lluvia, sin embargo, la familia en la cual hab\u00eda una menor de cuatro a\u00f1os de edad y dos adultos mayores, pese a la fuerte lluvia se neg\u00f3 a salir del lugar y s\u00f3lo solicitaron nylon para impermeabilizar la carpa.<\/p>\n<p>Jorge Reyes manifest\u00f3 que de acuerdo a la informaci\u00f3n oficial que maneja la Oficina de Emergencias, en Putaendo se registraron 32 mil\u00edmetros de agua ca\u00edda.<\/p>\n<p>La estaci\u00f3n agro-meteorol\u00f3gica perteneciente a la Familia Calder\u00f3n Cortez de la localidad de Piguch\u00e9n, logr\u00f3 marcar entre las 18:00 y 20:00 horas del martes, 4mm y entre las 20:00 horas de ese d\u00eda y las 08:00 horas de este mi\u00e9rcoles 28 mm, lo que da un total de 32 mil\u00edmetros de agua ca\u00edda, lo que significa tambi\u00e9n que en lo que va corrido del a\u00f1o han ca\u00eddo 41,5 mil\u00edmetros de agua en la comuna de Putaendo.<\/p>\n<p>En tanto, Carabineros de Los Patos confirm\u00f3 que en ese sector y al interior de la cordillera cayeron 24 cent\u00edmetros de nieve. En el \u00e1mbito policial, Carabineros de Putaendo inform\u00f3 que a eso de las 02:00 horas un conductor en estado de ebriedad no advirti\u00f3 que el veh\u00edculo que lo anteced\u00eda disminuy\u00f3 la velocidad para pasar por una poza que se form\u00f3 a ra\u00edz de la construcci\u00f3n de un lomo de toro en Calle Sarmiento, por lo que lo impact\u00f3 de lleno en la parte de atr\u00e1s del veh\u00edculo.<\/p>\n<p>Patricio Gallardo M.<\/p>\n<p>&nbsp;<\/p>\n","protected":false},"excerpt":{"rendered":"<p>PUTAENDO.- Las \u00faltimas lluvias registradas en la comuna alcanzaron 32 mil\u00edmetros de altura, adem\u00e1s de una importante cantidad de nieve que cay\u00f3 al interior de la cordillera. Tal como estaba anunciado, las&#8230;<\/p>\n","protected":false},"author":482,"featured_media":47263,"comment_status":"open","ping_status":"closed","sticky":false,"template":"","format":"standard","meta":{"advanced_seo_description":"","jetpack_seo_html_title":"","jetpack_seo_noindex":false,"_jetpack_memberships_contains_paid_content":false,"footnotes":""},"categories":[1],"tags":[],"class_list":["post-47262","post","type-post","status-publish","format-standard","has-post-thumbnail","hentry","category-cronica"],"jetpack_featured_media_url":"https:\/\/i0.wp.com\/eltrabajo.cl\/portal\/wp-content\/uploads\/2014\/06\/Lluvias11.jpg?fit=529%2C358&ssl=1","jetpack_sharing_enabled":true,"jetpack_likes_enabled":true,"jetpack-related-posts":[],"_links":{"self":[{"href":"https:\/\/eltrabajo.cl\/portal\/wp-json\/wp\/v2\/posts\/47262","targetHints":{"allow":["GET"]}}],"collection":[{"href":"https:\/\/eltrabajo.cl\/portal\/wp-json\/wp\/v2\/posts"}],"about":[{"href":"https:\/\/eltrabajo.cl\/portal\/wp-json\/wp\/v2\/types\/post"}],"author":[{"embeddable":true,"href":"https:\/\/eltrabajo.cl\/portal\/wp-json\/wp\/v2\/users\/482"}],"replies":[{"embeddable":true,"href":"https:\/\/eltrabajo.cl\/portal\/wp-json\/wp\/v2\/comments?post=47262"}],"version-history":[{"count":0,"href":"https:\/\/eltrabajo.cl\/portal\/wp-json\/wp\/v2\/posts\/47262\/revisions"}],"wp:featuredmedia":[{"embeddable":true,"href":"https:\/\/eltrabajo.cl\/portal\/wp-json\/wp\/v2\/media\/47263"}],"wp:attachment":[{"href":"https:\/\/eltrabajo.cl\/portal\/wp-json\/wp\/v2\/media?parent=47262"}],"wp:term":[{"taxonomy":"category","embeddable":true,"href":"https:\/\/eltrabajo.cl\/portal\/wp-json\/wp\/v2\/categories?post=47262"},{"taxonomy":"post_tag","embeddable":true,"href":"https:\/\/eltrabajo.cl\/portal\/wp-json\/wp\/v2\/tags?post=47262"}],"curies":[{"name":"wp","href":"https:\/\/api.w.org\/{rel}","templated":true}]}}