{"id":47268,"date":"2014-06-05T09:44:41","date_gmt":"2014-06-05T13:44:41","guid":{"rendered":"http:\/\/www.eltrabajo.cl\/portal\/?p=47268"},"modified":"2014-06-05T09:44:41","modified_gmt":"2014-06-05T13:44:41","slug":"llegan-toritos-para-mejorar-genetica-del-ganado","status":"publish","type":"post","link":"https:\/\/eltrabajo.cl\/portal\/llegan-toritos-para-mejorar-genetica-del-ganado\/","title":{"rendered":"Llegan toritos para mejorar gen\u00e9tica del ganado"},"content":{"rendered":"<figure id=\"attachment_47269\" aria-describedby=\"caption-attachment-47269\" style=\"width: 529px\" class=\"wp-caption alignnone\"><a href=\"https:\/\/i0.wp.com\/www.eltrabajo.cl\/portal\/wp-content\/uploads\/2014\/06\/Toritos1.jpg\"><img data-recalc-dims=\"1\" loading=\"lazy\" decoding=\"async\" class=\"size-full wp-image-47269\" alt=\"Los animales pertenecen a la raza bovina Angus y benefician a once familias campesinas que postularon a proyectos de Inversi\u00f3n al Fortalecimiento Productivo, IFP de Indap.\" src=\"https:\/\/i0.wp.com\/www.eltrabajo.cl\/portal\/wp-content\/uploads\/2014\/06\/Toritos1.jpg?resize=529%2C310\" width=\"529\" height=\"310\" srcset=\"https:\/\/i0.wp.com\/eltrabajo.cl\/portal\/wp-content\/uploads\/2014\/06\/Toritos1.jpg?w=529&amp;ssl=1 529w, https:\/\/i0.wp.com\/eltrabajo.cl\/portal\/wp-content\/uploads\/2014\/06\/Toritos1.jpg?resize=200%2C117&amp;ssl=1 200w, https:\/\/i0.wp.com\/eltrabajo.cl\/portal\/wp-content\/uploads\/2014\/06\/Toritos1.jpg?resize=300%2C175&amp;ssl=1 300w, https:\/\/i0.wp.com\/eltrabajo.cl\/portal\/wp-content\/uploads\/2014\/06\/Toritos1.jpg?resize=150%2C87&amp;ssl=1 150w, https:\/\/i0.wp.com\/eltrabajo.cl\/portal\/wp-content\/uploads\/2014\/06\/Toritos1.jpg?resize=400%2C234&amp;ssl=1 400w\" sizes=\"auto, (max-width: 529px) 100vw, 529px\" \/><\/a><figcaption id=\"caption-attachment-47269\" class=\"wp-caption-text\">Los animales pertenecen a la raza bovina Angus y benefician a once familias campesinas que postularon a proyectos de Inversi\u00f3n al Fortalecimiento Productivo, IFP de Indap.<\/figcaption><\/figure>\n<p><strong>SAN ESTEBAN<\/strong>.- Disminuir los problemas de consanguinidad y realizar el mejoramiento gen\u00e9tico del ganado de los peque\u00f1os productores de la comuna de San Esteban, es el principal objetivo de los proyectos de Inversi\u00f3n al Fortalecimiento Productivo IFP de Indap que est\u00e1 llevando adelante el Prodesal Cordillera y que permiti\u00f3 la adquisici\u00f3n de once toritos de la raza Aberdeen Angus.<\/p>\n<p>Esta raza bovina, de origen escoc\u00e9s, tiene entre sus principales caracter\u00edsticas su f\u00e1cil adaptaci\u00f3n a la zona, resistencia y docilidad, con nulos problemas en el parto y una buena ganancia de peso al destete. Est\u00e1 destinada fundamentalmente a la producci\u00f3n de carne. El incentivo beneficia directamente a once familias campesinas de la comuna, cuyos reba\u00f1os, que normalmente se manejan en cordillera, se encontraban afectados por una alta consanguinidad lo que afecta los resultados productivos de estos animales.<\/p>\n<figure id=\"attachment_47270\" aria-describedby=\"caption-attachment-47270\" style=\"width: 370px\" class=\"wp-caption alignright\"><a href=\"https:\/\/i0.wp.com\/www.eltrabajo.cl\/portal\/wp-content\/uploads\/2014\/06\/Toritos2.jpg\"><img data-recalc-dims=\"1\" loading=\"lazy\" decoding=\"async\" class=\" wp-image-47270 \" alt=\"Esta raza bovina, de origen escoc\u00e9s, tiene entre sus principales caracter\u00edsticas su f\u00e1cil adaptaci\u00f3n a la zona, resistencia y docilidad, con nulos problemas en el parto y una buena ganancia de peso al destete.\" src=\"https:\/\/i0.wp.com\/www.eltrabajo.cl\/portal\/wp-content\/uploads\/2014\/06\/Toritos2.jpg?resize=370%2C250\" width=\"370\" height=\"250\" srcset=\"https:\/\/i0.wp.com\/eltrabajo.cl\/portal\/wp-content\/uploads\/2014\/06\/Toritos2.jpg?w=529&amp;ssl=1 529w, https:\/\/i0.wp.com\/eltrabajo.cl\/portal\/wp-content\/uploads\/2014\/06\/Toritos2.jpg?resize=200%2C134&amp;ssl=1 200w, https:\/\/i0.wp.com\/eltrabajo.cl\/portal\/wp-content\/uploads\/2014\/06\/Toritos2.jpg?resize=300%2C202&amp;ssl=1 300w, https:\/\/i0.wp.com\/eltrabajo.cl\/portal\/wp-content\/uploads\/2014\/06\/Toritos2.jpg?resize=150%2C101&amp;ssl=1 150w, https:\/\/i0.wp.com\/eltrabajo.cl\/portal\/wp-content\/uploads\/2014\/06\/Toritos2.jpg?resize=400%2C269&amp;ssl=1 400w\" sizes=\"auto, (max-width: 370px) 100vw, 370px\" \/><\/a><figcaption id=\"caption-attachment-47270\" class=\"wp-caption-text\">Esta raza bovina, de origen escoc\u00e9s, tiene entre sus principales caracter\u00edsticas su f\u00e1cil adaptaci\u00f3n a la zona, resistencia y docilidad, con nulos problemas en el parto y una buena ganancia de peso al destete.<\/figcaption><\/figure>\n<p>Uno de los beneficiados es el ganadero Jorge B\u00e1ez, del sector Campos de Ahumada, quien expres\u00f3 que \u201cestoy bien contento porque con esto van a \u2018arribar\u2019 los animales, va a mejorar la raza. A m\u00ed me toc\u00f3 uno negro que de aqu\u00ed a dos a\u00f1os puede tener hijitos. Nosotros ten\u00edamos buenas vacas pero nos faltaba un toro como estos\u201d.<\/p>\n<p>Por su parte, el director de Indap, Helmuth Hinrichsen, expres\u00f3 que \u201clo que buscamos con esta inversi\u00f3n es poder mejorar la producci\u00f3n bovina y favorecer la comercializaci\u00f3n de los peque\u00f1os productores de este rubro, adem\u00e1s de fomentar la competitividad a trav\u00e9s de mejorar las condiciones de reproducci\u00f3n. Como Gobierno tenemos el compromiso con la calidad de vida de nuestros peque\u00f1os agricultores\u201d.<\/p>\n<p>El costo total de los proyectos demand\u00f3 una inversi\u00f3n de casi seis millones de pesos con un incentivo de Indap de m\u00e1s de $5 millones y un aporte propio de los agricultores de $548.000. Cabe destacar que el Prodesal Cordillera es una unidad ganadera que cuenta con 109 usuarios que tiene dentro de sus prioridades el mejoramiento de praderas, infraestructura y mejoramiento gen\u00e9tico del ganado. Actualmente tiene tres rubros que son Ganader\u00eda Mayor, Ganader\u00eda Menor y avicultura.<\/p>\n<p>&nbsp;<\/p>\n","protected":false},"excerpt":{"rendered":"<p>SAN ESTEBAN.- Disminuir los problemas de consanguinidad y realizar el mejoramiento gen\u00e9tico del ganado de los peque\u00f1os productores de la comuna de San Esteban, es el principal objetivo de los proyectos de&#8230;<\/p>\n","protected":false},"author":482,"featured_media":47269,"comment_status":"open","ping_status":"closed","sticky":false,"template":"","format":"standard","meta":{"advanced_seo_description":"","jetpack_seo_html_title":"","jetpack_seo_noindex":false,"_jetpack_memberships_contains_paid_content":false,"footnotes":""},"categories":[1],"tags":[],"class_list":["post-47268","post","type-post","status-publish","format-standard","has-post-thumbnail","hentry","category-cronica"],"jetpack_featured_media_url":"https:\/\/i0.wp.com\/eltrabajo.cl\/portal\/wp-content\/uploads\/2014\/06\/Toritos1.jpg?fit=529%2C310&ssl=1","jetpack_sharing_enabled":true,"jetpack_likes_enabled":true,"jetpack-related-posts":[],"_links":{"self":[{"href":"https:\/\/eltrabajo.cl\/portal\/wp-json\/wp\/v2\/posts\/47268","targetHints":{"allow":["GET"]}}],"collection":[{"href":"https:\/\/eltrabajo.cl\/portal\/wp-json\/wp\/v2\/posts"}],"about":[{"href":"https:\/\/eltrabajo.cl\/portal\/wp-json\/wp\/v2\/types\/post"}],"author":[{"embeddable":true,"href":"https:\/\/eltrabajo.cl\/portal\/wp-json\/wp\/v2\/users\/482"}],"replies":[{"embeddable":true,"href":"https:\/\/eltrabajo.cl\/portal\/wp-json\/wp\/v2\/comments?post=47268"}],"version-history":[{"count":0,"href":"https:\/\/eltrabajo.cl\/portal\/wp-json\/wp\/v2\/posts\/47268\/revisions"}],"wp:featuredmedia":[{"embeddable":true,"href":"https:\/\/eltrabajo.cl\/portal\/wp-json\/wp\/v2\/media\/47269"}],"wp:attachment":[{"href":"https:\/\/eltrabajo.cl\/portal\/wp-json\/wp\/v2\/media?parent=47268"}],"wp:term":[{"taxonomy":"category","embeddable":true,"href":"https:\/\/eltrabajo.cl\/portal\/wp-json\/wp\/v2\/categories?post=47268"},{"taxonomy":"post_tag","embeddable":true,"href":"https:\/\/eltrabajo.cl\/portal\/wp-json\/wp\/v2\/tags?post=47268"}],"curies":[{"name":"wp","href":"https:\/\/api.w.org\/{rel}","templated":true}]}}