{"id":47273,"date":"2014-06-05T09:46:40","date_gmt":"2014-06-05T13:46:40","guid":{"rendered":"http:\/\/www.eltrabajo.cl\/portal\/?p=47273"},"modified":"2014-06-05T09:46:40","modified_gmt":"2014-06-05T13:46:40","slug":"buscan-impulsar-poblaciones-sanfelipenas-al-programa-recuperacion-de-barrios","status":"publish","type":"post","link":"https:\/\/eltrabajo.cl\/portal\/buscan-impulsar-poblaciones-sanfelipenas-al-programa-recuperacion-de-barrios\/","title":{"rendered":"Buscan impulsar poblaciones sanfelipe\u00f1as al Programa Recuperaci\u00f3n de barrios"},"content":{"rendered":"<figure id=\"attachment_47274\" aria-describedby=\"caption-attachment-47274\" style=\"width: 370px\" class=\"wp-caption alignleft\"><a href=\"https:\/\/i0.wp.com\/www.eltrabajo.cl\/portal\/wp-content\/uploads\/2014\/06\/Senador1.jpg\"><img data-recalc-dims=\"1\" loading=\"lazy\" decoding=\"async\" class=\"wp-image-47274 \" alt=\"Una provechosa reuni\u00f3n sostuvo el Senador por la Quinta Regi\u00f3n Interior, Ignacio Walker, con la Ministra de Vivienda y Urbanismo, Paulina Saball.\" src=\"https:\/\/i0.wp.com\/www.eltrabajo.cl\/portal\/wp-content\/uploads\/2014\/06\/Senador1.jpg?resize=370%2C268\" width=\"370\" height=\"268\" srcset=\"https:\/\/i0.wp.com\/eltrabajo.cl\/portal\/wp-content\/uploads\/2014\/06\/Senador1.jpg?w=528&amp;ssl=1 528w, https:\/\/i0.wp.com\/eltrabajo.cl\/portal\/wp-content\/uploads\/2014\/06\/Senador1.jpg?resize=200%2C145&amp;ssl=1 200w, https:\/\/i0.wp.com\/eltrabajo.cl\/portal\/wp-content\/uploads\/2014\/06\/Senador1.jpg?resize=300%2C217&amp;ssl=1 300w, https:\/\/i0.wp.com\/eltrabajo.cl\/portal\/wp-content\/uploads\/2014\/06\/Senador1.jpg?resize=150%2C108&amp;ssl=1 150w, https:\/\/i0.wp.com\/eltrabajo.cl\/portal\/wp-content\/uploads\/2014\/06\/Senador1.jpg?resize=400%2C290&amp;ssl=1 400w\" sizes=\"auto, (max-width: 370px) 100vw, 370px\" \/><\/a><figcaption id=\"caption-attachment-47274\" class=\"wp-caption-text\">Una provechosa reuni\u00f3n sostuvo el Senador por la Quinta Regi\u00f3n Interior, Ignacio Walker, con la Ministra de Vivienda y Urbanismo, Paulina Saball.<\/figcaption><\/figure>\n<p>Una provechosa reuni\u00f3n sostuvo el Senador por la Quinta Regi\u00f3n Interior, Ignacio Walker, con la Ministra de Vivienda y Urbanismo, Paulina Saball, con el motivo de plantearle la necesidad de postular a cuatro sectores de la ciudad de San Felipe al Programa Recuperaci\u00f3n de barrios. \u201cMe he reunido con la Ministra de Vivienda, Paulina Saball, a nombre del Alcalde de San Felipe, Patricio Freire y del m\u00edo, para plantearle la necesidad de impulsar el Programa de Recuperaci\u00f3n de barrios del Minvu de cuatro proyectos de la comuna aconcag\u00fcina\u201d, se\u00f1al\u00f3 el Senador Ignacio Walker.<\/p>\n<p>El parlamentario indic\u00f3 que los sectores que deber\u00edan ser impulsados son La Escuadra-Argelia; Villa Juan Pablo Segundo; Villa El Totoral y Villa 250 a\u00f1os. Estos proyectos beneficiar\u00edan a 377 familias de la Escuadra-Argelia; 504 de la Villa Juan Pablo Segundo; 396 de Villa El Totoral y 549 de Villa 250 a\u00f1os. En relaci\u00f3n a la inversi\u00f3n esta llegar\u00eda a los $2.900 millones. El Senador Ignacio Walker finaliz\u00f3 se\u00f1alando que \u201cespero que podamos tener en un futuro pr\u00f3ximo noticias al respecto\u201d.<\/p>\n<p>&nbsp;<\/p>\n","protected":false},"excerpt":{"rendered":"<p>Una provechosa reuni\u00f3n sostuvo el Senador por la Quinta Regi\u00f3n Interior, Ignacio Walker, con la Ministra de Vivienda y Urbanismo, Paulina Saball, con el motivo de plantearle la necesidad de postular a&#8230;<\/p>\n","protected":false},"author":482,"featured_media":47274,"comment_status":"open","ping_status":"closed","sticky":false,"template":"","format":"standard","meta":{"advanced_seo_description":"","jetpack_seo_html_title":"","jetpack_seo_noindex":false,"_jetpack_memberships_contains_paid_content":false,"footnotes":""},"categories":[15],"tags":[],"class_list":["post-47273","post","type-post","status-publish","format-standard","has-post-thumbnail","hentry","category-comunidad"],"jetpack_featured_media_url":"https:\/\/i0.wp.com\/eltrabajo.cl\/portal\/wp-content\/uploads\/2014\/06\/Senador1.jpg?fit=528%2C383&ssl=1","jetpack_sharing_enabled":true,"jetpack_likes_enabled":true,"jetpack-related-posts":[],"_links":{"self":[{"href":"https:\/\/eltrabajo.cl\/portal\/wp-json\/wp\/v2\/posts\/47273","targetHints":{"allow":["GET"]}}],"collection":[{"href":"https:\/\/eltrabajo.cl\/portal\/wp-json\/wp\/v2\/posts"}],"about":[{"href":"https:\/\/eltrabajo.cl\/portal\/wp-json\/wp\/v2\/types\/post"}],"author":[{"embeddable":true,"href":"https:\/\/eltrabajo.cl\/portal\/wp-json\/wp\/v2\/users\/482"}],"replies":[{"embeddable":true,"href":"https:\/\/eltrabajo.cl\/portal\/wp-json\/wp\/v2\/comments?post=47273"}],"version-history":[{"count":0,"href":"https:\/\/eltrabajo.cl\/portal\/wp-json\/wp\/v2\/posts\/47273\/revisions"}],"wp:featuredmedia":[{"embeddable":true,"href":"https:\/\/eltrabajo.cl\/portal\/wp-json\/wp\/v2\/media\/47274"}],"wp:attachment":[{"href":"https:\/\/eltrabajo.cl\/portal\/wp-json\/wp\/v2\/media?parent=47273"}],"wp:term":[{"taxonomy":"category","embeddable":true,"href":"https:\/\/eltrabajo.cl\/portal\/wp-json\/wp\/v2\/categories?post=47273"},{"taxonomy":"post_tag","embeddable":true,"href":"https:\/\/eltrabajo.cl\/portal\/wp-json\/wp\/v2\/tags?post=47273"}],"curies":[{"name":"wp","href":"https:\/\/api.w.org\/{rel}","templated":true}]}}