{"id":47284,"date":"2014-06-05T09:49:46","date_gmt":"2014-06-05T13:49:46","guid":{"rendered":"http:\/\/www.eltrabajo.cl\/portal\/?p=47284"},"modified":"2014-06-05T09:49:46","modified_gmt":"2014-06-05T13:49:46","slug":"mas-de-285-alumnos-reciben-computadores-del-programa-yo-elijo-mi-pc","status":"publish","type":"post","link":"https:\/\/eltrabajo.cl\/portal\/mas-de-285-alumnos-reciben-computadores-del-programa-yo-elijo-mi-pc\/","title":{"rendered":"M\u00e1s de 285 alumnos reciben computadores del Programa Yo elijo mi PC"},"content":{"rendered":"<figure id=\"attachment_47285\" aria-describedby=\"caption-attachment-47285\" style=\"width: 527px\" class=\"wp-caption alignnone\"><a href=\"https:\/\/i0.wp.com\/www.eltrabajo.cl\/portal\/wp-content\/uploads\/2014\/06\/Compus1.jpg\"><img data-recalc-dims=\"1\" loading=\"lazy\" decoding=\"async\" class=\"size-full wp-image-47285\" alt=\"En la oportunidad se entregaron 286 computadores, los que fueron elegidos por los propios alumnos, entregando as\u00ed una herramienta de trabajo para los estudiantes.\" src=\"https:\/\/i0.wp.com\/www.eltrabajo.cl\/portal\/wp-content\/uploads\/2014\/06\/Compus1.jpg?resize=527%2C250\" width=\"527\" height=\"250\" srcset=\"https:\/\/i0.wp.com\/eltrabajo.cl\/portal\/wp-content\/uploads\/2014\/06\/Compus1.jpg?w=527&amp;ssl=1 527w, https:\/\/i0.wp.com\/eltrabajo.cl\/portal\/wp-content\/uploads\/2014\/06\/Compus1.jpg?resize=200%2C94&amp;ssl=1 200w, https:\/\/i0.wp.com\/eltrabajo.cl\/portal\/wp-content\/uploads\/2014\/06\/Compus1.jpg?resize=300%2C142&amp;ssl=1 300w, https:\/\/i0.wp.com\/eltrabajo.cl\/portal\/wp-content\/uploads\/2014\/06\/Compus1.jpg?resize=150%2C71&amp;ssl=1 150w, https:\/\/i0.wp.com\/eltrabajo.cl\/portal\/wp-content\/uploads\/2014\/06\/Compus1.jpg?resize=400%2C189&amp;ssl=1 400w\" sizes=\"auto, (max-width: 527px) 100vw, 527px\" \/><\/a><figcaption id=\"caption-attachment-47285\" class=\"wp-caption-text\">En la oportunidad se entregaron 286 computadores, los que fueron elegidos por los propios alumnos, entregando as\u00ed una herramienta de trabajo para los estudiantes.<\/figcaption><\/figure>\n<p>En el Gimnasio del Liceo Roberto Humeres de la comuna de San Felipe, se realiz\u00f3 la ceremonia de entrega de computadores, en el marco del Programa Yo elijo mi PC 2014, una iniciativa que se desarrolla desde el a\u00f1o 2005. La ceremonia cont\u00f3 con la participaci\u00f3n del Alcalde Patricio Freire; del Gobernador Eduardo Le\u00f3n; la Directora provincial Junaeb Claudia Moreno: del Director Provincial de Educaci\u00f3n, Alejandro Tapia; de los directores de establecimientos de la comuna, padres, apoderados y alumnos beneficiados.<\/p>\n<p><strong>\u00a0UNA HERRAMIENTA<\/strong><\/p>\n<p>En la oportunidad se entregaron 286 computadores, los que fueron elegidos por los propios alumnos, entregando as\u00ed una herramienta de trabajo para los alumnos, tal como destac\u00f3 el Alcalde Patricio Freire. \u201cSe les est\u00e1 entregando una herramienta muy importante para los alumnos, una herramienta de trabajo donde ellos se informan, buscan e investigan, en estos tiempos es una herramienta sumamente importante\u201d, dijo el jefe comunal.<\/p>\n<p>El alcalde destac\u00f3 la importante cantidad de equipos computacionales entregados a los alumnos de escuelas municipales, dando cuenta de los buenos resultados acad\u00e9micos de los ni\u00f1os al interior de los establecimientos educacionales.<\/p>\n<p>&nbsp;<\/p>\n","protected":false},"excerpt":{"rendered":"<p>En el Gimnasio del Liceo Roberto Humeres de la comuna de San Felipe, se realiz\u00f3 la ceremonia de entrega de computadores, en el marco del Programa Yo elijo mi PC 2014, una&#8230;<\/p>\n","protected":false},"author":482,"featured_media":47285,"comment_status":"open","ping_status":"closed","sticky":false,"template":"","format":"standard","meta":{"advanced_seo_description":"","jetpack_seo_html_title":"","jetpack_seo_noindex":false,"_jetpack_memberships_contains_paid_content":false,"footnotes":""},"categories":[15],"tags":[],"class_list":["post-47284","post","type-post","status-publish","format-standard","has-post-thumbnail","hentry","category-comunidad"],"jetpack_featured_media_url":"https:\/\/i0.wp.com\/eltrabajo.cl\/portal\/wp-content\/uploads\/2014\/06\/Compus1.jpg?fit=527%2C250&ssl=1","jetpack_sharing_enabled":true,"jetpack_likes_enabled":true,"jetpack-related-posts":[],"_links":{"self":[{"href":"https:\/\/eltrabajo.cl\/portal\/wp-json\/wp\/v2\/posts\/47284","targetHints":{"allow":["GET"]}}],"collection":[{"href":"https:\/\/eltrabajo.cl\/portal\/wp-json\/wp\/v2\/posts"}],"about":[{"href":"https:\/\/eltrabajo.cl\/portal\/wp-json\/wp\/v2\/types\/post"}],"author":[{"embeddable":true,"href":"https:\/\/eltrabajo.cl\/portal\/wp-json\/wp\/v2\/users\/482"}],"replies":[{"embeddable":true,"href":"https:\/\/eltrabajo.cl\/portal\/wp-json\/wp\/v2\/comments?post=47284"}],"version-history":[{"count":0,"href":"https:\/\/eltrabajo.cl\/portal\/wp-json\/wp\/v2\/posts\/47284\/revisions"}],"wp:featuredmedia":[{"embeddable":true,"href":"https:\/\/eltrabajo.cl\/portal\/wp-json\/wp\/v2\/media\/47285"}],"wp:attachment":[{"href":"https:\/\/eltrabajo.cl\/portal\/wp-json\/wp\/v2\/media?parent=47284"}],"wp:term":[{"taxonomy":"category","embeddable":true,"href":"https:\/\/eltrabajo.cl\/portal\/wp-json\/wp\/v2\/categories?post=47284"},{"taxonomy":"post_tag","embeddable":true,"href":"https:\/\/eltrabajo.cl\/portal\/wp-json\/wp\/v2\/tags?post=47284"}],"curies":[{"name":"wp","href":"https:\/\/api.w.org\/{rel}","templated":true}]}}