{"id":47287,"date":"2014-06-05T09:52:12","date_gmt":"2014-06-05T13:52:12","guid":{"rendered":"http:\/\/www.eltrabajo.cl\/portal\/?p=47287"},"modified":"2014-06-05T09:52:12","modified_gmt":"2014-06-05T13:52:12","slug":"realizan-primera-reunion-del-consejo-consultivo-de-la-infancia","status":"publish","type":"post","link":"https:\/\/eltrabajo.cl\/portal\/realizan-primera-reunion-del-consejo-consultivo-de-la-infancia\/","title":{"rendered":"Realizan primera reuni\u00f3n del Consejo Consultivo de la infancia"},"content":{"rendered":"<figure id=\"attachment_47288\" aria-describedby=\"caption-attachment-47288\" style=\"width: 529px\" class=\"wp-caption alignnone\"><a href=\"https:\/\/i0.wp.com\/www.eltrabajo.cl\/portal\/wp-content\/uploads\/2014\/06\/Consejo1.jpg\"><img data-recalc-dims=\"1\" loading=\"lazy\" decoding=\"async\" class=\"size-full wp-image-47288\" alt=\"El objetivo de esta instancia de encuentro de ni\u00f1os y adolescentes, es incentivar y fortalecer su participaci\u00f3n sustantiva, en lo relativo a todas las acciones promocionales y de ejercicio de su ciudadan\u00eda.\" src=\"https:\/\/i0.wp.com\/www.eltrabajo.cl\/portal\/wp-content\/uploads\/2014\/06\/Consejo1.jpg?resize=529%2C358\" width=\"529\" height=\"358\" srcset=\"https:\/\/i0.wp.com\/eltrabajo.cl\/portal\/wp-content\/uploads\/2014\/06\/Consejo1.jpg?w=529&amp;ssl=1 529w, https:\/\/i0.wp.com\/eltrabajo.cl\/portal\/wp-content\/uploads\/2014\/06\/Consejo1.jpg?resize=200%2C135&amp;ssl=1 200w, https:\/\/i0.wp.com\/eltrabajo.cl\/portal\/wp-content\/uploads\/2014\/06\/Consejo1.jpg?resize=300%2C203&amp;ssl=1 300w, https:\/\/i0.wp.com\/eltrabajo.cl\/portal\/wp-content\/uploads\/2014\/06\/Consejo1.jpg?resize=150%2C101&amp;ssl=1 150w, https:\/\/i0.wp.com\/eltrabajo.cl\/portal\/wp-content\/uploads\/2014\/06\/Consejo1.jpg?resize=400%2C270&amp;ssl=1 400w\" sizes=\"auto, (max-width: 529px) 100vw, 529px\" \/><\/a><figcaption id=\"caption-attachment-47288\" class=\"wp-caption-text\">El objetivo de esta instancia de encuentro de ni\u00f1os y adolescentes, es incentivar y fortalecer su participaci\u00f3n sustantiva, en lo relativo a todas las acciones promocionales y de ejercicio de su ciudadan\u00eda.<\/figcaption><\/figure>\n<p>Alumnos de distintos establecimientos de San Felipe llegaron al Sal\u00f3n de Honor de la Municipalidad de San Felipe para sumarse a esta instancia de participaci\u00f3n que promueve la Oficina de Protecci\u00f3n de Derechos de la comuna. Con la participaci\u00f3n de alumnos de distintos establecimientos educacionales de San Felipe, se realiz\u00f3 en la municipalidad la primera reuni\u00f3n del a\u00f1o 2014, del Consejo Consultivo de infancia y Adolescencia de la comuna, instancia que promueve la OPD.<\/p>\n<p>El objetivo de esta instancia de encuentro de ni\u00f1os y adolescentes, es incentivar y fortalecer su participaci\u00f3n sustantiva, en lo relativo a todas las acciones promocionales y de ejercicio de su ciudadan\u00eda.<\/p>\n<p>Seg\u00fan explic\u00f3 la Coordinadora Comunal de la OPD San Felipe, la Asistente Social Francisca Hidalgo, \u201cesta es la primera reuni\u00f3n del a\u00f1o 2014, pero nosotros con el Consejo Consultivo estamos trabajando desde el a\u00f1o 2012, con los nuevos lineamientos t\u00e9cnicos del Sename, desde donde se sustenta esta relevancia de poder generar todas las instancias posibles, para que los ni\u00f1os y ni\u00f1as sean visibilizados como sujetos de derecho\u201d.<\/p>\n<p>En este \u00e1mbito, la profesional destac\u00f3 el pleno respaldo del Alcalde Patricio Freire, quien ha facilitado las instancias, pero adem\u00e1s ha motivado al equipo de la OPD, as\u00ed como a los ni\u00f1os y adolescentes de la comuna, a seguir generando estos espacios de participaci\u00f3n. Se espera este a\u00f1o realizar diversas acciones al alero de este Consejo Consultivo de infancia, teniendo sus participantes la responsabilidad de idear y concretar actividades que, seg\u00fan dijo Francisca Hidalgo, deben tener sentido para ellos y ellas, en la medida que deben dar cuenta de sus sue\u00f1os, intereses, inquietudes y necesidades.<\/p>\n<p>\u201cTambi\u00e9n nos interesa seguir generando instancias de encuentro con el mundo adulto, principalmente con las autoridades, ya que la OPD se ha fijado el objetivo de visibilizar a los ni\u00f1os y adolescentes, como ciudadanos, como sujetos con derechos, entendiendo que ellos tambi\u00e9n tienen algo que decir respecto del desarrollo de la comuna\u201d, manifest\u00f3 Hidalgo.<\/p>\n<p>A modo de ejemplo, el a\u00f1o pasado se realizaron tres instancias de encuentro entre el Consejo Consultivo y el Concejo Municipal, ocasi\u00f3n en la que los participantes expusieron sobre distintas tem\u00e1ticas de inter\u00e9s, como cultura, educaci\u00f3n y medio ambiente, logrando una excelente acogida de parte de las autoridades comunales, lo que a juicio de la coordinadora de la OPD, permite derribar el mito en cuanto a que los ni\u00f1os y adolescentes no tienen inter\u00e9s por su comuna.<\/p>\n<p>La instancia de Consejo Consultivo ha permitido tambi\u00e9n que sus participantes levanten propuestas, que han sido escuchadas respetuosamente por las autoridades, invit\u00e1ndoles a distintas actividades, lo que permite avanzar hacia el cumplimiento del prop\u00f3sito de la OPD en cuanto a la generaci\u00f3n de espacios de participaci\u00f3n.<\/p>\n<p>\u201cLa idea es ir avanzando, contamos con representantes de distintos establecimientos educacionales, integrantes de la Escuela de L\u00edderes y desarrollamos acciones promocionales, como spots, taller de comics, taller audiovisual, etc\u201d, se\u00f1al\u00f3 Hidalgo.<\/p>\n<p>&nbsp;<\/p>\n","protected":false},"excerpt":{"rendered":"<p>Alumnos de distintos establecimientos de San Felipe llegaron al Sal\u00f3n de Honor de la Municipalidad de San Felipe para sumarse a esta instancia de participaci\u00f3n que promueve la Oficina de Protecci\u00f3n de&#8230;<\/p>\n","protected":false},"author":482,"featured_media":47288,"comment_status":"open","ping_status":"closed","sticky":false,"template":"","format":"standard","meta":{"advanced_seo_description":"","jetpack_seo_html_title":"","jetpack_seo_noindex":false,"_jetpack_memberships_contains_paid_content":false,"footnotes":""},"categories":[1],"tags":[],"class_list":["post-47287","post","type-post","status-publish","format-standard","has-post-thumbnail","hentry","category-cronica"],"jetpack_featured_media_url":"https:\/\/i0.wp.com\/eltrabajo.cl\/portal\/wp-content\/uploads\/2014\/06\/Consejo1.jpg?fit=529%2C358&ssl=1","jetpack_sharing_enabled":true,"jetpack_likes_enabled":true,"jetpack-related-posts":[],"_links":{"self":[{"href":"https:\/\/eltrabajo.cl\/portal\/wp-json\/wp\/v2\/posts\/47287","targetHints":{"allow":["GET"]}}],"collection":[{"href":"https:\/\/eltrabajo.cl\/portal\/wp-json\/wp\/v2\/posts"}],"about":[{"href":"https:\/\/eltrabajo.cl\/portal\/wp-json\/wp\/v2\/types\/post"}],"author":[{"embeddable":true,"href":"https:\/\/eltrabajo.cl\/portal\/wp-json\/wp\/v2\/users\/482"}],"replies":[{"embeddable":true,"href":"https:\/\/eltrabajo.cl\/portal\/wp-json\/wp\/v2\/comments?post=47287"}],"version-history":[{"count":0,"href":"https:\/\/eltrabajo.cl\/portal\/wp-json\/wp\/v2\/posts\/47287\/revisions"}],"wp:featuredmedia":[{"embeddable":true,"href":"https:\/\/eltrabajo.cl\/portal\/wp-json\/wp\/v2\/media\/47288"}],"wp:attachment":[{"href":"https:\/\/eltrabajo.cl\/portal\/wp-json\/wp\/v2\/media?parent=47287"}],"wp:term":[{"taxonomy":"category","embeddable":true,"href":"https:\/\/eltrabajo.cl\/portal\/wp-json\/wp\/v2\/categories?post=47287"},{"taxonomy":"post_tag","embeddable":true,"href":"https:\/\/eltrabajo.cl\/portal\/wp-json\/wp\/v2\/tags?post=47287"}],"curies":[{"name":"wp","href":"https:\/\/api.w.org\/{rel}","templated":true}]}}