{"id":47299,"date":"2014-06-05T09:56:53","date_gmt":"2014-06-05T13:56:53","guid":{"rendered":"http:\/\/www.eltrabajo.cl\/portal\/?p=47299"},"modified":"2014-06-05T09:56:53","modified_gmt":"2014-06-05T13:56:53","slug":"vecino-denuncia-cobros-excesivos-de-esval-que-superan-los-260-000","status":"publish","type":"post","link":"https:\/\/eltrabajo.cl\/portal\/vecino-denuncia-cobros-excesivos-de-esval-que-superan-los-260-000\/","title":{"rendered":"Vecino denuncia cobros excesivos de Esval que superan los $260.000"},"content":{"rendered":"<figure id=\"attachment_47300\" aria-describedby=\"caption-attachment-47300\" style=\"width: 317px\" class=\"wp-caption alignleft\"><a href=\"https:\/\/i0.wp.com\/www.eltrabajo.cl\/portal\/wp-content\/uploads\/2014\/06\/MAURICIO-ALLIENDES.jpg\"><img data-recalc-dims=\"1\" loading=\"lazy\" decoding=\"async\" class=\" wp-image-47300 \" alt=\"Mauricio Alliendes, vecino de Villa Los R\u00edos.\" src=\"https:\/\/i0.wp.com\/www.eltrabajo.cl\/portal\/wp-content\/uploads\/2014\/06\/MAURICIO-ALLIENDES.jpg?resize=317%2C341\" width=\"317\" height=\"341\" srcset=\"https:\/\/i0.wp.com\/eltrabajo.cl\/portal\/wp-content\/uploads\/2014\/06\/MAURICIO-ALLIENDES.jpg?w=529&amp;ssl=1 529w, https:\/\/i0.wp.com\/eltrabajo.cl\/portal\/wp-content\/uploads\/2014\/06\/MAURICIO-ALLIENDES.jpg?resize=139%2C150&amp;ssl=1 139w, https:\/\/i0.wp.com\/eltrabajo.cl\/portal\/wp-content\/uploads\/2014\/06\/MAURICIO-ALLIENDES.jpg?resize=278%2C300&amp;ssl=1 278w, https:\/\/i0.wp.com\/eltrabajo.cl\/portal\/wp-content\/uploads\/2014\/06\/MAURICIO-ALLIENDES.jpg?resize=400%2C430&amp;ssl=1 400w\" sizes=\"auto, (max-width: 317px) 100vw, 317px\" \/><\/a><figcaption id=\"caption-attachment-47300\" class=\"wp-caption-text\">Mauricio Alliendes, vecino de Villa Los R\u00edos.<\/figcaption><\/figure>\n<p><strong>PUTAENDO<\/strong>.- Mauricio Alliendes, vecino de Villa Los R\u00edos, denunci\u00f3 que a lo menos durante tres meses la empresa Esval le ha cobrado sumas que superan los $260.000 por concepto de consumo. Hastiado por esta situaci\u00f3n, Alliendes indic\u00f3 que \u00e9l desde hace m\u00e1s de doce a\u00f1os vive solo en su casa de Villa Los R\u00edos y que es muy poco el tiempo que pasa en su domicilio por motivos laborales y que habitualmente pagaba una suma mensual no superior a los $4.000 en su cuenta del agua, sin embargo asegura que desde hace algunos meses el cobro aument\u00f3 abruptamente, cuando en abril de este a\u00f1o la boleta indicaba que deb\u00eda pagar la suma de $257.000, lo que tambi\u00e9n se replic\u00f3 en la cuenta del mes de mayo y ahora en el mes de junio le indican que debe pagar una suma superior a los $260.000.<\/p>\n<p>\u201cEncuentro un abuso lo que est\u00e1n haciendo, yo por mi trabajo casi no paso en la casa y esto es algo que encuentro inaceptable\u201d. El afectado indic\u00f3 adem\u00e1s que concurri\u00f3 hasta las oficinas de Esval en San Felipe y que no obtuvo respuesta, por lo que se traslad\u00f3 hasta las oficinas de la empresa en Putaendo, donde le indicaron que hab\u00eda llegado una respuesta por correo donde lamentaban la situaci\u00f3n ocurrida, sin embargo, de todas maneras lleg\u00f3 la boleta con el cobro de $260.000.<\/p>\n<p>Alliendes afirm\u00f3 que s\u00f3lo ayer lleg\u00f3 un t\u00e9cnico enviado por la empresa a verificar su situaci\u00f3n, quien sac\u00f3 el medidor para revisarlo y tampoco entreg\u00f3 le entreg\u00f3 una respuesta convincente. \u201cDe nadie he obtenido una respuesta, nadie da una explicaci\u00f3n, en la oficina de Esval en Putaendo s\u00f3lo me dijeron que quiz\u00e1s el pr\u00f3ximo mes me har\u00edan una rebaja en la cuenta, pero lo dudo, porque el mes anterior me dieron exactamente la misma respuesta y sigo esperando\u201d, puntualiz\u00f3 el afectado.<\/p>\n<p>Finalmente Alliendes indic\u00f3 que espera una respuesta por parte de la empresa, ya que indic\u00f3 que ha conversado con mucha gente que est\u00e1 pasando por una situaci\u00f3n similar a la suya y adem\u00e1s calific\u00f3 el hecho como un abuso, debido a lo desmedido de los cobros que realiza la empresa por consumo de agua y lo abrupto del aumento del monto de un mes a otro.<\/p>\n<p>&nbsp;<\/p>\n","protected":false},"excerpt":{"rendered":"<p>PUTAENDO.- Mauricio Alliendes, vecino de Villa Los R\u00edos, denunci\u00f3 que a lo menos durante tres meses la empresa Esval le ha cobrado sumas que superan los $260.000 por concepto de consumo. Hastiado&#8230;<\/p>\n","protected":false},"author":482,"featured_media":47300,"comment_status":"open","ping_status":"closed","sticky":false,"template":"","format":"standard","meta":{"advanced_seo_description":"","jetpack_seo_html_title":"","jetpack_seo_noindex":false,"_jetpack_memberships_contains_paid_content":false,"footnotes":""},"categories":[15],"tags":[],"class_list":["post-47299","post","type-post","status-publish","format-standard","has-post-thumbnail","hentry","category-comunidad"],"jetpack_featured_media_url":"https:\/\/i0.wp.com\/eltrabajo.cl\/portal\/wp-content\/uploads\/2014\/06\/MAURICIO-ALLIENDES.jpg?fit=529%2C569&ssl=1","jetpack_sharing_enabled":true,"jetpack_likes_enabled":true,"jetpack-related-posts":[],"_links":{"self":[{"href":"https:\/\/eltrabajo.cl\/portal\/wp-json\/wp\/v2\/posts\/47299","targetHints":{"allow":["GET"]}}],"collection":[{"href":"https:\/\/eltrabajo.cl\/portal\/wp-json\/wp\/v2\/posts"}],"about":[{"href":"https:\/\/eltrabajo.cl\/portal\/wp-json\/wp\/v2\/types\/post"}],"author":[{"embeddable":true,"href":"https:\/\/eltrabajo.cl\/portal\/wp-json\/wp\/v2\/users\/482"}],"replies":[{"embeddable":true,"href":"https:\/\/eltrabajo.cl\/portal\/wp-json\/wp\/v2\/comments?post=47299"}],"version-history":[{"count":0,"href":"https:\/\/eltrabajo.cl\/portal\/wp-json\/wp\/v2\/posts\/47299\/revisions"}],"wp:featuredmedia":[{"embeddable":true,"href":"https:\/\/eltrabajo.cl\/portal\/wp-json\/wp\/v2\/media\/47300"}],"wp:attachment":[{"href":"https:\/\/eltrabajo.cl\/portal\/wp-json\/wp\/v2\/media?parent=47299"}],"wp:term":[{"taxonomy":"category","embeddable":true,"href":"https:\/\/eltrabajo.cl\/portal\/wp-json\/wp\/v2\/categories?post=47299"},{"taxonomy":"post_tag","embeddable":true,"href":"https:\/\/eltrabajo.cl\/portal\/wp-json\/wp\/v2\/tags?post=47299"}],"curies":[{"name":"wp","href":"https:\/\/api.w.org\/{rel}","templated":true}]}}