{"id":47315,"date":"2014-06-06T09:16:52","date_gmt":"2014-06-06T13:16:52","guid":{"rendered":"http:\/\/www.eltrabajo.cl\/portal\/?p=47315"},"modified":"2014-06-06T09:16:52","modified_gmt":"2014-06-06T13:16:52","slug":"apoderadas-del-cecal-certificadas-en-gastronomia-pastelearia-y-panificacion","status":"publish","type":"post","link":"https:\/\/eltrabajo.cl\/portal\/apoderadas-del-cecal-certificadas-en-gastronomia-pastelearia-y-panificacion\/","title":{"rendered":"Apoderadas del Cecal certificadas en gastronom\u00eda, pastelear\u00eda y panificaci\u00f3n"},"content":{"rendered":"<figure id=\"attachment_47316\" aria-describedby=\"caption-attachment-47316\" style=\"width: 529px\" class=\"wp-caption alignnone\"><a href=\"https:\/\/i0.wp.com\/www.eltrabajo.cl\/portal\/wp-content\/uploads\/2014\/06\/Certificadas1.jpg\"><img data-recalc-dims=\"1\" loading=\"lazy\" decoding=\"async\" class=\"size-full wp-image-47316\" alt=\"LOLOGRARON.- Durante el mes de enero, las mujeres que se certificaron el d\u00eda de ayer, aprendieron gastronom\u00eda, pasteler\u00eda y panificaci\u00f3n, gracias a la gesti\u00f3n de Fundaci\u00f3n La Semilla, el Municipio de Catemu y la escuela a trav\u00e9s de cursos del Sence.\" src=\"https:\/\/i0.wp.com\/www.eltrabajo.cl\/portal\/wp-content\/uploads\/2014\/06\/Certificadas1.jpg?resize=529%2C352\" width=\"529\" height=\"352\" srcset=\"https:\/\/i0.wp.com\/eltrabajo.cl\/portal\/wp-content\/uploads\/2014\/06\/Certificadas1.jpg?w=529&amp;ssl=1 529w, https:\/\/i0.wp.com\/eltrabajo.cl\/portal\/wp-content\/uploads\/2014\/06\/Certificadas1.jpg?resize=200%2C133&amp;ssl=1 200w, https:\/\/i0.wp.com\/eltrabajo.cl\/portal\/wp-content\/uploads\/2014\/06\/Certificadas1.jpg?resize=300%2C199&amp;ssl=1 300w, https:\/\/i0.wp.com\/eltrabajo.cl\/portal\/wp-content\/uploads\/2014\/06\/Certificadas1.jpg?resize=150%2C99&amp;ssl=1 150w, https:\/\/i0.wp.com\/eltrabajo.cl\/portal\/wp-content\/uploads\/2014\/06\/Certificadas1.jpg?resize=400%2C266&amp;ssl=1 400w\" sizes=\"auto, (max-width: 529px) 100vw, 529px\" \/><\/a><figcaption id=\"caption-attachment-47316\" class=\"wp-caption-text\">LOLOGRARON.- Durante el mes de enero, las mujeres que se certificaron el d\u00eda de ayer, aprendieron gastronom\u00eda, pasteler\u00eda y panificaci\u00f3n, gracias a la gesti\u00f3n de Fundaci\u00f3n La Semilla, el Municipio de Catemu y la escuela a trav\u00e9s de cursos del Sence.<\/figcaption><\/figure>\n<p><strong>CATEMU.<\/strong>&#8211; Un total de 20 apoderadas, entre ellas de alumnos de la educaci\u00f3n especial, se certificaron la ma\u00f1ana de ayer en las dependencias de la Escuela Mar\u00eda Teresa Del Canto \u2013sede anexa- en presencia del Alcalde Boris Luksic; del Concejal Carlos Meneses; del Director del Establecimiento, Marco Dur\u00e1n; representantes de Fundaci\u00f3n La Semilla y de la Otic Pro-Aconcagua, la ma\u00f1ana del pasado mi\u00e9rcoles 4 de junio.<\/p>\n<p>Durante el mes de enero, las mujeres que se certificaron el d\u00eda de ayer, aprendieron gastronom\u00eda, pasteler\u00eda y panificaci\u00f3n, gracias a la gesti\u00f3n de Fundaci\u00f3n La Semilla, el Municipio de Catemu y la escuela a trav\u00e9s de cursos del Servicio Nacional de Capacitaci\u00f3n y Empleo \u2013Sence- correspondientes a la franquicia tributaria. Durante la ceremonia se entreg\u00f3 a cada una de las apoderadas capacitadas, un certificado que acredita que aprobaron dicho curso y que est\u00e1n preparadas para desempe\u00f1arse en el rubro, diploma que recibieron con mucho orgullo y alegr\u00eda.<\/p>\n<p>\u201cHemos gestionado la capacitaci\u00f3n de apoderados, varios de ellos del Cecal, cuyos hijos durante el a\u00f1o pasado se certificaron en oficios, lo cual nos llena de satisfacci\u00f3n, esperamos que con esto puedan emprender con emprendimientos de tipo familiar que les permita mejorar sus ingresos. A quienes prefieran insertarse en el mundo laboral de manera dependiente los invitamos acercarse a nuestra Oficina de Intermediaci\u00f3n Laboral -Omil-. Tambi\u00e9n desde el municipio brindaremos asesor\u00eda y orientaci\u00f3n, a quienes lo necesiten, para la creaci\u00f3n de sus respectivos negocios, a trav\u00e9s de diversos organismos entendidos en estos temas como Sercotec, Chile Emprende, Fosis y todos los que puedan servir de ayuda para quienes deseen iniciar alguna idea de negocio\u201d, se\u00f1al\u00f3 Boris Luksic.<\/p>\n","protected":false},"excerpt":{"rendered":"<p>CATEMU.&#8211; Un total de 20 apoderadas, entre ellas de alumnos de la educaci\u00f3n especial, se certificaron la ma\u00f1ana de ayer en las dependencias de la Escuela Mar\u00eda Teresa Del Canto \u2013sede anexa-&#8230;<\/p>\n","protected":false},"author":482,"featured_media":47316,"comment_status":"open","ping_status":"closed","sticky":false,"template":"","format":"standard","meta":{"advanced_seo_description":"","jetpack_seo_html_title":"","jetpack_seo_noindex":false,"_jetpack_memberships_contains_paid_content":false,"footnotes":""},"categories":[15],"tags":[],"class_list":["post-47315","post","type-post","status-publish","format-standard","has-post-thumbnail","hentry","category-comunidad"],"jetpack_featured_media_url":"https:\/\/i0.wp.com\/eltrabajo.cl\/portal\/wp-content\/uploads\/2014\/06\/Certificadas1.jpg?fit=529%2C352&ssl=1","jetpack_sharing_enabled":true,"jetpack_likes_enabled":true,"jetpack-related-posts":[],"_links":{"self":[{"href":"https:\/\/eltrabajo.cl\/portal\/wp-json\/wp\/v2\/posts\/47315","targetHints":{"allow":["GET"]}}],"collection":[{"href":"https:\/\/eltrabajo.cl\/portal\/wp-json\/wp\/v2\/posts"}],"about":[{"href":"https:\/\/eltrabajo.cl\/portal\/wp-json\/wp\/v2\/types\/post"}],"author":[{"embeddable":true,"href":"https:\/\/eltrabajo.cl\/portal\/wp-json\/wp\/v2\/users\/482"}],"replies":[{"embeddable":true,"href":"https:\/\/eltrabajo.cl\/portal\/wp-json\/wp\/v2\/comments?post=47315"}],"version-history":[{"count":0,"href":"https:\/\/eltrabajo.cl\/portal\/wp-json\/wp\/v2\/posts\/47315\/revisions"}],"wp:featuredmedia":[{"embeddable":true,"href":"https:\/\/eltrabajo.cl\/portal\/wp-json\/wp\/v2\/media\/47316"}],"wp:attachment":[{"href":"https:\/\/eltrabajo.cl\/portal\/wp-json\/wp\/v2\/media?parent=47315"}],"wp:term":[{"taxonomy":"category","embeddable":true,"href":"https:\/\/eltrabajo.cl\/portal\/wp-json\/wp\/v2\/categories?post=47315"},{"taxonomy":"post_tag","embeddable":true,"href":"https:\/\/eltrabajo.cl\/portal\/wp-json\/wp\/v2\/tags?post=47315"}],"curies":[{"name":"wp","href":"https:\/\/api.w.org\/{rel}","templated":true}]}}