{"id":47323,"date":"2014-06-06T09:21:12","date_gmt":"2014-06-06T13:21:12","guid":{"rendered":"http:\/\/www.eltrabajo.cl\/portal\/?p=47323"},"modified":"2014-06-06T09:21:12","modified_gmt":"2014-06-06T13:21:12","slug":"comite-comunal-de-emergencias-afina-detalles-para-enfrentar-invierno","status":"publish","type":"post","link":"https:\/\/eltrabajo.cl\/portal\/comite-comunal-de-emergencias-afina-detalles-para-enfrentar-invierno\/","title":{"rendered":"Comit\u00e9 Comunal de Emergencias afina detalles para enfrentar invierno"},"content":{"rendered":"<figure id=\"attachment_47324\" aria-describedby=\"caption-attachment-47324\" style=\"width: 529px\" class=\"wp-caption alignnone\"><a href=\"https:\/\/i0.wp.com\/www.eltrabajo.cl\/portal\/wp-content\/uploads\/2014\/06\/Emergencias1.jpg\"><img data-recalc-dims=\"1\" loading=\"lazy\" decoding=\"async\" class=\"size-full wp-image-47324\" alt=\"En la reuni\u00f3n se afinaron detalles sobre el protocolo de respuesta municipal, se habilitan dos colegios como albergue y se informa sobre el tipo de ayuda a entregar.\" src=\"https:\/\/i0.wp.com\/www.eltrabajo.cl\/portal\/wp-content\/uploads\/2014\/06\/Emergencias1.jpg?resize=529%2C401\" width=\"529\" height=\"401\" srcset=\"https:\/\/i0.wp.com\/eltrabajo.cl\/portal\/wp-content\/uploads\/2014\/06\/Emergencias1.jpg?w=529&amp;ssl=1 529w, https:\/\/i0.wp.com\/eltrabajo.cl\/portal\/wp-content\/uploads\/2014\/06\/Emergencias1.jpg?resize=197%2C150&amp;ssl=1 197w, https:\/\/i0.wp.com\/eltrabajo.cl\/portal\/wp-content\/uploads\/2014\/06\/Emergencias1.jpg?resize=300%2C227&amp;ssl=1 300w, https:\/\/i0.wp.com\/eltrabajo.cl\/portal\/wp-content\/uploads\/2014\/06\/Emergencias1.jpg?resize=150%2C113&amp;ssl=1 150w, https:\/\/i0.wp.com\/eltrabajo.cl\/portal\/wp-content\/uploads\/2014\/06\/Emergencias1.jpg?resize=400%2C303&amp;ssl=1 400w\" sizes=\"auto, (max-width: 529px) 100vw, 529px\" \/><\/a><figcaption id=\"caption-attachment-47324\" class=\"wp-caption-text\">En la reuni\u00f3n se afinaron detalles sobre el protocolo de respuesta municipal, se habilitan dos colegios como albergue y se informa sobre el tipo de ayuda a entregar.<\/figcaption><\/figure>\n<p><strong>PANQUEHUE<\/strong>.- Una reuni\u00f3n de coordinaci\u00f3n, destinada a informar, revisar y preparar el Plan de Emergencia Comunal, sostuvo el Alcalde de Panquehue, Luis Pradenas con su equipo municipal, actividad que a su vez cont\u00f3 con la asistencia del Coordinador Provincial de Emergencia de la Gobernaci\u00f3n, Claudio Mart\u00ednez. De acuerdo a lo manifestado por el edil, este tipo de reuniones permiten revisar y corregir errores, sobre el protocolo de respuesta ante una determinada emergencia, ya sea esta por caracter\u00edsticas de incendio, terremoto o por efectos de temporales.<\/p>\n<p>Es as\u00ed que los departamentos de Obras Municipales, Daem y Desarrollo Comunitario, informaron sobre sus procesos para ir en ayuda ante una determinada emergencia. A\u00f1adi\u00f3 la autoridad, que la municipalidad de Panquehue, cuenta con materiales de emergencia para cubrir las necesidades, hay habilitados dos colegios que actuaran como albergues, est\u00e1 la disponibilidad de cuadrillas y maquinaria pesada.<\/p>\n<p>\u00ab Al encargado provincial de emergencia, dinos a conocer nuestro plan de invierno que tenemos en la municipalidad, sin embargo le hice saber al coordinador provincial que las cat\u00e1strofes no avisan, los incendios, inundaciones o accidentes se producen en un momento determinado, nosotros estamos preparados para actuar, pero es necesario coordinar otras formas de actuar y tengo la experiencia con el 27-F, el incendio de Valpara\u00edso, en el sentido que la ayuda a las personas no llega de manera oportuna.<\/p>\n<p>Creo que las autoridades debemos tomar conciencia en que la ayuda es lo primero que tiene que llegar y la parte administrativa dejarla un poco al lado y despu\u00e9s seguir trabajando en ello, por eso nosotros ya hemos tomado las medidas y tenemos en la municipalidad de Panquehue elementos de construcci\u00f3n, un stock de emergencia en bodega para poder entregar a las familias damnificadas. Asimismo tenemos preparados dos establecimientos educacionales que servir\u00edan de albergues, maquinaria pesada como herramientas con sus cuadrillas y tenemos la coordinaci\u00f3n con carabineros y Bomberos de Panquehue.<\/p>\n<p>La comuna de Panquehue est\u00e1 preparada, ojala todo aquello quede en la preparaci\u00f3n y no tengamos que actuar ante una determinada emergencia, pues esto lo \u00fanico que trae es sufrimientos en las personas que son afectadas por estas cat\u00e1strofes\u00bb.<\/p>\n<p>Agreg\u00f3 finalmente el Alcalde Luis Pradenas, que la Oficina Comunal de Emergencia est\u00e1 preparando un bolet\u00edn informativo que ser\u00e1 entregado a las juntas de vecinos, para que sea distribuido en la comunidad. Ese bolet\u00edn contiene informaci\u00f3n de c\u00f3mo actuar y prevenir ante emergencias como asimismo un listado con n\u00famero telef\u00f3nicos de los servicios de emergencia en la comuna.<\/p>\n","protected":false},"excerpt":{"rendered":"<p>PANQUEHUE.- Una reuni\u00f3n de coordinaci\u00f3n, destinada a informar, revisar y preparar el Plan de Emergencia Comunal, sostuvo el Alcalde de Panquehue, Luis Pradenas con su equipo municipal, actividad que a su vez&#8230;<\/p>\n","protected":false},"author":482,"featured_media":47324,"comment_status":"open","ping_status":"closed","sticky":false,"template":"","format":"standard","meta":{"advanced_seo_description":"","jetpack_seo_html_title":"","jetpack_seo_noindex":false,"_jetpack_memberships_contains_paid_content":false,"footnotes":""},"categories":[1],"tags":[],"class_list":["post-47323","post","type-post","status-publish","format-standard","has-post-thumbnail","hentry","category-cronica"],"jetpack_featured_media_url":"https:\/\/i0.wp.com\/eltrabajo.cl\/portal\/wp-content\/uploads\/2014\/06\/Emergencias1.jpg?fit=529%2C401&ssl=1","jetpack_sharing_enabled":true,"jetpack_likes_enabled":true,"jetpack-related-posts":[],"_links":{"self":[{"href":"https:\/\/eltrabajo.cl\/portal\/wp-json\/wp\/v2\/posts\/47323","targetHints":{"allow":["GET"]}}],"collection":[{"href":"https:\/\/eltrabajo.cl\/portal\/wp-json\/wp\/v2\/posts"}],"about":[{"href":"https:\/\/eltrabajo.cl\/portal\/wp-json\/wp\/v2\/types\/post"}],"author":[{"embeddable":true,"href":"https:\/\/eltrabajo.cl\/portal\/wp-json\/wp\/v2\/users\/482"}],"replies":[{"embeddable":true,"href":"https:\/\/eltrabajo.cl\/portal\/wp-json\/wp\/v2\/comments?post=47323"}],"version-history":[{"count":0,"href":"https:\/\/eltrabajo.cl\/portal\/wp-json\/wp\/v2\/posts\/47323\/revisions"}],"wp:featuredmedia":[{"embeddable":true,"href":"https:\/\/eltrabajo.cl\/portal\/wp-json\/wp\/v2\/media\/47324"}],"wp:attachment":[{"href":"https:\/\/eltrabajo.cl\/portal\/wp-json\/wp\/v2\/media?parent=47323"}],"wp:term":[{"taxonomy":"category","embeddable":true,"href":"https:\/\/eltrabajo.cl\/portal\/wp-json\/wp\/v2\/categories?post=47323"},{"taxonomy":"post_tag","embeddable":true,"href":"https:\/\/eltrabajo.cl\/portal\/wp-json\/wp\/v2\/tags?post=47323"}],"curies":[{"name":"wp","href":"https:\/\/api.w.org\/{rel}","templated":true}]}}