{"id":47326,"date":"2014-06-06T09:23:56","date_gmt":"2014-06-06T13:23:56","guid":{"rendered":"http:\/\/www.eltrabajo.cl\/portal\/?p=47326"},"modified":"2014-06-06T09:23:56","modified_gmt":"2014-06-06T13:23:56","slug":"comienzan-trabajos-de-asfalto-en-tramo-de-alameda-alessandri","status":"publish","type":"post","link":"https:\/\/eltrabajo.cl\/portal\/comienzan-trabajos-de-asfalto-en-tramo-de-alameda-alessandri\/","title":{"rendered":"Comienzan trabajos de asfalto en tramo de Alameda Alessandri"},"content":{"rendered":"<figure id=\"attachment_47327\" aria-describedby=\"caption-attachment-47327\" style=\"width: 529px\" class=\"wp-caption alignnone\"><a href=\"https:\/\/i0.wp.com\/www.eltrabajo.cl\/portal\/wp-content\/uploads\/2014\/06\/Alameda1.jpg\"><img data-recalc-dims=\"1\" loading=\"lazy\" decoding=\"async\" class=\"size-full wp-image-47327\" alt=\"A TODA M\u00c1QUINA.- Los trabajos se desarrollan en una pista de Alameda Alessandri que precisamente est\u00e1 ubicada frente a Villa La Florida, aproximadamente 140 metros lineales y se extender\u00e1n hasta la subida del Cerro El Llano.\" src=\"https:\/\/i0.wp.com\/www.eltrabajo.cl\/portal\/wp-content\/uploads\/2014\/06\/Alameda1.jpg?resize=529%2C358\" width=\"529\" height=\"358\" srcset=\"https:\/\/i0.wp.com\/eltrabajo.cl\/portal\/wp-content\/uploads\/2014\/06\/Alameda1.jpg?w=529&amp;ssl=1 529w, https:\/\/i0.wp.com\/eltrabajo.cl\/portal\/wp-content\/uploads\/2014\/06\/Alameda1.jpg?resize=200%2C135&amp;ssl=1 200w, https:\/\/i0.wp.com\/eltrabajo.cl\/portal\/wp-content\/uploads\/2014\/06\/Alameda1.jpg?resize=300%2C203&amp;ssl=1 300w, https:\/\/i0.wp.com\/eltrabajo.cl\/portal\/wp-content\/uploads\/2014\/06\/Alameda1.jpg?resize=150%2C101&amp;ssl=1 150w, https:\/\/i0.wp.com\/eltrabajo.cl\/portal\/wp-content\/uploads\/2014\/06\/Alameda1.jpg?resize=400%2C270&amp;ssl=1 400w\" sizes=\"auto, (max-width: 529px) 100vw, 529px\" \/><\/a><figcaption id=\"caption-attachment-47327\" class=\"wp-caption-text\">A TODA M\u00c1QUINA.- Los trabajos se desarrollan en una pista de Alameda Alessandri que precisamente est\u00e1 ubicada frente a Villa La Florida, aproximadamente 140 metros lineales y se extender\u00e1n hasta la subida del Cerro El Llano.<\/figcaption><\/figure>\n<p><strong>PUTAENDO<\/strong>.- Desde este lunes comenzaron los trabajos de asfalto en un tramo de Alameda Alessandri frente a Villa La Florida, trabajos que eran ampliamente esperados por los vecinos del sector. Rodrigo Figueroa, funcionario de Constructora Cima, se\u00f1al\u00f3 que los trabajos est\u00e1n proyectados en un plazo de 30 d\u00edas a contar del lunes y se realizar\u00e1 un tratamiento superficial simple, principalmente para evitar el polvo que afecta a los vecinos en verano y tambi\u00e9n el barro que se produce en invierno luego de las lluvias.<\/p>\n<figure id=\"attachment_47328\" aria-describedby=\"caption-attachment-47328\" style=\"width: 370px\" class=\"wp-caption alignright\"><a href=\"https:\/\/i0.wp.com\/www.eltrabajo.cl\/portal\/wp-content\/uploads\/2014\/06\/Alameda2.jpg\"><img data-recalc-dims=\"1\" loading=\"lazy\" decoding=\"async\" class=\" wp-image-47328 \" alt=\"POR FIN.- Desde este lunes comenzaron los trabajos de asfalto en un tramo de Alameda Alessandri frente a Villa La Florida, trabajos que eran ampliamente esperados por los vecinos del sector.\" src=\"https:\/\/i0.wp.com\/www.eltrabajo.cl\/portal\/wp-content\/uploads\/2014\/06\/Alameda2.jpg?resize=370%2C251\" width=\"370\" height=\"251\" srcset=\"https:\/\/i0.wp.com\/eltrabajo.cl\/portal\/wp-content\/uploads\/2014\/06\/Alameda2.jpg?w=529&amp;ssl=1 529w, https:\/\/i0.wp.com\/eltrabajo.cl\/portal\/wp-content\/uploads\/2014\/06\/Alameda2.jpg?resize=200%2C135&amp;ssl=1 200w, https:\/\/i0.wp.com\/eltrabajo.cl\/portal\/wp-content\/uploads\/2014\/06\/Alameda2.jpg?resize=300%2C203&amp;ssl=1 300w, https:\/\/i0.wp.com\/eltrabajo.cl\/portal\/wp-content\/uploads\/2014\/06\/Alameda2.jpg?resize=150%2C101&amp;ssl=1 150w, https:\/\/i0.wp.com\/eltrabajo.cl\/portal\/wp-content\/uploads\/2014\/06\/Alameda2.jpg?resize=400%2C270&amp;ssl=1 400w\" sizes=\"auto, (max-width: 370px) 100vw, 370px\" \/><\/a><figcaption id=\"caption-attachment-47328\" class=\"wp-caption-text\">POR FIN.- Desde este lunes comenzaron los trabajos de asfalto en un tramo de Alameda Alessandri frente a Villa La Florida, trabajos que eran ampliamente esperados por los vecinos del sector.<\/figcaption><\/figure>\n<p>Figueroa indic\u00f3 adem\u00e1s que la Municipalidad de Putaendo les ha comentado que est\u00e1n trabajando en un proyecto para la pavimentaci\u00f3n completa de la Avenida Alessandri para mejorar la calidad del sector.<\/p>\n<p>Los trabajos se desarrollan en una pista de Alameda Alessandri que precisamente est\u00e1 ubicada frente a Villa La Florida, aproximadamente 140 metros lineales y se extender\u00e1n hasta la subida del Cerro El Llano. Rodrigo Figueroa dijo que por el momento solo se asfaltar\u00e1 ese tramo pero que tambi\u00e9n estos trabajos se extender\u00e1n a otros sectores, como el peque\u00f1o tramo ubicado frente a la Tenencia de Carabineros de Putaendo.<\/p>\n<p>Patricio Gallardo M.<\/p>\n<p>&nbsp;<\/p>\n","protected":false},"excerpt":{"rendered":"<p>PUTAENDO.- Desde este lunes comenzaron los trabajos de asfalto en un tramo de Alameda Alessandri frente a Villa La Florida, trabajos que eran ampliamente esperados por los vecinos del sector. Rodrigo Figueroa,&#8230;<\/p>\n","protected":false},"author":482,"featured_media":47327,"comment_status":"open","ping_status":"closed","sticky":false,"template":"","format":"standard","meta":{"advanced_seo_description":"","jetpack_seo_html_title":"","jetpack_seo_noindex":false,"_jetpack_memberships_contains_paid_content":false,"footnotes":""},"categories":[15],"tags":[],"class_list":["post-47326","post","type-post","status-publish","format-standard","has-post-thumbnail","hentry","category-comunidad"],"jetpack_featured_media_url":"https:\/\/i0.wp.com\/eltrabajo.cl\/portal\/wp-content\/uploads\/2014\/06\/Alameda1.jpg?fit=529%2C358&ssl=1","jetpack_sharing_enabled":true,"jetpack_likes_enabled":true,"jetpack-related-posts":[],"_links":{"self":[{"href":"https:\/\/eltrabajo.cl\/portal\/wp-json\/wp\/v2\/posts\/47326","targetHints":{"allow":["GET"]}}],"collection":[{"href":"https:\/\/eltrabajo.cl\/portal\/wp-json\/wp\/v2\/posts"}],"about":[{"href":"https:\/\/eltrabajo.cl\/portal\/wp-json\/wp\/v2\/types\/post"}],"author":[{"embeddable":true,"href":"https:\/\/eltrabajo.cl\/portal\/wp-json\/wp\/v2\/users\/482"}],"replies":[{"embeddable":true,"href":"https:\/\/eltrabajo.cl\/portal\/wp-json\/wp\/v2\/comments?post=47326"}],"version-history":[{"count":0,"href":"https:\/\/eltrabajo.cl\/portal\/wp-json\/wp\/v2\/posts\/47326\/revisions"}],"wp:featuredmedia":[{"embeddable":true,"href":"https:\/\/eltrabajo.cl\/portal\/wp-json\/wp\/v2\/media\/47327"}],"wp:attachment":[{"href":"https:\/\/eltrabajo.cl\/portal\/wp-json\/wp\/v2\/media?parent=47326"}],"wp:term":[{"taxonomy":"category","embeddable":true,"href":"https:\/\/eltrabajo.cl\/portal\/wp-json\/wp\/v2\/categories?post=47326"},{"taxonomy":"post_tag","embeddable":true,"href":"https:\/\/eltrabajo.cl\/portal\/wp-json\/wp\/v2\/tags?post=47326"}],"curies":[{"name":"wp","href":"https:\/\/api.w.org\/{rel}","templated":true}]}}