{"id":47332,"date":"2014-06-06T09:25:22","date_gmt":"2014-06-06T13:25:22","guid":{"rendered":"http:\/\/www.eltrabajo.cl\/portal\/?p=47332"},"modified":"2014-06-06T09:25:22","modified_gmt":"2014-06-06T13:25:22","slug":"abogan-para-que-empleados-puedan-ver-partidos-de-la-seleccion-en-el-mundial","status":"publish","type":"post","link":"https:\/\/eltrabajo.cl\/portal\/abogan-para-que-empleados-puedan-ver-partidos-de-la-seleccion-en-el-mundial\/","title":{"rendered":"Abogan para que empleados puedan ver partidos de la Selecci\u00f3n en el Mundial"},"content":{"rendered":"<figure id=\"attachment_47333\" aria-describedby=\"caption-attachment-47333\" style=\"width: 370px\" class=\"wp-caption alignleft\"><a href=\"https:\/\/i0.wp.com\/www.eltrabajo.cl\/portal\/wp-content\/uploads\/2014\/06\/Mundial1.jpg\"><img data-recalc-dims=\"1\" loading=\"lazy\" decoding=\"async\" class=\" wp-image-47333 \" alt=\"LA ROJA DE TODOS.- La Seremi del Trabajo y Previsi\u00f3n Social de Valpara\u00edso, Karen Medina, invit\u00f3 a los empresarios a permitir que sus trabajadores puedan ver los partidos de la Selecci\u00f3n chilena de f\u00fatbol durante el Mundial de Brasil.\" src=\"https:\/\/i0.wp.com\/www.eltrabajo.cl\/portal\/wp-content\/uploads\/2014\/06\/Mundial1.jpg?resize=370%2C213\" width=\"370\" height=\"213\" srcset=\"https:\/\/i0.wp.com\/eltrabajo.cl\/portal\/wp-content\/uploads\/2014\/06\/Mundial1.jpg?w=528&amp;ssl=1 528w, https:\/\/i0.wp.com\/eltrabajo.cl\/portal\/wp-content\/uploads\/2014\/06\/Mundial1.jpg?resize=200%2C115&amp;ssl=1 200w, https:\/\/i0.wp.com\/eltrabajo.cl\/portal\/wp-content\/uploads\/2014\/06\/Mundial1.jpg?resize=300%2C172&amp;ssl=1 300w, https:\/\/i0.wp.com\/eltrabajo.cl\/portal\/wp-content\/uploads\/2014\/06\/Mundial1.jpg?resize=150%2C86&amp;ssl=1 150w, https:\/\/i0.wp.com\/eltrabajo.cl\/portal\/wp-content\/uploads\/2014\/06\/Mundial1.jpg?resize=400%2C230&amp;ssl=1 400w\" sizes=\"auto, (max-width: 370px) 100vw, 370px\" \/><\/a><figcaption id=\"caption-attachment-47333\" class=\"wp-caption-text\">LA ROJA DE TODOS.- La Seremi del Trabajo y Previsi\u00f3n Social de Valpara\u00edso, Karen Medina, invit\u00f3 a los empresarios a permitir que sus trabajadores puedan ver los partidos de la Selecci\u00f3n chilena de f\u00fatbol durante el Mundial de Brasil.<\/figcaption><\/figure>\n<p>La Secretaria Regional Ministerial del Trabajo y Previsi\u00f3n Social de Valpara\u00edso, Karen Medina, hizo un llamado a los empresarios de la V Regi\u00f3n para que entreguen a sus trabajadores las facilidades para ver los partidos de la Selecci\u00f3n chilena de f\u00fatbol durante el Mundial de Brasil, el cual est\u00e1 a dos semanas de comenzar.<\/p>\n<p>La Seremi se\u00f1al\u00f3 que \u00abqueremos reiterar el llamado que hizo la Ministra Javiera Blanco, dirigido especialmente a los empleadores, para que permitan a los trabajadores ver los partidos de la selecci\u00f3n chilena de f\u00fatbol en el Mundial, acordando con ellos las facilidades que sean necesarias para disfrutar de este evento deportivo en el cual todos nos vamos a encontrar apoyando a nuestra selecci\u00f3n. Ya que no existe una normativa establecida para estos temas en materia laboral, es muy importante que se produzcan instancias de di\u00e1logo y consenso para brindar este espacio de encuentro entre trabajadores y empleadores, en funci\u00f3n de hacer desde ac\u00e1 barra a nuestro equipo, al cual todos esperamos que le vaya bien\u00bb.<\/p>\n<p>La autoridad regional explic\u00f3 que la importancia de una pol\u00edtica de di\u00e1logo y buenas pr\u00e1cticas siempre es necesaria al interior de una empresa, y sobre todo en casos como \u00e9ste, ya que \u00abhay que tener en cuenta que los tres partidos de Chile en la primera ronda se desarrollar\u00e1n dentro del horario laboral habitual, por lo tanto es muy importante que empresarios y trabajadores lleguen a un acuerdo, ya que no podemos ignorar que vivimos en un pa\u00eds con cultura futbol\u00edstica, la que se acent\u00faa especialmente a prop\u00f3sito de un Mundial, y que trabajadoras y trabajadores m\u00e1s contentos son trabajadores m\u00e1s productivos\u00bb.<\/p>\n<p>El llamado de la Seremi del Trabajo se suma a las recomendaciones que sus pares de Gobierno, Salud y Transporte entregaron el d\u00eda de ayer a un grupo de hinchas porte\u00f1os que viajar\u00e1n por tierra a animar a \u2018la roja de todos\u2019.<\/p>\n","protected":false},"excerpt":{"rendered":"<p>La Secretaria Regional Ministerial del Trabajo y Previsi\u00f3n Social de Valpara\u00edso, Karen Medina, hizo un llamado a los empresarios de la V Regi\u00f3n para que entreguen a sus trabajadores las facilidades para&#8230;<\/p>\n","protected":false},"author":482,"featured_media":47333,"comment_status":"open","ping_status":"closed","sticky":false,"template":"","format":"standard","meta":{"advanced_seo_description":"","jetpack_seo_html_title":"","jetpack_seo_noindex":false,"_jetpack_memberships_contains_paid_content":false,"footnotes":""},"categories":[1],"tags":[],"class_list":["post-47332","post","type-post","status-publish","format-standard","has-post-thumbnail","hentry","category-cronica"],"jetpack_featured_media_url":"https:\/\/i0.wp.com\/eltrabajo.cl\/portal\/wp-content\/uploads\/2014\/06\/Mundial1.jpg?fit=528%2C304&ssl=1","jetpack_sharing_enabled":true,"jetpack_likes_enabled":true,"jetpack-related-posts":[],"_links":{"self":[{"href":"https:\/\/eltrabajo.cl\/portal\/wp-json\/wp\/v2\/posts\/47332","targetHints":{"allow":["GET"]}}],"collection":[{"href":"https:\/\/eltrabajo.cl\/portal\/wp-json\/wp\/v2\/posts"}],"about":[{"href":"https:\/\/eltrabajo.cl\/portal\/wp-json\/wp\/v2\/types\/post"}],"author":[{"embeddable":true,"href":"https:\/\/eltrabajo.cl\/portal\/wp-json\/wp\/v2\/users\/482"}],"replies":[{"embeddable":true,"href":"https:\/\/eltrabajo.cl\/portal\/wp-json\/wp\/v2\/comments?post=47332"}],"version-history":[{"count":0,"href":"https:\/\/eltrabajo.cl\/portal\/wp-json\/wp\/v2\/posts\/47332\/revisions"}],"wp:featuredmedia":[{"embeddable":true,"href":"https:\/\/eltrabajo.cl\/portal\/wp-json\/wp\/v2\/media\/47333"}],"wp:attachment":[{"href":"https:\/\/eltrabajo.cl\/portal\/wp-json\/wp\/v2\/media?parent=47332"}],"wp:term":[{"taxonomy":"category","embeddable":true,"href":"https:\/\/eltrabajo.cl\/portal\/wp-json\/wp\/v2\/categories?post=47332"},{"taxonomy":"post_tag","embeddable":true,"href":"https:\/\/eltrabajo.cl\/portal\/wp-json\/wp\/v2\/tags?post=47332"}],"curies":[{"name":"wp","href":"https:\/\/api.w.org\/{rel}","templated":true}]}}