{"id":47335,"date":"2014-06-06T09:33:20","date_gmt":"2014-06-06T13:33:20","guid":{"rendered":"http:\/\/www.eltrabajo.cl\/portal\/?p=47335"},"modified":"2014-06-06T09:33:20","modified_gmt":"2014-06-06T13:33:20","slug":"damero-central-es-prioridad-para-expertos-que-manejan-plan-regulador","status":"publish","type":"post","link":"https:\/\/eltrabajo.cl\/portal\/damero-central-es-prioridad-para-expertos-que-manejan-plan-regulador\/","title":{"rendered":"Damero central es prioridad para expertos que manejan Plan Regulador"},"content":{"rendered":"<figure id=\"attachment_47336\" aria-describedby=\"caption-attachment-47336\" style=\"width: 529px\" class=\"wp-caption alignnone\"><a href=\"https:\/\/i0.wp.com\/www.eltrabajo.cl\/portal\/wp-content\/uploads\/2014\/06\/Plan1.jpg\"><img data-recalc-dims=\"1\" loading=\"lazy\" decoding=\"async\" class=\"size-full wp-image-47336\" alt=\"El documento que est\u00e1 trabajando la mesa territorial tiene tres ejes importantes, mismos que dicen relaci\u00f3n con plantear una nueva din\u00e1mica en el sector c\u00e9ntrico, atrayendo mayor cantidad de vecinos que vivan en el damero central.\" src=\"https:\/\/i0.wp.com\/www.eltrabajo.cl\/portal\/wp-content\/uploads\/2014\/06\/Plan1.jpg?resize=529%2C367\" width=\"529\" height=\"367\" srcset=\"https:\/\/i0.wp.com\/eltrabajo.cl\/portal\/wp-content\/uploads\/2014\/06\/Plan1.jpg?w=529&amp;ssl=1 529w, https:\/\/i0.wp.com\/eltrabajo.cl\/portal\/wp-content\/uploads\/2014\/06\/Plan1.jpg?resize=200%2C138&amp;ssl=1 200w, https:\/\/i0.wp.com\/eltrabajo.cl\/portal\/wp-content\/uploads\/2014\/06\/Plan1.jpg?resize=300%2C208&amp;ssl=1 300w, https:\/\/i0.wp.com\/eltrabajo.cl\/portal\/wp-content\/uploads\/2014\/06\/Plan1.jpg?resize=150%2C104&amp;ssl=1 150w, https:\/\/i0.wp.com\/eltrabajo.cl\/portal\/wp-content\/uploads\/2014\/06\/Plan1.jpg?resize=400%2C277&amp;ssl=1 400w\" sizes=\"auto, (max-width: 529px) 100vw, 529px\" \/><\/a><figcaption id=\"caption-attachment-47336\" class=\"wp-caption-text\">El documento que est\u00e1 trabajando la mesa territorial tiene tres ejes importantes, mismos que dicen relaci\u00f3n con plantear una nueva din\u00e1mica en el sector c\u00e9ntrico, atrayendo mayor cantidad de vecinos que vivan en el damero central.<\/figcaption><\/figure>\n<p>Una serie de reuniones de trabajo ha estado realizando la mesa territorial, en el marco del Plan Regulador, lo que ha permitido ir avanzando en este documento maestro que tiene como objetivo ordenar el territorio de manera consensuada para lograr el desarrollo de la comuna. El martes de esta semana la mesa territorial desarroll\u00f3 una reuni\u00f3n de trabajo con el Concejo Municipal y el C\u00edrculo de Profesionales de la Construcci\u00f3n, quienes en su calidad de expertos realizaron algunas sugerencias a incorporar en el Plan Regulador.<\/p>\n<p>\u201cEsto fue muy fruct\u00edfero porque pudimos desarrollar no solamente el \u00e1mbito del damero, que es un tema central para esta propuesta, sino tambi\u00e9n el desarrollo de otras \u00e1reas de la comuna, particularmente se trabaj\u00f3 en funci\u00f3n de la generaci\u00f3n de subcentros, es decir de espacios dentro de la comuna, que tengan una igualdad o equidad en el acceso a servicios, \u00e1reas verdes y a equipamiento\u201d, explic\u00f3 Claudio Paredes, Secretario de Planificaci\u00f3n Comunal.<\/p>\n<p>En la \u00faltima sesi\u00f3n de trabajo se plantearon algunas observaciones, lo que a juicio del Secpla permitir\u00e1 ir enriqueciendo el documento de planificaci\u00f3n.<\/p>\n<p>El documento que est\u00e1 trabajando la mesa territorial tiene tres ejes importantes, seg\u00fan explic\u00f3 Paredes, que dicen relaci\u00f3n con plantear una nueva din\u00e1mica en el sector c\u00e9ntrico, atrayendo mayor cantidad de vecinos que vivan en el damero central.<\/p>\n<p>\u201cAll\u00ed estamos planteando aumentar alturas, generaci\u00f3n de alturas de cuatro, seis y ocho pisos, manteniendo siempre la morfolog\u00eda de San Felipe que es de fachada continua. No se est\u00e1 planteando no respetar la visi\u00f3n del ciudadano, en cuanto a violentarla desde el punto de vista de generar un edificio que parezca un front\u00f3n, lo que se est\u00e1 planteando es hacia atr\u00e1s, crecer hacia los corazones de manzana, de manera de no solamente contar con servicios de mejor calidad, sino tambi\u00e9n de viviendas que puedan atraer al centro a grupos de profesionales, personas de mediana edad y adulto mayor\u201d, sostuvo Paredes.<\/p>\n<p>Actualmente en el sector c\u00e9ntrico, es decir en el damero fundacional, no viven m\u00e1s de 1.500 personas, es decir no hay m\u00e1s de 700 hogares, lo que da cuenta del traslado de los vecinos hacia otros sectores de la comuna.<\/p>\n<p>\u201cEsto genera una ciudad insegura, despu\u00e9s de las diez de la noche transitar por el centro se hace inseguro, por eso queremos que viva gente en el centro y queremos respetar la ruralidad, es decir no comerle m\u00e1s terreno al mundo rural y agrario para expansi\u00f3n urbana y por eso estamos planteando este plan muy ambicioso e interesante\u201d, manifest\u00f3 el profesional.<\/p>\n<p>Una vez terminado este periodo, el proceso contempla la participaci\u00f3n ciudadana donde todos los vecinos de la comuna, a trav\u00e9s de distintos espacios de discusi\u00f3n, van a poder generar tambi\u00e9n sus observaciones. Esta etapa deber\u00eda comenzar una vez que el Concejo se pronuncie sobre la propuesta t\u00e9cnica presentada por la mesa territorial, momento en que se contar\u00e1 con fechas m\u00e1s claras en el avance del proceso.<\/p>\n","protected":false},"excerpt":{"rendered":"<p>Una serie de reuniones de trabajo ha estado realizando la mesa territorial, en el marco del Plan Regulador, lo que ha permitido ir avanzando en este documento maestro que tiene como objetivo&#8230;<\/p>\n","protected":false},"author":482,"featured_media":47336,"comment_status":"open","ping_status":"closed","sticky":false,"template":"","format":"standard","meta":{"advanced_seo_description":"","jetpack_seo_html_title":"","jetpack_seo_noindex":false,"_jetpack_memberships_contains_paid_content":false,"footnotes":""},"categories":[15],"tags":[],"class_list":["post-47335","post","type-post","status-publish","format-standard","has-post-thumbnail","hentry","category-comunidad"],"jetpack_featured_media_url":"https:\/\/i0.wp.com\/eltrabajo.cl\/portal\/wp-content\/uploads\/2014\/06\/Plan1.jpg?fit=529%2C367&ssl=1","jetpack_sharing_enabled":true,"jetpack_likes_enabled":true,"jetpack-related-posts":[],"_links":{"self":[{"href":"https:\/\/eltrabajo.cl\/portal\/wp-json\/wp\/v2\/posts\/47335","targetHints":{"allow":["GET"]}}],"collection":[{"href":"https:\/\/eltrabajo.cl\/portal\/wp-json\/wp\/v2\/posts"}],"about":[{"href":"https:\/\/eltrabajo.cl\/portal\/wp-json\/wp\/v2\/types\/post"}],"author":[{"embeddable":true,"href":"https:\/\/eltrabajo.cl\/portal\/wp-json\/wp\/v2\/users\/482"}],"replies":[{"embeddable":true,"href":"https:\/\/eltrabajo.cl\/portal\/wp-json\/wp\/v2\/comments?post=47335"}],"version-history":[{"count":0,"href":"https:\/\/eltrabajo.cl\/portal\/wp-json\/wp\/v2\/posts\/47335\/revisions"}],"wp:featuredmedia":[{"embeddable":true,"href":"https:\/\/eltrabajo.cl\/portal\/wp-json\/wp\/v2\/media\/47336"}],"wp:attachment":[{"href":"https:\/\/eltrabajo.cl\/portal\/wp-json\/wp\/v2\/media?parent=47335"}],"wp:term":[{"taxonomy":"category","embeddable":true,"href":"https:\/\/eltrabajo.cl\/portal\/wp-json\/wp\/v2\/categories?post=47335"},{"taxonomy":"post_tag","embeddable":true,"href":"https:\/\/eltrabajo.cl\/portal\/wp-json\/wp\/v2\/tags?post=47335"}],"curies":[{"name":"wp","href":"https:\/\/api.w.org\/{rel}","templated":true}]}}