{"id":47340,"date":"2014-06-06T09:37:45","date_gmt":"2014-06-06T13:37:45","guid":{"rendered":"http:\/\/www.eltrabajo.cl\/portal\/?p=47340"},"modified":"2014-06-06T09:37:45","modified_gmt":"2014-06-06T13:37:45","slug":"comenzo-demolicion-de-casa-de-calle-abraham-ahumada","status":"publish","type":"post","link":"https:\/\/eltrabajo.cl\/portal\/comenzo-demolicion-de-casa-de-calle-abraham-ahumada\/","title":{"rendered":"Comenz\u00f3 demolici\u00f3n de casa de Calle Abraham Ahumada"},"content":{"rendered":"<figure id=\"attachment_47341\" aria-describedby=\"caption-attachment-47341\" style=\"width: 528px\" class=\"wp-caption alignnone\"><a href=\"https:\/\/i0.wp.com\/www.eltrabajo.cl\/portal\/wp-content\/uploads\/2014\/06\/Demoler1.jpg\"><img data-recalc-dims=\"1\" loading=\"lazy\" decoding=\"async\" class=\"size-full wp-image-47341\" alt=\"Este jueves comenz\u00f3 el proceso de demolici\u00f3n de la casa que se ubica en Calle Abraham Ahumada.\" src=\"https:\/\/i0.wp.com\/www.eltrabajo.cl\/portal\/wp-content\/uploads\/2014\/06\/Demoler1.jpg?resize=528%2C360\" width=\"528\" height=\"360\" srcset=\"https:\/\/i0.wp.com\/eltrabajo.cl\/portal\/wp-content\/uploads\/2014\/06\/Demoler1.jpg?w=528&amp;ssl=1 528w, https:\/\/i0.wp.com\/eltrabajo.cl\/portal\/wp-content\/uploads\/2014\/06\/Demoler1.jpg?resize=200%2C136&amp;ssl=1 200w, https:\/\/i0.wp.com\/eltrabajo.cl\/portal\/wp-content\/uploads\/2014\/06\/Demoler1.jpg?resize=300%2C204&amp;ssl=1 300w, https:\/\/i0.wp.com\/eltrabajo.cl\/portal\/wp-content\/uploads\/2014\/06\/Demoler1.jpg?resize=150%2C102&amp;ssl=1 150w, https:\/\/i0.wp.com\/eltrabajo.cl\/portal\/wp-content\/uploads\/2014\/06\/Demoler1.jpg?resize=400%2C272&amp;ssl=1 400w\" sizes=\"auto, (max-width: 528px) 100vw, 528px\" \/><\/a><figcaption id=\"caption-attachment-47341\" class=\"wp-caption-text\">Este jueves comenz\u00f3 el proceso de demolici\u00f3n de la casa que se ubica en Calle Abraham Ahumada.<\/figcaption><\/figure>\n<p>Este jueves comenz\u00f3 el proceso de demolici\u00f3n de la casa que se ubica en Calle Abraham Ahumada, un proyecto que el Alcalde Patricio Freire viene trabajando desde el a\u00f1o pasado, luego de escuchar los requerimientos de los vecinos de este sector y que despu\u00e9s de a\u00f1os permitir\u00e1 dar conectividad a un importante sector de la comuna de San Felipe.<\/p>\n<p>El a\u00f1o pasado el jefe comunal gestion\u00f3 la compra de la propiedad que este jueves comenz\u00f3 a demolerse, ya que la idea es concretar la apertura de la Avenida Chile y dar conectividad a esta arteria hacia el poniente de la comuna, lo que permitir\u00e1 dar conectividad peatonal a un vasto sector de San Felipe hacia Villa El Canelo y al Cesfam Segismundo Iturra, una de las peticiones de la comunidad.<\/p>\n<p>\u00abAqu\u00ed hay poblaciones y villas que son usuarios del Cesfam Segismundo Iturra y tienen que hacer un tr\u00e1nsito bastante largo para llegar a ese lugar, con esto vamos a poder hacer la apertura de la calle y mientras tanto se est\u00e1 trabajando el proyecto para obtener aprobaci\u00f3n en el Serviu regional y en el Gobierno Regional para obtener los recursos y poder obtener la pavimentaci\u00f3n de este tramo que se va a habilitar como peatonal en una primera etapa y posteriormente cuando el proyecto est\u00e9 financiado poder ejecutar la pavimentaci\u00f3n y dar conectividad peatonal\u00bb, inform\u00f3 Jorge Jara, Alcalde (S).<\/p>\n<p>Los trabajos de demolici\u00f3n y limpieza se espera que demoren alrededor de una semana, para luego habilitar para el paso peatonal. Adem\u00e1s y cumpliendo con la normativa en el \u00e1rea sanitaria, en el lugar se realiz\u00f3 un proceso de sanitizaci\u00f3n y desratizaci\u00f3n, el que obtuvo su certificaci\u00f3n.<\/p>\n<p>&nbsp;<\/p>\n","protected":false},"excerpt":{"rendered":"<p>Este jueves comenz\u00f3 el proceso de demolici\u00f3n de la casa que se ubica en Calle Abraham Ahumada, un proyecto que el Alcalde Patricio Freire viene trabajando desde el a\u00f1o pasado, luego de&#8230;<\/p>\n","protected":false},"author":482,"featured_media":47341,"comment_status":"open","ping_status":"closed","sticky":false,"template":"","format":"standard","meta":{"advanced_seo_description":"","jetpack_seo_html_title":"","jetpack_seo_noindex":false,"_jetpack_memberships_contains_paid_content":false,"footnotes":""},"categories":[15],"tags":[],"class_list":["post-47340","post","type-post","status-publish","format-standard","has-post-thumbnail","hentry","category-comunidad"],"jetpack_featured_media_url":"https:\/\/i0.wp.com\/eltrabajo.cl\/portal\/wp-content\/uploads\/2014\/06\/Demoler1.jpg?fit=528%2C360&ssl=1","jetpack_sharing_enabled":true,"jetpack_likes_enabled":true,"jetpack-related-posts":[],"_links":{"self":[{"href":"https:\/\/eltrabajo.cl\/portal\/wp-json\/wp\/v2\/posts\/47340","targetHints":{"allow":["GET"]}}],"collection":[{"href":"https:\/\/eltrabajo.cl\/portal\/wp-json\/wp\/v2\/posts"}],"about":[{"href":"https:\/\/eltrabajo.cl\/portal\/wp-json\/wp\/v2\/types\/post"}],"author":[{"embeddable":true,"href":"https:\/\/eltrabajo.cl\/portal\/wp-json\/wp\/v2\/users\/482"}],"replies":[{"embeddable":true,"href":"https:\/\/eltrabajo.cl\/portal\/wp-json\/wp\/v2\/comments?post=47340"}],"version-history":[{"count":0,"href":"https:\/\/eltrabajo.cl\/portal\/wp-json\/wp\/v2\/posts\/47340\/revisions"}],"wp:featuredmedia":[{"embeddable":true,"href":"https:\/\/eltrabajo.cl\/portal\/wp-json\/wp\/v2\/media\/47341"}],"wp:attachment":[{"href":"https:\/\/eltrabajo.cl\/portal\/wp-json\/wp\/v2\/media?parent=47340"}],"wp:term":[{"taxonomy":"category","embeddable":true,"href":"https:\/\/eltrabajo.cl\/portal\/wp-json\/wp\/v2\/categories?post=47340"},{"taxonomy":"post_tag","embeddable":true,"href":"https:\/\/eltrabajo.cl\/portal\/wp-json\/wp\/v2\/tags?post=47340"}],"curies":[{"name":"wp","href":"https:\/\/api.w.org\/{rel}","templated":true}]}}