{"id":47365,"date":"2014-06-09T11:42:11","date_gmt":"2014-06-09T15:42:11","guid":{"rendered":"http:\/\/www.eltrabajo.cl\/portal\/?p=47365"},"modified":"2014-06-09T11:42:11","modified_gmt":"2014-06-09T15:42:11","slug":"cientos-de-estudiantes-ya-valoran-hacer-carrera-en-carabineros","status":"publish","type":"post","link":"https:\/\/eltrabajo.cl\/portal\/cientos-de-estudiantes-ya-valoran-hacer-carrera-en-carabineros\/","title":{"rendered":"Cientos de estudiantes ya valoran hacer carrera en Carabineros"},"content":{"rendered":"<figure id=\"attachment_47366\" aria-describedby=\"caption-attachment-47366\" style=\"width: 529px\" class=\"wp-caption alignnone\"><a href=\"https:\/\/i0.wp.com\/www.eltrabajo.cl\/portal\/wp-content\/uploads\/2014\/06\/Carabineros1.jpg\"><img data-recalc-dims=\"1\" loading=\"lazy\" decoding=\"async\" class=\"size-full wp-image-47366\" alt=\"MIRANDO SU FUTURO.- La muestra se realiz\u00f3 en Aconcagua con motivo de la celebraci\u00f3n de la Semana del Postulante a Oficial de Carabineros.\" src=\"https:\/\/i0.wp.com\/www.eltrabajo.cl\/portal\/wp-content\/uploads\/2014\/06\/Carabineros1.jpg?resize=529%2C305\" width=\"529\" height=\"305\" srcset=\"https:\/\/i0.wp.com\/eltrabajo.cl\/portal\/wp-content\/uploads\/2014\/06\/Carabineros1.jpg?w=529&amp;ssl=1 529w, https:\/\/i0.wp.com\/eltrabajo.cl\/portal\/wp-content\/uploads\/2014\/06\/Carabineros1.jpg?resize=200%2C115&amp;ssl=1 200w, https:\/\/i0.wp.com\/eltrabajo.cl\/portal\/wp-content\/uploads\/2014\/06\/Carabineros1.jpg?resize=300%2C172&amp;ssl=1 300w, https:\/\/i0.wp.com\/eltrabajo.cl\/portal\/wp-content\/uploads\/2014\/06\/Carabineros1.jpg?resize=150%2C86&amp;ssl=1 150w, https:\/\/i0.wp.com\/eltrabajo.cl\/portal\/wp-content\/uploads\/2014\/06\/Carabineros1.jpg?resize=400%2C230&amp;ssl=1 400w\" sizes=\"auto, (max-width: 529px) 100vw, 529px\" \/><\/a><figcaption id=\"caption-attachment-47366\" class=\"wp-caption-text\">MIRANDO SU FUTURO.- La muestra se realiz\u00f3 en Aconcagua con motivo de la celebraci\u00f3n de la Semana del Postulante a Oficial de Carabineros.<\/figcaption><\/figure>\n<p>La muestra se realiz\u00f3 en Aconcagua con motivo de la celebraci\u00f3n de la Semana del Postulante a Oficial de Carabineros. Cerca de 400 estudiantes de colegios p\u00fablicos, subvencionados y privados del Valle de Aconcagua, visitaron este viernes una exposici\u00f3n que mont\u00f3 la Oficina de Postulaciones de la Prefectura Aconcagua, con motivo de la celebraci\u00f3n de la Semana del Postulante a Oficial de Carabineros.<\/p>\n<p>Desde las diez de la ma\u00f1ana los cuartos a\u00f1os medios pudieron realizar recorridos guiados por diversos stands de especialidades policiales, los que estaban ubicados en el patio de la Repartici\u00f3n de Carabineros Aconcagua.<\/p>\n<p>Cada grupo de alumnos se desplaz\u00f3 guiado por un grupo de aspirantes a oficiales que viajaron desde la Escuela de Carabineros, para participar en este evento que cont\u00f3 con muestras de Fuerzas Especiales, Orden y Seguridad, Adiestramiento Canino, OS7, Siat, Fronteras y Alta Monta\u00f1a.<\/p>\n<p>Seg\u00fan inform\u00f3 el Encargado de Difusi\u00f3n y Reclutamiento de la Prefectura de Carabineros Aconcagua, Sebasti\u00e1n Sep\u00falveda, \u201cesta muestra persigue dos importantes objetivos, el primero, captar inter\u00e9s de los j\u00f3venes que se interesen por postular a la Escuela de Carabineros, y el segundo, generar una instancia de acercamiento para que los estudiantes conozcan de cerca la labor de la instituci\u00f3n\u201d.<\/p>\n<div class=\"tiled-gallery type-rectangular tiled-gallery-unresized\" data-original-width=\"640\" data-carousel-extra='null' itemscope itemtype=\"http:\/\/schema.org\/ImageGallery\" > <div class=\"gallery-row\" style=\"width: 640px; height: 186px;\" data-original-width=\"640\" data-original-height=\"186\" > <div class=\"gallery-group images-1\" style=\"width: 320px; height: 186px;\" data-original-width=\"320\" data-original-height=\"186\" > <div class=\"tiled-gallery-item tiled-gallery-item-large\" itemprop=\"associatedMedia\" itemscope itemtype=\"http:\/\/schema.org\/ImageObject\"> <a href=\"https:\/\/eltrabajo.cl\/portal\/cientos-de-estudiantes-ya-valoran-hacer-carrera-en-carabineros\/carabineros2-2\/\" border=\"0\" itemprop=\"url\"> <meta itemprop=\"width\" content=\"316\"> <meta itemprop=\"height\" content=\"182\"> <img decoding=\"async\" class=\"\" data-attachment-id=\"47368\" data-orig-file=\"https:\/\/eltrabajo.cl\/portal\/wp-content\/uploads\/2014\/06\/Carabineros2.jpg\" data-orig-size=\"529,305\" data-comments-opened=\"1\" data-image-meta=\"{&quot;aperture&quot;:&quot;2.4&quot;,&quot;credit&quot;:&quot;&quot;,&quot;camera&quot;:&quot;XT1058&quot;,&quot;caption&quot;:&quot;&quot;,&quot;created_timestamp&quot;:&quot;1402050403&quot;,&quot;copyright&quot;:&quot;&quot;,&quot;focal_length&quot;:&quot;4.499&quot;,&quot;iso&quot;:&quot;400&quot;,&quot;shutter_speed&quot;:&quot;0.01999&quot;,&quot;title&quot;:&quot;&quot;}\" data-image-title=\"Carabineros2\" data-image-description=\"&lt;p&gt;OPCIONES DE CRECER.- Cerca de 400 estudiantes de colegios p\u00fablicos, subvencionados y privados del Valle de Aconcagua, visitaron este viernes una exposici\u00f3n que mont\u00f3 la Oficina de Postulaciones de la Prefectura Aconcagua.&lt;\/p&gt; \" data-medium-file=\"https:\/\/i0.wp.com\/eltrabajo.cl\/portal\/wp-content\/uploads\/2014\/06\/Carabineros2.jpg?fit=300%2C172&#038;ssl=1\" data-large-file=\"https:\/\/i0.wp.com\/eltrabajo.cl\/portal\/wp-content\/uploads\/2014\/06\/Carabineros2.jpg?fit=529%2C305&#038;ssl=1\" src=\"https:\/\/i0.wp.com\/eltrabajo.cl\/portal\/wp-content\/uploads\/2014\/06\/Carabineros2.jpg?w=316&#038;h=182&#038;ssl=1\" srcset=\"https:\/\/i0.wp.com\/eltrabajo.cl\/portal\/wp-content\/uploads\/2014\/06\/Carabineros2.jpg?w=529&amp;ssl=1 529w, https:\/\/i0.wp.com\/eltrabajo.cl\/portal\/wp-content\/uploads\/2014\/06\/Carabineros2.jpg?resize=200%2C115&amp;ssl=1 200w, https:\/\/i0.wp.com\/eltrabajo.cl\/portal\/wp-content\/uploads\/2014\/06\/Carabineros2.jpg?resize=300%2C172&amp;ssl=1 300w, https:\/\/i0.wp.com\/eltrabajo.cl\/portal\/wp-content\/uploads\/2014\/06\/Carabineros2.jpg?resize=150%2C86&amp;ssl=1 150w, https:\/\/i0.wp.com\/eltrabajo.cl\/portal\/wp-content\/uploads\/2014\/06\/Carabineros2.jpg?resize=400%2C230&amp;ssl=1 400w\" width=\"316\" height=\"182\" loading=\"lazy\" data-original-width=\"316\" data-original-height=\"182\" itemprop=\"http:\/\/schema.org\/image\" title=\"Carabineros2\" alt=\"OPCIONES DE CRECER.- Cerca de 400 estudiantes de colegios p\u00fablicos, subvencionados y privados del Valle de Aconcagua, visitaron este viernes una exposici\u00f3n que mont\u00f3 la Oficina de Postulaciones de la Prefectura Aconcagua.\" style=\"width: 316px; height: 182px;\" \/> <\/a> <div class=\"tiled-gallery-caption\" itemprop=\"caption description\"> OPCIONES DE CRECER.- Cerca de 400 estudiantes de colegios p\u00fablicos, subvencionados y privados del Valle de Aconcagua, visitaron este viernes una exposici\u00f3n que mont\u00f3 la Oficina de Postulaciones de la Prefectura Aconcagua. <\/div> <\/div> <\/div> <!-- close group --> <div class=\"gallery-group images-1\" style=\"width: 320px; height: 186px;\" data-original-width=\"320\" data-original-height=\"186\" > <div class=\"tiled-gallery-item tiled-gallery-item-large\" itemprop=\"associatedMedia\" itemscope itemtype=\"http:\/\/schema.org\/ImageObject\"> <a href=\"https:\/\/eltrabajo.cl\/portal\/cientos-de-estudiantes-ya-valoran-hacer-carrera-en-carabineros\/carabineros3\/\" border=\"0\" itemprop=\"url\"> <meta itemprop=\"width\" content=\"316\"> <meta itemprop=\"height\" content=\"182\"> <img decoding=\"async\" class=\"\" data-attachment-id=\"47369\" data-orig-file=\"https:\/\/eltrabajo.cl\/portal\/wp-content\/uploads\/2014\/06\/Carabineros3.jpg\" data-orig-size=\"529,305\" data-comments-opened=\"1\" data-image-meta=\"{&quot;aperture&quot;:&quot;2.4&quot;,&quot;credit&quot;:&quot;&quot;,&quot;camera&quot;:&quot;XT1058&quot;,&quot;caption&quot;:&quot;&quot;,&quot;created_timestamp&quot;:&quot;1402056216&quot;,&quot;copyright&quot;:&quot;&quot;,&quot;focal_length&quot;:&quot;4.499&quot;,&quot;iso&quot;:&quot;160&quot;,&quot;shutter_speed&quot;:&quot;0.00075&quot;,&quot;title&quot;:&quot;&quot;}\" data-image-title=\"Carabineros3\" data-image-description=\"&lt;p&gt;FUERZA CANINA.- En la Oficina de Postulaciones de la Prefectura Aconcagua, con motivo de la celebraci\u00f3n de la Semana del Postulante a Oficial de Carabineros.&lt;\/p&gt; \" data-medium-file=\"https:\/\/i0.wp.com\/eltrabajo.cl\/portal\/wp-content\/uploads\/2014\/06\/Carabineros3.jpg?fit=300%2C172&#038;ssl=1\" data-large-file=\"https:\/\/i0.wp.com\/eltrabajo.cl\/portal\/wp-content\/uploads\/2014\/06\/Carabineros3.jpg?fit=529%2C305&#038;ssl=1\" src=\"https:\/\/i0.wp.com\/eltrabajo.cl\/portal\/wp-content\/uploads\/2014\/06\/Carabineros3.jpg?w=316&#038;h=182&#038;ssl=1\" srcset=\"https:\/\/i0.wp.com\/eltrabajo.cl\/portal\/wp-content\/uploads\/2014\/06\/Carabineros3.jpg?w=529&amp;ssl=1 529w, https:\/\/i0.wp.com\/eltrabajo.cl\/portal\/wp-content\/uploads\/2014\/06\/Carabineros3.jpg?resize=200%2C115&amp;ssl=1 200w, https:\/\/i0.wp.com\/eltrabajo.cl\/portal\/wp-content\/uploads\/2014\/06\/Carabineros3.jpg?resize=300%2C172&amp;ssl=1 300w, https:\/\/i0.wp.com\/eltrabajo.cl\/portal\/wp-content\/uploads\/2014\/06\/Carabineros3.jpg?resize=150%2C86&amp;ssl=1 150w, https:\/\/i0.wp.com\/eltrabajo.cl\/portal\/wp-content\/uploads\/2014\/06\/Carabineros3.jpg?resize=400%2C230&amp;ssl=1 400w\" width=\"316\" height=\"182\" loading=\"lazy\" data-original-width=\"316\" data-original-height=\"182\" itemprop=\"http:\/\/schema.org\/image\" title=\"Carabineros3\" alt=\"FUERZA CANINA.- En la Oficina de Postulaciones de la Prefectura Aconcagua, con motivo de la celebraci\u00f3n de la Semana del Postulante a Oficial de Carabineros.\" style=\"width: 316px; height: 182px;\" \/> <\/a> <div class=\"tiled-gallery-caption\" itemprop=\"caption description\"> FUERZA CANINA.- En la Oficina de Postulaciones de la Prefectura Aconcagua, con motivo de la celebraci\u00f3n de la Semana del Postulante a Oficial de Carabineros. <\/div> <\/div> <\/div> <!-- close group --> <\/div> <!-- close row --> <\/div>\n<p>&nbsp;<\/p>\n","protected":false},"excerpt":{"rendered":"<p>La muestra se realiz\u00f3 en Aconcagua con motivo de la celebraci\u00f3n de la Semana del Postulante a Oficial de Carabineros. Cerca de 400 estudiantes de colegios p\u00fablicos, subvencionados y privados del Valle&#8230;<\/p>\n","protected":false},"author":482,"featured_media":47366,"comment_status":"open","ping_status":"closed","sticky":false,"template":"","format":"standard","meta":{"advanced_seo_description":"","jetpack_seo_html_title":"","jetpack_seo_noindex":false,"_jetpack_memberships_contains_paid_content":false,"footnotes":""},"categories":[15],"tags":[],"class_list":["post-47365","post","type-post","status-publish","format-standard","has-post-thumbnail","hentry","category-comunidad"],"jetpack_featured_media_url":"https:\/\/i0.wp.com\/eltrabajo.cl\/portal\/wp-content\/uploads\/2014\/06\/Carabineros1.jpg?fit=529%2C305&ssl=1","jetpack_sharing_enabled":true,"jetpack_likes_enabled":true,"jetpack-related-posts":[],"_links":{"self":[{"href":"https:\/\/eltrabajo.cl\/portal\/wp-json\/wp\/v2\/posts\/47365","targetHints":{"allow":["GET"]}}],"collection":[{"href":"https:\/\/eltrabajo.cl\/portal\/wp-json\/wp\/v2\/posts"}],"about":[{"href":"https:\/\/eltrabajo.cl\/portal\/wp-json\/wp\/v2\/types\/post"}],"author":[{"embeddable":true,"href":"https:\/\/eltrabajo.cl\/portal\/wp-json\/wp\/v2\/users\/482"}],"replies":[{"embeddable":true,"href":"https:\/\/eltrabajo.cl\/portal\/wp-json\/wp\/v2\/comments?post=47365"}],"version-history":[{"count":0,"href":"https:\/\/eltrabajo.cl\/portal\/wp-json\/wp\/v2\/posts\/47365\/revisions"}],"wp:featuredmedia":[{"embeddable":true,"href":"https:\/\/eltrabajo.cl\/portal\/wp-json\/wp\/v2\/media\/47366"}],"wp:attachment":[{"href":"https:\/\/eltrabajo.cl\/portal\/wp-json\/wp\/v2\/media?parent=47365"}],"wp:term":[{"taxonomy":"category","embeddable":true,"href":"https:\/\/eltrabajo.cl\/portal\/wp-json\/wp\/v2\/categories?post=47365"},{"taxonomy":"post_tag","embeddable":true,"href":"https:\/\/eltrabajo.cl\/portal\/wp-json\/wp\/v2\/tags?post=47365"}],"curies":[{"name":"wp","href":"https:\/\/api.w.org\/{rel}","templated":true}]}}