{"id":47375,"date":"2014-06-09T11:45:03","date_gmt":"2014-06-09T15:45:03","guid":{"rendered":"http:\/\/www.eltrabajo.cl\/portal\/?p=47375"},"modified":"2014-06-09T11:45:03","modified_gmt":"2014-06-09T15:45:03","slug":"con-un-gran-exito-se-desarrollo-el-trail-running-putaendo-2014","status":"publish","type":"post","link":"https:\/\/eltrabajo.cl\/portal\/con-un-gran-exito-se-desarrollo-el-trail-running-putaendo-2014\/","title":{"rendered":"Con un gran \u00e9xito se desarroll\u00f3 el Trail Running Putaendo 2014"},"content":{"rendered":"<figure id=\"attachment_47376\" aria-describedby=\"caption-attachment-47376\" style=\"width: 529px\" class=\"wp-caption alignnone\"><a href=\"https:\/\/i0.wp.com\/www.eltrabajo.cl\/portal\/wp-content\/uploads\/2014\/06\/Carrera1.jpg\"><img data-recalc-dims=\"1\" loading=\"lazy\" decoding=\"async\" class=\"size-full wp-image-47376\" alt=\"FUERZA DEPORTIVA.- A pesar del intenso fr\u00edo que se dej\u00f3 sentir en la comuna, con un gran \u00e9xito se desarroll\u00f3 el Trail Running Putaendo 2014.\" src=\"https:\/\/i0.wp.com\/www.eltrabajo.cl\/portal\/wp-content\/uploads\/2014\/06\/Carrera1.jpg?resize=529%2C358\" width=\"529\" height=\"358\" srcset=\"https:\/\/i0.wp.com\/eltrabajo.cl\/portal\/wp-content\/uploads\/2014\/06\/Carrera1.jpg?w=529&amp;ssl=1 529w, https:\/\/i0.wp.com\/eltrabajo.cl\/portal\/wp-content\/uploads\/2014\/06\/Carrera1.jpg?resize=200%2C135&amp;ssl=1 200w, https:\/\/i0.wp.com\/eltrabajo.cl\/portal\/wp-content\/uploads\/2014\/06\/Carrera1.jpg?resize=300%2C203&amp;ssl=1 300w, https:\/\/i0.wp.com\/eltrabajo.cl\/portal\/wp-content\/uploads\/2014\/06\/Carrera1.jpg?resize=150%2C101&amp;ssl=1 150w, https:\/\/i0.wp.com\/eltrabajo.cl\/portal\/wp-content\/uploads\/2014\/06\/Carrera1.jpg?resize=400%2C270&amp;ssl=1 400w\" sizes=\"auto, (max-width: 529px) 100vw, 529px\" \/><\/a><figcaption id=\"caption-attachment-47376\" class=\"wp-caption-text\">FUERZA DEPORTIVA.- A pesar del intenso fr\u00edo que se dej\u00f3 sentir en la comuna, con un gran \u00e9xito se desarroll\u00f3 el Trail Running Putaendo 2014.<\/figcaption><\/figure>\n<p><strong>PUTAENDO<\/strong>.- A pesar del intenso fr\u00edo que se dej\u00f3 sentir en la comuna, con un gran \u00e9xito se desarroll\u00f3 el Trail Running Putaendo 2014. Durante la tarde del viernes, cientos de corredores repletaron los hostales de la comuna de Putaendo y algunos pernoctaron en el galp\u00f3n del parque municipal a la espera del anhelado Trail Running, mismo que parti\u00f3 pasadas las 10:00 horas, a excepci\u00f3n de la categor\u00eda 60 kil\u00f3metros, que comenz\u00f3 a eso de las 06:15 horas y con la participaci\u00f3n de cerca de 700 corredores en las categor\u00edas 14 kil\u00f3metros, 33 kil\u00f3metros y 60 kil\u00f3metros.<\/p>\n<p><strong>CITA INTERNACIONAL<\/strong><\/p>\n<p>Desde el punto de partida los 680 corredores que participaron de la actividad enfilaron por Calle Comercio en direcci\u00f3n a Sahond\u00e9, desde donde cada uno emprendi\u00f3 rumbo seg\u00fan la cantidad de kil\u00f3metros para los cuales se hab\u00edan inscrito. Desde distintos pa\u00edses como Francia, Colombia, Uruguay y por supuesto Chile, llegaron los 680 corredores que se inscribieron para el Trail Running Putaendo 2014, que fue organizado por Latitud Sur Expedition. Tambi\u00e9n muchos putaendinos y putaendinas de distintas edades se atrevieron a enfrentar los 14 kil\u00f3metros.<\/p>\n<p>El Alcalde Guillermo Reyes destac\u00f3 la jornada, e indic\u00f3 que con este tipo de actividades Putaendo se potencia como un referente del deporte y adem\u00e1s se\u00f1al\u00f3 que como municipalidad pondr\u00e1n el mejor esfuerzo para mantener el Trail Running en Putaendo, ojala por muchos a\u00f1os m\u00e1s.<\/p>\n<p>Durante la jornada hubo algunos lesionados con esguinces y calambres, aunque lo m\u00e1s complicado de la jornada fue el rescate de un corredor que presentaba hipotermia en el sector Jahuelito de Santa Mar\u00eda, por lo que fue necesaria la concurrencia de Bomberos de esa comuna.<\/p>\n<p>Pasadas las 18:00 horas comenzaban a llegar los \u00faltimos corredores de la categor\u00eda 60 kil\u00f3metros.<\/p>\n<p>En la categor\u00eda 14 kil\u00f3metros los resultados fueron, en varones: Samuel Morales, Benjam\u00edn Maturana, Hern\u00e1n Schwencke, Max Meza y Juan Carlos Collao. En la misma cantidad de kil\u00f3metros, los resultados en damas fueron: Natali Rosas, Andrea Longueira, Pamela Rosales, Bernardita Olivares y Elizabeth Prat.<\/p>\n<p>Mientras que en la categor\u00eda de 33 kil\u00f3metros los resultados en varones son los siguientes: Jorge Cifuentes, Herman Garc\u00eda, Sergio Sanzana, Jorge Del R\u00edo y Juan C. Alcayaga.<\/p>\n<p>Y en la categor\u00eda damas en la misma cantidad de kil\u00f3metros los resultados son: Cindy Ramirez, Luz Rojas, Pamela Rubilar, Josefina Silva y Macarena Zamora<\/p>\n<p>Finalmente en la categor\u00eda 60km los resultados fueron, en Varones: Emmanuel Acu\u00f1a, Mois\u00e9s Jim\u00e9nez, Max Keith, Vincent Jouny y Joni Lee. En tanto en Damas: Paula Contreras, Trinidad Schlotterbeck, Marlene Flores, Karina Palominos y Fernanda Espinoza.<\/p>\n<p>Patricio Gallardo M.<\/p>\n<div class=\"tiled-gallery type-rectangular tiled-gallery-unresized\" data-original-width=\"640\" data-carousel-extra='null' itemscope itemtype=\"http:\/\/schema.org\/ImageGallery\" > <div class=\"gallery-row\" style=\"width: 640px; height: 271px;\" data-original-width=\"640\" data-original-height=\"271\" > <div class=\"gallery-group images-1\" style=\"width: 238px; height: 271px;\" data-original-width=\"238\" data-original-height=\"271\" > <div class=\"tiled-gallery-item tiled-gallery-item-small\" itemprop=\"associatedMedia\" itemscope itemtype=\"http:\/\/schema.org\/ImageObject\"> <a href=\"https:\/\/eltrabajo.cl\/portal\/con-un-gran-exito-se-desarrollo-el-trail-running-putaendo-2014\/carrera2\/\" border=\"0\" itemprop=\"url\"> <meta itemprop=\"width\" content=\"234\"> <meta itemprop=\"height\" content=\"267\"> <img decoding=\"async\" class=\"\" data-attachment-id=\"47377\" data-orig-file=\"https:\/\/eltrabajo.cl\/portal\/wp-content\/uploads\/2014\/06\/Carrera2.jpg\" data-orig-size=\"529,604\" data-comments-opened=\"1\" data-image-meta=\"{&quot;aperture&quot;:&quot;5.6&quot;,&quot;credit&quot;:&quot;&quot;,&quot;camera&quot;:&quot;Canon EOS REBEL T3i&quot;,&quot;caption&quot;:&quot;&quot;,&quot;created_timestamp&quot;:&quot;1402139403&quot;,&quot;copyright&quot;:&quot;[wopmind]&quot;,&quot;focal_length&quot;:&quot;73&quot;,&quot;iso&quot;:&quot;320&quot;,&quot;shutter_speed&quot;:&quot;0.01&quot;,&quot;title&quot;:&quot;&quot;}\" data-image-title=\"Carrera2\" data-image-description=\"&lt;p&gt;BR\u00daJULA INTERIOR.- Desde el punto de partida los 680 corredores que participaron de la actividad enfilaron por Comercio a Sahond\u00e9.&lt;\/p&gt; \" data-medium-file=\"https:\/\/i0.wp.com\/eltrabajo.cl\/portal\/wp-content\/uploads\/2014\/06\/Carrera2.jpg?fit=262%2C300&#038;ssl=1\" data-large-file=\"https:\/\/i0.wp.com\/eltrabajo.cl\/portal\/wp-content\/uploads\/2014\/06\/Carrera2.jpg?fit=529%2C604&#038;ssl=1\" src=\"https:\/\/i0.wp.com\/eltrabajo.cl\/portal\/wp-content\/uploads\/2014\/06\/Carrera2.jpg?w=234&#038;h=267&#038;ssl=1\" srcset=\"https:\/\/i0.wp.com\/eltrabajo.cl\/portal\/wp-content\/uploads\/2014\/06\/Carrera2.jpg?w=529&amp;ssl=1 529w, https:\/\/i0.wp.com\/eltrabajo.cl\/portal\/wp-content\/uploads\/2014\/06\/Carrera2.jpg?resize=131%2C150&amp;ssl=1 131w, https:\/\/i0.wp.com\/eltrabajo.cl\/portal\/wp-content\/uploads\/2014\/06\/Carrera2.jpg?resize=262%2C300&amp;ssl=1 262w, https:\/\/i0.wp.com\/eltrabajo.cl\/portal\/wp-content\/uploads\/2014\/06\/Carrera2.jpg?resize=400%2C456&amp;ssl=1 400w\" width=\"234\" height=\"267\" loading=\"lazy\" data-original-width=\"234\" data-original-height=\"267\" itemprop=\"http:\/\/schema.org\/image\" title=\"Carrera2\" alt=\"BR\u00daJULA INTERIOR.- Desde el punto de partida los 680 corredores que participaron de la actividad enfilaron por Comercio a Sahond\u00e9.\" style=\"width: 234px; height: 267px;\" \/> <\/a> <div class=\"tiled-gallery-caption\" itemprop=\"caption description\"> BR\u00daJULA INTERIOR.- Desde el punto de partida los 680 corredores que participaron de la actividad enfilaron por Comercio a Sahond\u00e9. <\/div> <\/div> <\/div> <!-- close group --> <div class=\"gallery-group images-1\" style=\"width: 402px; height: 271px;\" data-original-width=\"402\" data-original-height=\"271\" > <div class=\"tiled-gallery-item tiled-gallery-item-large\" itemprop=\"associatedMedia\" itemscope itemtype=\"http:\/\/schema.org\/ImageObject\"> <a href=\"https:\/\/eltrabajo.cl\/portal\/con-un-gran-exito-se-desarrollo-el-trail-running-putaendo-2014\/carrera3\/\" border=\"0\" itemprop=\"url\"> <meta itemprop=\"width\" content=\"398\"> <meta itemprop=\"height\" content=\"267\"> <img decoding=\"async\" class=\"\" data-attachment-id=\"47378\" data-orig-file=\"https:\/\/eltrabajo.cl\/portal\/wp-content\/uploads\/2014\/06\/Carrera3.jpg\" data-orig-size=\"529,354\" data-comments-opened=\"1\" data-image-meta=\"{&quot;aperture&quot;:&quot;5.6&quot;,&quot;credit&quot;:&quot;&quot;,&quot;camera&quot;:&quot;Canon EOS REBEL T3i&quot;,&quot;caption&quot;:&quot;&quot;,&quot;created_timestamp&quot;:&quot;1402136369&quot;,&quot;copyright&quot;:&quot;[wopmind]&quot;,&quot;focal_length&quot;:&quot;73&quot;,&quot;iso&quot;:&quot;640&quot;,&quot;shutter_speed&quot;:&quot;0.01&quot;,&quot;title&quot;:&quot;&quot;}\" data-image-title=\"Carrera3\" data-image-description=\"&lt;p&gt;SANGRE INTERNACIONAL.- Desde distintos pa\u00edses como Francia, Colombia, Uruguay y por supuesto Chile, llegaron 680 corredores que se inscribieron para Trail Running Putaendo 2014.&lt;\/p&gt; \" data-medium-file=\"https:\/\/i0.wp.com\/eltrabajo.cl\/portal\/wp-content\/uploads\/2014\/06\/Carrera3.jpg?fit=300%2C200&#038;ssl=1\" data-large-file=\"https:\/\/i0.wp.com\/eltrabajo.cl\/portal\/wp-content\/uploads\/2014\/06\/Carrera3.jpg?fit=529%2C354&#038;ssl=1\" src=\"https:\/\/i0.wp.com\/eltrabajo.cl\/portal\/wp-content\/uploads\/2014\/06\/Carrera3.jpg?w=398&#038;h=267&#038;ssl=1\" srcset=\"https:\/\/i0.wp.com\/eltrabajo.cl\/portal\/wp-content\/uploads\/2014\/06\/Carrera3.jpg?w=529&amp;ssl=1 529w, https:\/\/i0.wp.com\/eltrabajo.cl\/portal\/wp-content\/uploads\/2014\/06\/Carrera3.jpg?resize=200%2C133&amp;ssl=1 200w, https:\/\/i0.wp.com\/eltrabajo.cl\/portal\/wp-content\/uploads\/2014\/06\/Carrera3.jpg?resize=300%2C200&amp;ssl=1 300w, https:\/\/i0.wp.com\/eltrabajo.cl\/portal\/wp-content\/uploads\/2014\/06\/Carrera3.jpg?resize=150%2C100&amp;ssl=1 150w, https:\/\/i0.wp.com\/eltrabajo.cl\/portal\/wp-content\/uploads\/2014\/06\/Carrera3.jpg?resize=400%2C267&amp;ssl=1 400w\" width=\"398\" height=\"267\" loading=\"lazy\" data-original-width=\"398\" data-original-height=\"267\" itemprop=\"http:\/\/schema.org\/image\" title=\"Carrera3\" alt=\"SANGRE INTERNACIONAL.- Desde distintos pa\u00edses como Francia, Colombia, Uruguay y por supuesto Chile, llegaron 680 corredores que se inscribieron para Trail Running Putaendo 2014.\" style=\"width: 398px; height: 267px;\" \/> <\/a> <div class=\"tiled-gallery-caption\" itemprop=\"caption description\"> SANGRE INTERNACIONAL.- Desde distintos pa\u00edses como Francia, Colombia, Uruguay y por supuesto Chile, llegaron 680 corredores que se inscribieron para Trail Running Putaendo 2014. <\/div> <\/div> <\/div> <!-- close group --> <\/div> <!-- close row --> <div class=\"gallery-row\" style=\"width: 640px; height: 737px;\" data-original-width=\"640\" data-original-height=\"737\" > <div class=\"gallery-group images-1\" style=\"width: 640px; height: 737px;\" data-original-width=\"640\" data-original-height=\"737\" > <div class=\"tiled-gallery-item tiled-gallery-item-large\" itemprop=\"associatedMedia\" itemscope itemtype=\"http:\/\/schema.org\/ImageObject\"> <a href=\"https:\/\/eltrabajo.cl\/portal\/con-un-gran-exito-se-desarrollo-el-trail-running-putaendo-2014\/carrera4\/\" border=\"0\" itemprop=\"url\"> <meta itemprop=\"width\" content=\"636\"> <meta itemprop=\"height\" content=\"733\"> <img decoding=\"async\" class=\"\" data-attachment-id=\"47379\" data-orig-file=\"https:\/\/eltrabajo.cl\/portal\/wp-content\/uploads\/2014\/06\/Carrera4.jpg\" data-orig-size=\"529,610\" data-comments-opened=\"1\" data-image-meta=\"{&quot;aperture&quot;:&quot;7.1&quot;,&quot;credit&quot;:&quot;&quot;,&quot;camera&quot;:&quot;Canon EOS REBEL T3&quot;,&quot;caption&quot;:&quot;&quot;,&quot;created_timestamp&quot;:&quot;1389360302&quot;,&quot;copyright&quot;:&quot;&quot;,&quot;focal_length&quot;:&quot;44&quot;,&quot;iso&quot;:&quot;100&quot;,&quot;shutter_speed&quot;:&quot;0.005&quot;,&quot;title&quot;:&quot;&quot;}\" data-image-title=\"Carrera4\" data-image-description=\"&lt;p&gt;POTENCIA LOCAL.- Tambi\u00e9n muchos putaendinos y putaendinas de distintas edades se atrevieron a enfrentar los 14 kil\u00f3metros.&lt;\/p&gt; \" data-medium-file=\"https:\/\/i0.wp.com\/eltrabajo.cl\/portal\/wp-content\/uploads\/2014\/06\/Carrera4.jpg?fit=260%2C300&#038;ssl=1\" data-large-file=\"https:\/\/i0.wp.com\/eltrabajo.cl\/portal\/wp-content\/uploads\/2014\/06\/Carrera4.jpg?fit=529%2C610&#038;ssl=1\" src=\"https:\/\/i0.wp.com\/eltrabajo.cl\/portal\/wp-content\/uploads\/2014\/06\/Carrera4.jpg?w=636&#038;h=733&#038;ssl=1\" srcset=\"https:\/\/i0.wp.com\/eltrabajo.cl\/portal\/wp-content\/uploads\/2014\/06\/Carrera4.jpg?w=529&amp;ssl=1 529w, https:\/\/i0.wp.com\/eltrabajo.cl\/portal\/wp-content\/uploads\/2014\/06\/Carrera4.jpg?resize=130%2C150&amp;ssl=1 130w, https:\/\/i0.wp.com\/eltrabajo.cl\/portal\/wp-content\/uploads\/2014\/06\/Carrera4.jpg?resize=260%2C300&amp;ssl=1 260w, https:\/\/i0.wp.com\/eltrabajo.cl\/portal\/wp-content\/uploads\/2014\/06\/Carrera4.jpg?resize=400%2C461&amp;ssl=1 400w\" width=\"636\" height=\"733\" loading=\"lazy\" data-original-width=\"636\" data-original-height=\"733\" itemprop=\"http:\/\/schema.org\/image\" title=\"Carrera4\" alt=\"POTENCIA LOCAL.- Tambi\u00e9n muchos putaendinos y putaendinas de distintas edades se atrevieron a enfrentar los 14 kil\u00f3metros.\" style=\"width: 636px; height: 733px;\" \/> <\/a> <div class=\"tiled-gallery-caption\" itemprop=\"caption description\"> POTENCIA LOCAL.- Tambi\u00e9n muchos putaendinos y putaendinas de distintas edades se atrevieron a enfrentar los 14 kil\u00f3metros. <\/div> <\/div> <\/div> <!-- close group --> <\/div> <!-- close row --> <\/div>\n","protected":false},"excerpt":{"rendered":"<p>PUTAENDO.- A pesar del intenso fr\u00edo que se dej\u00f3 sentir en la comuna, con un gran \u00e9xito se desarroll\u00f3 el Trail Running Putaendo 2014. Durante la tarde del viernes, cientos de corredores&#8230;<\/p>\n","protected":false},"author":482,"featured_media":47376,"comment_status":"open","ping_status":"closed","sticky":false,"template":"","format":"standard","meta":{"advanced_seo_description":"","jetpack_seo_html_title":"","jetpack_seo_noindex":false,"_jetpack_memberships_contains_paid_content":false,"footnotes":""},"categories":[15],"tags":[],"class_list":["post-47375","post","type-post","status-publish","format-standard","has-post-thumbnail","hentry","category-comunidad"],"jetpack_featured_media_url":"https:\/\/i0.wp.com\/eltrabajo.cl\/portal\/wp-content\/uploads\/2014\/06\/Carrera1.jpg?fit=529%2C358&ssl=1","jetpack_sharing_enabled":true,"jetpack_likes_enabled":true,"jetpack-related-posts":[],"_links":{"self":[{"href":"https:\/\/eltrabajo.cl\/portal\/wp-json\/wp\/v2\/posts\/47375","targetHints":{"allow":["GET"]}}],"collection":[{"href":"https:\/\/eltrabajo.cl\/portal\/wp-json\/wp\/v2\/posts"}],"about":[{"href":"https:\/\/eltrabajo.cl\/portal\/wp-json\/wp\/v2\/types\/post"}],"author":[{"embeddable":true,"href":"https:\/\/eltrabajo.cl\/portal\/wp-json\/wp\/v2\/users\/482"}],"replies":[{"embeddable":true,"href":"https:\/\/eltrabajo.cl\/portal\/wp-json\/wp\/v2\/comments?post=47375"}],"version-history":[{"count":0,"href":"https:\/\/eltrabajo.cl\/portal\/wp-json\/wp\/v2\/posts\/47375\/revisions"}],"wp:featuredmedia":[{"embeddable":true,"href":"https:\/\/eltrabajo.cl\/portal\/wp-json\/wp\/v2\/media\/47376"}],"wp:attachment":[{"href":"https:\/\/eltrabajo.cl\/portal\/wp-json\/wp\/v2\/media?parent=47375"}],"wp:term":[{"taxonomy":"category","embeddable":true,"href":"https:\/\/eltrabajo.cl\/portal\/wp-json\/wp\/v2\/categories?post=47375"},{"taxonomy":"post_tag","embeddable":true,"href":"https:\/\/eltrabajo.cl\/portal\/wp-json\/wp\/v2\/tags?post=47375"}],"curies":[{"name":"wp","href":"https:\/\/api.w.org\/{rel}","templated":true}]}}