{"id":47382,"date":"2014-06-09T11:46:10","date_gmt":"2014-06-09T15:46:10","guid":{"rendered":"http:\/\/www.eltrabajo.cl\/portal\/?p=47382"},"modified":"2014-06-09T11:58:34","modified_gmt":"2014-06-09T15:58:34","slug":"pavimentacion-de-calle-belisario-montenegro-ya-cuenta-con-aprobacion","status":"publish","type":"post","link":"https:\/\/eltrabajo.cl\/portal\/pavimentacion-de-calle-belisario-montenegro-ya-cuenta-con-aprobacion\/","title":{"rendered":"Pavimentaci\u00f3n de Calle Belisario Montenegro ya cuenta con aprobaci\u00f3n"},"content":{"rendered":"<figure id=\"attachment_47383\" aria-describedby=\"caption-attachment-47383\" style=\"width: 528px\" class=\"wp-caption alignnone\"><a href=\"https:\/\/i0.wp.com\/www.eltrabajo.cl\/portal\/wp-content\/uploads\/2014\/06\/Mejoras1.jpg\"><img data-recalc-dims=\"1\" loading=\"lazy\" decoding=\"async\" class=\"size-full wp-image-47383\" alt=\"PROYECTO APROBADO.- Luego de muchos a\u00f1os de espera de los vecinos de El Almendral para contar con mejores condiciones de Calle Belisario Montenegro.\" src=\"https:\/\/i0.wp.com\/www.eltrabajo.cl\/portal\/wp-content\/uploads\/2014\/06\/Mejoras1.jpg?resize=528%2C399\" width=\"528\" height=\"399\" srcset=\"https:\/\/i0.wp.com\/eltrabajo.cl\/portal\/wp-content\/uploads\/2014\/06\/Mejoras1.jpg?w=528&amp;ssl=1 528w, https:\/\/i0.wp.com\/eltrabajo.cl\/portal\/wp-content\/uploads\/2014\/06\/Mejoras1.jpg?resize=198%2C150&amp;ssl=1 198w, https:\/\/i0.wp.com\/eltrabajo.cl\/portal\/wp-content\/uploads\/2014\/06\/Mejoras1.jpg?resize=300%2C226&amp;ssl=1 300w, https:\/\/i0.wp.com\/eltrabajo.cl\/portal\/wp-content\/uploads\/2014\/06\/Mejoras1.jpg?resize=150%2C113&amp;ssl=1 150w, https:\/\/i0.wp.com\/eltrabajo.cl\/portal\/wp-content\/uploads\/2014\/06\/Mejoras1.jpg?resize=400%2C302&amp;ssl=1 400w\" sizes=\"auto, (max-width: 528px) 100vw, 528px\" \/><\/a><figcaption id=\"caption-attachment-47383\" class=\"wp-caption-text\">PROYECTO APROBADO.- Luego de muchos a\u00f1os de espera de los vecinos de El Almendral para contar con mejores condiciones de Calle Belisario Montenegro.<\/figcaption><\/figure>\n<p>Luego de muchos a\u00f1os de espera de los vecinos de El Almendral para contar con mejores condiciones de Calle Belisario Montenegro, este viernes el proyecto de pavimentaci\u00f3n de la arteria recibi\u00f3 finalmente la aprobaci\u00f3n t\u00e9cnica. Con esta buena noticia el Alcalde Patricio Freire; el Administrador Municipal Patricio Gonz\u00e1lez y el Secpla Claudio Paredes, se trasladaron hasta ese sector y se reunieron con los vecinos.<\/p>\n<p>En el lugar les explicaron los avances que ha presentado la iniciativa, la que ya se encuentra con aprobaci\u00f3n t\u00e9cnica del Serviu y del Ministerio de Desarrollo Social. El proyecto corresponde a un tramo de un kil\u00f3metro y medio de pavimentaci\u00f3n en hormig\u00f3n, de un perfil de 6,5 metros, lo que va a mejorar la calidad de vida de los vecinos.<\/p>\n<p>\u201cEl proyecto fue aprobado despu\u00e9s de m\u00e1s de un a\u00f1o de revisi\u00f3n, porque no estaba toda la informaci\u00f3n que se requer\u00eda, fue un trabajo de los profesionales del municipio, especialmente de Secpla, quienes han hecho un gran trabajo. Este es un sue\u00f1o que se ve coronado con la pavimentaci\u00f3n\u201d, dijo el Alcalde Freire.<\/p>\n<p>El jefe comunal adem\u00e1s realiz\u00f3 un llamado a los Consejeros Regionales a priorizar esta iniciativa para que cuente con el financiamiento necesario.<\/p>\n<p>\u201cHacemos un llamado a los Consejeros Regionales para que aprueben los recursos lo m\u00e1s luego posible, porque los vecinos han esperado por muchos a\u00f1os, m\u00e1s de 20 a\u00f1os esperando esta pavimentaci\u00f3n, as\u00ed que estamos felices y esperando que pronto el proyecto sea una realidad\u201d, dijo el edil.<\/p>\n<p><strong>CON HORMIG\u00d3N<\/strong><\/p>\n<p>Seg\u00fan explic\u00f3 el Secretario de Planificaci\u00f3n, Claudio Paredes, la iniciativa contempla el cambio completo de la calzada en hormig\u00f3n, adem\u00e1s de las veredas y la evacuaci\u00f3n de aguas lluvias.<\/p>\n<p>\u201cPor tanto se va a solucionar no s\u00f3lo el tema puntual de la carpeta sino que tambi\u00e9n lo que dice relaci\u00f3n con la evacuaci\u00f3n de aguas lluvias que es un problema en este sector\u201d, dijo Paredes.<\/p>\n<p>Los vecinos se mostraron muy contentos con el anuncio realizado por el Alcalde Freire, luego de a\u00f1os de espera para contar con una soluci\u00f3n que afectaba su calidad de vida, ya que deb\u00edan caminar varios metros para tomar locomoci\u00f3n, debido a que el mal estado de la calle imped\u00eda que los veh\u00edculos llegaran hasta ese sector.<\/p>\n<p><strong>VECINOS ALEGRES<\/strong><\/p>\n<p>\u201cEs la mejor noticia que hemos recibido porque ya eran 20 a\u00f1os que est\u00e1bamos esperando, as\u00ed que con esto los vecinos van a estar todos felices, para ir a San Felipe hay que esperar una hora y de repente la l\u00ednea de aqu\u00ed, los azules no vienen para ac\u00e1 por la calle muy mala, entonces esto nos va a mejorar la calidad de vida en todo sentido\u201d, dijo Augusto Saa.<\/p>\n<p>\u201cNosotros estamos felices, sobre todo por la gente de la tercera edad, uno tiene que ir m\u00e1s seguido a San Felipe por los remedios, por las horas y caminar hacia abajo era un problema, hay que andar todos los d\u00edas a pie entonces para nosotros es fant\u00e1stico, van a recibir la noticia muy bien\u201d, dijo Auristela Ahumada.<\/p>\n<p>En el sector viven m\u00e1s de 3.000 personas, quienes ver\u00e1n mejorada su calidad de vida con un proyecto que significa una inversi\u00f3n de $753 millones y cuyo financiamiento corresponde al Fondo Nacional de Desarrollo Regional.<\/p>\n<p>&nbsp;<\/p>\n","protected":false},"excerpt":{"rendered":"<p>Luego de muchos a\u00f1os de espera de los vecinos de El Almendral para contar con mejores condiciones de Calle Belisario Montenegro, este viernes el proyecto de pavimentaci\u00f3n de la arteria recibi\u00f3 finalmente&#8230;<\/p>\n","protected":false},"author":482,"featured_media":47383,"comment_status":"open","ping_status":"closed","sticky":false,"template":"","format":"standard","meta":{"advanced_seo_description":"","jetpack_seo_html_title":"","jetpack_seo_noindex":false,"_jetpack_memberships_contains_paid_content":false,"footnotes":""},"categories":[1],"tags":[],"class_list":["post-47382","post","type-post","status-publish","format-standard","has-post-thumbnail","hentry","category-cronica"],"jetpack_featured_media_url":"https:\/\/i0.wp.com\/eltrabajo.cl\/portal\/wp-content\/uploads\/2014\/06\/Mejoras1.jpg?fit=528%2C399&ssl=1","jetpack_sharing_enabled":true,"jetpack_likes_enabled":true,"jetpack-related-posts":[],"_links":{"self":[{"href":"https:\/\/eltrabajo.cl\/portal\/wp-json\/wp\/v2\/posts\/47382","targetHints":{"allow":["GET"]}}],"collection":[{"href":"https:\/\/eltrabajo.cl\/portal\/wp-json\/wp\/v2\/posts"}],"about":[{"href":"https:\/\/eltrabajo.cl\/portal\/wp-json\/wp\/v2\/types\/post"}],"author":[{"embeddable":true,"href":"https:\/\/eltrabajo.cl\/portal\/wp-json\/wp\/v2\/users\/482"}],"replies":[{"embeddable":true,"href":"https:\/\/eltrabajo.cl\/portal\/wp-json\/wp\/v2\/comments?post=47382"}],"version-history":[{"count":0,"href":"https:\/\/eltrabajo.cl\/portal\/wp-json\/wp\/v2\/posts\/47382\/revisions"}],"wp:featuredmedia":[{"embeddable":true,"href":"https:\/\/eltrabajo.cl\/portal\/wp-json\/wp\/v2\/media\/47383"}],"wp:attachment":[{"href":"https:\/\/eltrabajo.cl\/portal\/wp-json\/wp\/v2\/media?parent=47382"}],"wp:term":[{"taxonomy":"category","embeddable":true,"href":"https:\/\/eltrabajo.cl\/portal\/wp-json\/wp\/v2\/categories?post=47382"},{"taxonomy":"post_tag","embeddable":true,"href":"https:\/\/eltrabajo.cl\/portal\/wp-json\/wp\/v2\/tags?post=47382"}],"curies":[{"name":"wp","href":"https:\/\/api.w.org\/{rel}","templated":true}]}}