{"id":47385,"date":"2014-06-09T11:48:37","date_gmt":"2014-06-09T15:48:37","guid":{"rendered":"http:\/\/www.eltrabajo.cl\/portal\/?p=47385"},"modified":"2014-06-09T11:48:37","modified_gmt":"2014-06-09T15:48:37","slug":"motoqueros-y-peques-del-hogar-pablo-vi-felices-con-sonia-la-unica","status":"publish","type":"post","link":"https:\/\/eltrabajo.cl\/portal\/motoqueros-y-peques-del-hogar-pablo-vi-felices-con-sonia-la-unica\/","title":{"rendered":"Motoqueros y peques del Hogar Pablo VI felices con Sonia La \u00danica"},"content":{"rendered":"<figure id=\"attachment_47386\" aria-describedby=\"caption-attachment-47386\" style=\"width: 529px\" class=\"wp-caption alignnone\"><a href=\"https:\/\/i0.wp.com\/www.eltrabajo.cl\/portal\/wp-content\/uploads\/2014\/06\/Sonia3.jpg\"><img data-recalc-dims=\"1\" loading=\"lazy\" decoding=\"async\" class=\"size-full wp-image-47386\" alt=\"SOLIDARIA INICIATIVA.- Este s\u00e1bado 6 se realiz\u00f3 un acto ben\u00e9fico realizado por un grupo de motoqueros santiaguinos llamado Harley for kids.\" src=\"https:\/\/i0.wp.com\/www.eltrabajo.cl\/portal\/wp-content\/uploads\/2014\/06\/Sonia3.jpg?resize=529%2C401\" width=\"529\" height=\"401\" srcset=\"https:\/\/i0.wp.com\/eltrabajo.cl\/portal\/wp-content\/uploads\/2014\/06\/Sonia3.jpg?w=529&amp;ssl=1 529w, https:\/\/i0.wp.com\/eltrabajo.cl\/portal\/wp-content\/uploads\/2014\/06\/Sonia3.jpg?resize=197%2C150&amp;ssl=1 197w, https:\/\/i0.wp.com\/eltrabajo.cl\/portal\/wp-content\/uploads\/2014\/06\/Sonia3.jpg?resize=300%2C227&amp;ssl=1 300w, https:\/\/i0.wp.com\/eltrabajo.cl\/portal\/wp-content\/uploads\/2014\/06\/Sonia3.jpg?resize=150%2C113&amp;ssl=1 150w, https:\/\/i0.wp.com\/eltrabajo.cl\/portal\/wp-content\/uploads\/2014\/06\/Sonia3.jpg?resize=400%2C303&amp;ssl=1 400w\" sizes=\"auto, (max-width: 529px) 100vw, 529px\" \/><\/a><figcaption id=\"caption-attachment-47386\" class=\"wp-caption-text\">SOLIDARIA INICIATIVA.- Este s\u00e1bado 6 se realiz\u00f3 un acto ben\u00e9fico realizado por un grupo de motoqueros santiaguinos llamado Harley for kids.<\/figcaption><\/figure>\n<p>Este s\u00e1bado 6 se realiz\u00f3 un acto ben\u00e9fico por parte de un grupo de motoqueros santiaguinos llamado Harley for Kids, los cuales fueron en apoyo del hogar de menores Pablo Sexto, donde pasaron un grato momento junto a los ni\u00f1os en el Restaurante Sonia La Unica de San Felipe, ubicado en O\u2018Higgins 1011.<\/p>\n<p>El clima fr\u00edo y lluvioso del Valle de Aconcagua no permiti\u00f3 que los motoqueros llegaran en sus imponentes motos, pero la gran fiesta que le ten\u00edan preparada a los ni\u00f1os del Hogar fue incre\u00edble. Ah\u00ed pudieron compartir durante aproximadamente tres horas, donde los regalos y comida fue un panorama que los menores no olvidar\u00e1n.<\/p>\n<p>Jorge Contreras, Presidente de Harley for Kids, apadrina al Hogar Pablo Sexto hace tres a\u00f1os, y en esta instancia compartieron con 30 ni\u00f1os del hogar, donde les regalaron ropa de invierno, adem\u00e1s de cotill\u00f3n con motivo mundialista. Contreras hizo un llamado a la sociedad sanfelipe\u00f1a a no olvidarse de sus ni\u00f1os.<\/p>\n<p>Las educadoras del Hogar se mostraron muy agradecidas por la visita de los motoqueros, puesto que los ni\u00f1os se distraen y pueden salir de su rutina.<\/p>\n<p>\u2018Sonia la \u00danica\u2019 tambi\u00e9n apoy\u00f3 esta noble causa, \u00abnos llamaron y en base a la confianza los apoyamos, puesto que nosotros siempre ayudamos a nuestra gente, ojala que esto se pueda repetir adem\u00e1s hacer un llamado a que las organizaciones y empresas lo puedan hacer\u00bb, coment\u00f3 Juan Pablo Aguilera de Sonia La \u00danica.<\/p>\n<p>Mat\u00edas Ortiz<\/p>\n<div class=\"tiled-gallery type-rectangular tiled-gallery-unresized\" data-original-width=\"640\" data-carousel-extra='null' itemscope itemtype=\"http:\/\/schema.org\/ImageGallery\" > <div class=\"gallery-row\" style=\"width: 640px; height: 244px;\" data-original-width=\"640\" data-original-height=\"244\" > <div class=\"gallery-group images-1\" style=\"width: 320px; height: 244px;\" data-original-width=\"320\" data-original-height=\"244\" > <div class=\"tiled-gallery-item tiled-gallery-item-large\" itemprop=\"associatedMedia\" itemscope itemtype=\"http:\/\/schema.org\/ImageObject\"> <a href=\"https:\/\/eltrabajo.cl\/portal\/motoqueros-y-peques-del-hogar-pablo-vi-felices-con-sonia-la-unica\/sonia1-4\/\" border=\"0\" itemprop=\"url\"> <meta itemprop=\"width\" content=\"316\"> <meta itemprop=\"height\" content=\"240\"> <img decoding=\"async\" class=\"\" data-attachment-id=\"47387\" data-orig-file=\"https:\/\/eltrabajo.cl\/portal\/wp-content\/uploads\/2014\/06\/Sonia1.jpg\" data-orig-size=\"529,401\" data-comments-opened=\"1\" data-image-meta=\"{&quot;aperture&quot;:&quot;2.8&quot;,&quot;credit&quot;:&quot;&quot;,&quot;camera&quot;:&quot;COOLPIX P90&quot;,&quot;caption&quot;:&quot;&quot;,&quot;created_timestamp&quot;:&quot;1402155415&quot;,&quot;copyright&quot;:&quot;&quot;,&quot;focal_length&quot;:&quot;4.6&quot;,&quot;iso&quot;:&quot;400&quot;,&quot;shutter_speed&quot;:&quot;0.033333333333333&quot;,&quot;title&quot;:&quot;&quot;}\" data-image-title=\"Sonia1\" data-image-description=\"&lt;p&gt;UN D\u00cdA ESPECIAL.- Las c\u00e1maras de Diario El Trabajo registran los momentos de alegr\u00eda que los peques del Hogar Pablo Sexto vivieron en Restaurante Sonia La \u00fanica, al lado de los motoqueros de Harley for kids de Chile.&lt;\/p&gt; \" data-medium-file=\"https:\/\/i0.wp.com\/eltrabajo.cl\/portal\/wp-content\/uploads\/2014\/06\/Sonia1.jpg?fit=300%2C227&#038;ssl=1\" data-large-file=\"https:\/\/i0.wp.com\/eltrabajo.cl\/portal\/wp-content\/uploads\/2014\/06\/Sonia1.jpg?fit=529%2C401&#038;ssl=1\" src=\"https:\/\/i0.wp.com\/eltrabajo.cl\/portal\/wp-content\/uploads\/2014\/06\/Sonia1.jpg?w=316&#038;h=240&#038;ssl=1\" srcset=\"https:\/\/i0.wp.com\/eltrabajo.cl\/portal\/wp-content\/uploads\/2014\/06\/Sonia1.jpg?w=529&amp;ssl=1 529w, https:\/\/i0.wp.com\/eltrabajo.cl\/portal\/wp-content\/uploads\/2014\/06\/Sonia1.jpg?resize=197%2C150&amp;ssl=1 197w, https:\/\/i0.wp.com\/eltrabajo.cl\/portal\/wp-content\/uploads\/2014\/06\/Sonia1.jpg?resize=300%2C227&amp;ssl=1 300w, https:\/\/i0.wp.com\/eltrabajo.cl\/portal\/wp-content\/uploads\/2014\/06\/Sonia1.jpg?resize=150%2C113&amp;ssl=1 150w, https:\/\/i0.wp.com\/eltrabajo.cl\/portal\/wp-content\/uploads\/2014\/06\/Sonia1.jpg?resize=400%2C303&amp;ssl=1 400w\" width=\"316\" height=\"240\" loading=\"lazy\" data-original-width=\"316\" data-original-height=\"240\" itemprop=\"http:\/\/schema.org\/image\" title=\"Sonia1\" alt=\"UN D\u00cdA ESPECIAL.- Las c\u00e1maras de Diario El Trabajo registran los momentos de alegr\u00eda que los peques del Hogar Pablo Sexto vivieron en Restaurante Sonia La \u00fanica, al lado de los motoqueros de Harley for kids de Chile.\" style=\"width: 316px; height: 240px;\" \/> <\/a> <div class=\"tiled-gallery-caption\" itemprop=\"caption description\"> UN D\u00cdA ESPECIAL.- Las c\u00e1maras de Diario El Trabajo registran los momentos de alegr\u00eda que los peques del Hogar Pablo Sexto vivieron en Restaurante Sonia La \u00fanica, al lado de los motoqueros de Harley for kids de Chile. <\/div> <\/div> <\/div> <!-- close group --> <div class=\"gallery-group images-1\" style=\"width: 320px; height: 244px;\" data-original-width=\"320\" data-original-height=\"244\" > <div class=\"tiled-gallery-item tiled-gallery-item-large\" itemprop=\"associatedMedia\" itemscope itemtype=\"http:\/\/schema.org\/ImageObject\"> <a href=\"https:\/\/eltrabajo.cl\/portal\/motoqueros-y-peques-del-hogar-pablo-vi-felices-con-sonia-la-unica\/sonia2\/\" border=\"0\" itemprop=\"url\"> <meta itemprop=\"width\" content=\"316\"> <meta itemprop=\"height\" content=\"240\"> <img decoding=\"async\" class=\"\" data-attachment-id=\"47388\" data-orig-file=\"https:\/\/eltrabajo.cl\/portal\/wp-content\/uploads\/2014\/06\/Sonia2.jpg\" data-orig-size=\"529,401\" data-comments-opened=\"1\" data-image-meta=\"{&quot;aperture&quot;:&quot;2.8&quot;,&quot;credit&quot;:&quot;&quot;,&quot;camera&quot;:&quot;COOLPIX P90&quot;,&quot;caption&quot;:&quot;&quot;,&quot;created_timestamp&quot;:&quot;1402155932&quot;,&quot;copyright&quot;:&quot;&quot;,&quot;focal_length&quot;:&quot;4.6&quot;,&quot;iso&quot;:&quot;72&quot;,&quot;shutter_speed&quot;:&quot;0.016778523489933&quot;,&quot;title&quot;:&quot;&quot;}\" data-image-title=\"Sonia2\" data-image-description=\"&lt;p&gt;LOS ORGANIZADORES.- El clima fr\u00edo y lluvioso del Valle de Aconcagua no permiti\u00f3 que los motoqueros llegaran en sus imponentes motos, pero la gran fiesta que le ten\u00edan preparada a los ni\u00f1os del Hogar fue incre\u00edble.&lt;\/p&gt; \" data-medium-file=\"https:\/\/i0.wp.com\/eltrabajo.cl\/portal\/wp-content\/uploads\/2014\/06\/Sonia2.jpg?fit=300%2C227&#038;ssl=1\" data-large-file=\"https:\/\/i0.wp.com\/eltrabajo.cl\/portal\/wp-content\/uploads\/2014\/06\/Sonia2.jpg?fit=529%2C401&#038;ssl=1\" src=\"https:\/\/i0.wp.com\/eltrabajo.cl\/portal\/wp-content\/uploads\/2014\/06\/Sonia2.jpg?w=316&#038;h=240&#038;ssl=1\" srcset=\"https:\/\/i0.wp.com\/eltrabajo.cl\/portal\/wp-content\/uploads\/2014\/06\/Sonia2.jpg?w=529&amp;ssl=1 529w, https:\/\/i0.wp.com\/eltrabajo.cl\/portal\/wp-content\/uploads\/2014\/06\/Sonia2.jpg?resize=197%2C150&amp;ssl=1 197w, https:\/\/i0.wp.com\/eltrabajo.cl\/portal\/wp-content\/uploads\/2014\/06\/Sonia2.jpg?resize=300%2C227&amp;ssl=1 300w, https:\/\/i0.wp.com\/eltrabajo.cl\/portal\/wp-content\/uploads\/2014\/06\/Sonia2.jpg?resize=150%2C113&amp;ssl=1 150w, https:\/\/i0.wp.com\/eltrabajo.cl\/portal\/wp-content\/uploads\/2014\/06\/Sonia2.jpg?resize=400%2C303&amp;ssl=1 400w\" width=\"316\" height=\"240\" loading=\"lazy\" data-original-width=\"316\" data-original-height=\"240\" itemprop=\"http:\/\/schema.org\/image\" title=\"Sonia2\" alt=\"LOS ORGANIZADORES.- El clima fr\u00edo y lluvioso del Valle de Aconcagua no permiti\u00f3 que los motoqueros llegaran en sus imponentes motos, pero la gran fiesta que le ten\u00edan preparada a los ni\u00f1os del Hogar fue incre\u00edble.\" style=\"width: 316px; height: 240px;\" \/> <\/a> <div class=\"tiled-gallery-caption\" itemprop=\"caption description\"> LOS ORGANIZADORES.- El clima fr\u00edo y lluvioso del Valle de Aconcagua no permiti\u00f3 que los motoqueros llegaran en sus imponentes motos, pero la gran fiesta que le ten\u00edan preparada a los ni\u00f1os del Hogar fue incre\u00edble. <\/div> <\/div> <\/div> <!-- close group --> <\/div> <!-- close row --> <\/div>\n","protected":false},"excerpt":{"rendered":"<p>Este s\u00e1bado 6 se realiz\u00f3 un acto ben\u00e9fico por parte de un grupo de motoqueros santiaguinos llamado Harley for Kids, los cuales fueron en apoyo del hogar de menores Pablo Sexto, donde&#8230;<\/p>\n","protected":false},"author":482,"featured_media":47386,"comment_status":"open","ping_status":"closed","sticky":false,"template":"","format":"standard","meta":{"advanced_seo_description":"","jetpack_seo_html_title":"","jetpack_seo_noindex":false,"_jetpack_memberships_contains_paid_content":false,"footnotes":""},"categories":[1],"tags":[],"class_list":["post-47385","post","type-post","status-publish","format-standard","has-post-thumbnail","hentry","category-cronica"],"jetpack_featured_media_url":"https:\/\/i0.wp.com\/eltrabajo.cl\/portal\/wp-content\/uploads\/2014\/06\/Sonia3.jpg?fit=529%2C401&ssl=1","jetpack_sharing_enabled":true,"jetpack_likes_enabled":true,"jetpack-related-posts":[],"_links":{"self":[{"href":"https:\/\/eltrabajo.cl\/portal\/wp-json\/wp\/v2\/posts\/47385","targetHints":{"allow":["GET"]}}],"collection":[{"href":"https:\/\/eltrabajo.cl\/portal\/wp-json\/wp\/v2\/posts"}],"about":[{"href":"https:\/\/eltrabajo.cl\/portal\/wp-json\/wp\/v2\/types\/post"}],"author":[{"embeddable":true,"href":"https:\/\/eltrabajo.cl\/portal\/wp-json\/wp\/v2\/users\/482"}],"replies":[{"embeddable":true,"href":"https:\/\/eltrabajo.cl\/portal\/wp-json\/wp\/v2\/comments?post=47385"}],"version-history":[{"count":0,"href":"https:\/\/eltrabajo.cl\/portal\/wp-json\/wp\/v2\/posts\/47385\/revisions"}],"wp:featuredmedia":[{"embeddable":true,"href":"https:\/\/eltrabajo.cl\/portal\/wp-json\/wp\/v2\/media\/47386"}],"wp:attachment":[{"href":"https:\/\/eltrabajo.cl\/portal\/wp-json\/wp\/v2\/media?parent=47385"}],"wp:term":[{"taxonomy":"category","embeddable":true,"href":"https:\/\/eltrabajo.cl\/portal\/wp-json\/wp\/v2\/categories?post=47385"},{"taxonomy":"post_tag","embeddable":true,"href":"https:\/\/eltrabajo.cl\/portal\/wp-json\/wp\/v2\/tags?post=47385"}],"curies":[{"name":"wp","href":"https:\/\/api.w.org\/{rel}","templated":true}]}}