{"id":47391,"date":"2014-06-09T11:56:47","date_gmt":"2014-06-09T15:56:47","guid":{"rendered":"http:\/\/www.eltrabajo.cl\/portal\/?p=47391"},"modified":"2014-06-09T11:56:47","modified_gmt":"2014-06-09T15:56:47","slug":"tercera-cicletada-urbana-de-movimiento-ciclistas-furiosos-de-aconcagua","status":"publish","type":"post","link":"https:\/\/eltrabajo.cl\/portal\/tercera-cicletada-urbana-de-movimiento-ciclistas-furiosos-de-aconcagua\/","title":{"rendered":"Tercera Cicletada Urbana de Movimiento Ciclistas Furiosos de Aconcagua"},"content":{"rendered":"<p>&nbsp;<\/p>\n<figure id=\"attachment_47395\" aria-describedby=\"caption-attachment-47395\" style=\"width: 527px\" class=\"wp-caption alignnone\"><a href=\"https:\/\/i0.wp.com\/www.eltrabajo.cl\/portal\/wp-content\/uploads\/2014\/06\/Cicletada11.jpg\"><img data-recalc-dims=\"1\" loading=\"lazy\" decoding=\"async\" class=\"size-full wp-image-47395\" alt=\"VIENE OTRA.- La pr\u00f3xima Cicletada del Primer S\u00e1bado se efectuar\u00e1 el 5 de julio a las 15:00, justo un d\u00eda despu\u00e9s de que los estudiantes salgan de vacaciones de invierno.\" src=\"https:\/\/i0.wp.com\/www.eltrabajo.cl\/portal\/wp-content\/uploads\/2014\/06\/Cicletada11.jpg?resize=527%2C234\" width=\"527\" height=\"234\" srcset=\"https:\/\/i0.wp.com\/eltrabajo.cl\/portal\/wp-content\/uploads\/2014\/06\/Cicletada11.jpg?w=527&amp;ssl=1 527w, https:\/\/i0.wp.com\/eltrabajo.cl\/portal\/wp-content\/uploads\/2014\/06\/Cicletada11.jpg?resize=200%2C88&amp;ssl=1 200w, https:\/\/i0.wp.com\/eltrabajo.cl\/portal\/wp-content\/uploads\/2014\/06\/Cicletada11.jpg?resize=300%2C133&amp;ssl=1 300w, https:\/\/i0.wp.com\/eltrabajo.cl\/portal\/wp-content\/uploads\/2014\/06\/Cicletada11.jpg?resize=150%2C66&amp;ssl=1 150w, https:\/\/i0.wp.com\/eltrabajo.cl\/portal\/wp-content\/uploads\/2014\/06\/Cicletada11.jpg?resize=400%2C177&amp;ssl=1 400w\" sizes=\"auto, (max-width: 527px) 100vw, 527px\" \/><\/a><figcaption id=\"caption-attachment-47395\" class=\"wp-caption-text\">VIENE OTRA.- La pr\u00f3xima Cicletada del Primer S\u00e1bado se efectuar\u00e1 el 5 de julio a las 15:00, justo un d\u00eda despu\u00e9s de que los estudiantes salgan de vacaciones de invierno.<\/figcaption><\/figure>\n<p>A pesar del fr\u00edo, unos 40 ciclistas participaron del naciente circuito urbano que organiza la agrupaci\u00f3n Ciclistas furiosos de Aconcagua, intentando seguir la tendencia mundial de tomarse las calles un d\u00eda al mes. El recorrido al sonido de las campanillas, se hizo notar, esta vez por el centro de la ciudad, ya que por primera vez recorri\u00f3 las alamedas y la plaza de armas, con \u201cla intenci\u00f3n de ir ganando espacios\u201d, tal como lo se\u00f1alaron los organizadores.<\/p>\n<figure id=\"attachment_47393\" aria-describedby=\"caption-attachment-47393\" style=\"width: 370px\" class=\"wp-caption alignright\"><a href=\"https:\/\/i0.wp.com\/www.eltrabajo.cl\/portal\/wp-content\/uploads\/2014\/06\/Cicletada2.jpg\"><img data-recalc-dims=\"1\" loading=\"lazy\" decoding=\"async\" class=\" wp-image-47393  \" title=\"SANGRE CALIENTE.- A pesar del fr\u00edo, unos 40 ciclistas participaron del naciente circuito urbano que organiza la agrupaci\u00f3n Ciclistas furiosos de Aconcagua.\" alt=\"SANGRE CALIENTE.- A pesar del fr\u00edo, unos 40 ciclistas participaron del naciente circuito urbano que organiza la agrupaci\u00f3n Ciclistas furiosos de Aconcagua.\" src=\"https:\/\/i0.wp.com\/www.eltrabajo.cl\/portal\/wp-content\/uploads\/2014\/06\/Cicletada2.jpg?resize=370%2C249\" width=\"370\" height=\"249\" srcset=\"https:\/\/i0.wp.com\/eltrabajo.cl\/portal\/wp-content\/uploads\/2014\/06\/Cicletada2.jpg?w=528&amp;ssl=1 528w, https:\/\/i0.wp.com\/eltrabajo.cl\/portal\/wp-content\/uploads\/2014\/06\/Cicletada2.jpg?resize=200%2C134&amp;ssl=1 200w, https:\/\/i0.wp.com\/eltrabajo.cl\/portal\/wp-content\/uploads\/2014\/06\/Cicletada2.jpg?resize=300%2C202&amp;ssl=1 300w, https:\/\/i0.wp.com\/eltrabajo.cl\/portal\/wp-content\/uploads\/2014\/06\/Cicletada2.jpg?resize=150%2C101&amp;ssl=1 150w, https:\/\/i0.wp.com\/eltrabajo.cl\/portal\/wp-content\/uploads\/2014\/06\/Cicletada2.jpg?resize=400%2C269&amp;ssl=1 400w\" sizes=\"auto, (max-width: 370px) 100vw, 370px\" \/><\/a><figcaption id=\"caption-attachment-47393\" class=\"wp-caption-text\">SANGRE CALIENTE.- A pesar del fr\u00edo, unos 40 ciclistas participaron del naciente circuito urbano que organiza la agrupaci\u00f3n Ciclistas furiosos de Aconcagua.<\/figcaption><\/figure>\n<p>La convocatoria, que comenz\u00f3 tras el fatal atropello de una ciclista en la intersecci\u00f3n de Alameda Yungay y Chacabuco, ya se ha realizado tres veces cada primer s\u00e1bado del mes.<\/p>\n<p>En esta oportunidad los ciclistas desafiaron el fr\u00edo y las posibilidades de lluvia, para dar una se\u00f1al de que \u201cel transporte en bicicleta es inofensivo, limpio y saludable\u201d, como se\u00f1ala Pedro Mu\u00f1oz, uno de los organizadores. Para Enrique Contreras en tanto, \u201cesta es una muy buena oportunidad de decirle a la ciudad que se puede utilizar las calles para transitar en bicicleta. Por primera vez me siento seguro pedaleando por las alamedas, los automovilistas respetaban al grupo, e incluso solidarizaban con nuestra causa tocando sus bocinas. Pero no se nos olvida que la ciudad necesita de manera urgente una red de ciclov\u00edas para que los ciclistas podamos dejar el auto en casa y de alguna manera ayudar a descongestionar la ciudad\u201d.<\/p>\n<p>Algunas de las participantes que se un\u00edan por primera vez, como Mar\u00eda Cristina Arriagada, dijeron sentirse felices por el grupo, las intenciones que ve en \u00e9l y el efecto que esta actividad tiene en la comunidad.<\/p>\n<p>El Concejal Ricardo Covarrubias es conocido en la ciudad por no andar en autom\u00f3vil, sino en su \u2018chancha\u2019. Particip\u00f3 de esta versi\u00f3n de la Cicletada del Primer S\u00e1bado y aprovech\u00f3 de explicar a los participantes en qu\u00e9 consistir\u00e1 el proyecto de las 300 bicicletas urbanas que llegar\u00e1n a la ciudad en el mes de julio. \u201cClaramente en San Felipe se necesitan m\u00e1s espacios y mejores condiciones para que las bicicletas reemplacen al autom\u00f3vil. Tenemos una ciudad plana en t\u00e9rminos de calles, y todav\u00eda relativamente segura en t\u00e9rminos viales. Pero vemos c\u00f3mo se va transformando de a poco esto en un caos, y para no llegar a eso es que hay que incentivar el uso de la bicicleta. Yo estoy muy feliz de haber participado en esta actividad y con este grupo tan entusiasta a pesar del fr\u00edo\u201d.<\/p>\n<p>Finalmente Pedro Mu\u00f1oz se\u00f1al\u00f3 que \u201cmientras no existan esas ciclov\u00edas y el parque automotriz siga creciendo, cada vez es m\u00e1s peligroso el uso de la bicicleta, lo que es una derrota para las ciudades porque, insisto, no existe medio de transporte m\u00e1s limpio, inofensivo y saludable, que la bicicleta. Pueden pasar los a\u00f1os y los ni\u00f1os siguen pidiendo bicicletas para Navidad, el problema es que no tienen d\u00f3nde usarlas de manera segura. De ah\u00ed la necesidad de ciclov\u00edas que permitan un acercamiento menos da\u00f1ino al centro. Estamos reci\u00e9n comenzando, y estamos seguros que esta iniciativa tendr\u00e1 cada vez mejor acogida\u201d.<\/p>\n<p>La pr\u00f3xima Cicletada del Primer S\u00e1bado se efectuar\u00e1 el 5 de julio a las 15:00, justo un d\u00eda despu\u00e9s de que los estudiantes salgan de vacaciones de invierno, por lo que los organizadores ya est\u00e1n invitando a las familias aconcag\u00fcinas a sumarse a la iniciativa. El Grupo de Facebook del movimiento es Ciclistas Furiosos Aconcagua.<\/p>\n<p>&nbsp;<\/p>\n","protected":false},"excerpt":{"rendered":"<p>&nbsp; A pesar del fr\u00edo, unos 40 ciclistas participaron del naciente circuito urbano que organiza la agrupaci\u00f3n Ciclistas furiosos de Aconcagua, intentando seguir la tendencia mundial de tomarse las calles un d\u00eda&#8230;<\/p>\n","protected":false},"author":482,"featured_media":47392,"comment_status":"open","ping_status":"closed","sticky":false,"template":"","format":"standard","meta":{"advanced_seo_description":"","jetpack_seo_html_title":"","jetpack_seo_noindex":false,"_jetpack_memberships_contains_paid_content":false,"footnotes":""},"categories":[15],"tags":[],"class_list":["post-47391","post","type-post","status-publish","format-standard","has-post-thumbnail","hentry","category-comunidad"],"jetpack_featured_media_url":"https:\/\/i0.wp.com\/eltrabajo.cl\/portal\/wp-content\/uploads\/2014\/06\/Cicletada1.jpg?fit=527%2C234&ssl=1","jetpack_sharing_enabled":true,"jetpack_likes_enabled":true,"jetpack-related-posts":[],"_links":{"self":[{"href":"https:\/\/eltrabajo.cl\/portal\/wp-json\/wp\/v2\/posts\/47391","targetHints":{"allow":["GET"]}}],"collection":[{"href":"https:\/\/eltrabajo.cl\/portal\/wp-json\/wp\/v2\/posts"}],"about":[{"href":"https:\/\/eltrabajo.cl\/portal\/wp-json\/wp\/v2\/types\/post"}],"author":[{"embeddable":true,"href":"https:\/\/eltrabajo.cl\/portal\/wp-json\/wp\/v2\/users\/482"}],"replies":[{"embeddable":true,"href":"https:\/\/eltrabajo.cl\/portal\/wp-json\/wp\/v2\/comments?post=47391"}],"version-history":[{"count":0,"href":"https:\/\/eltrabajo.cl\/portal\/wp-json\/wp\/v2\/posts\/47391\/revisions"}],"wp:featuredmedia":[{"embeddable":true,"href":"https:\/\/eltrabajo.cl\/portal\/wp-json\/wp\/v2\/media\/47392"}],"wp:attachment":[{"href":"https:\/\/eltrabajo.cl\/portal\/wp-json\/wp\/v2\/media?parent=47391"}],"wp:term":[{"taxonomy":"category","embeddable":true,"href":"https:\/\/eltrabajo.cl\/portal\/wp-json\/wp\/v2\/categories?post=47391"},{"taxonomy":"post_tag","embeddable":true,"href":"https:\/\/eltrabajo.cl\/portal\/wp-json\/wp\/v2\/tags?post=47391"}],"curies":[{"name":"wp","href":"https:\/\/api.w.org\/{rel}","templated":true}]}}