{"id":47400,"date":"2014-06-09T12:00:31","date_gmt":"2014-06-09T16:00:31","guid":{"rendered":"http:\/\/www.eltrabajo.cl\/portal\/?p=47400"},"modified":"2014-06-09T12:00:31","modified_gmt":"2014-06-09T16:00:31","slug":"incorporan-dos-sectores-de-san-felipe-al-programa-quiero-mi-barrio","status":"publish","type":"post","link":"https:\/\/eltrabajo.cl\/portal\/incorporan-dos-sectores-de-san-felipe-al-programa-quiero-mi-barrio\/","title":{"rendered":"Incorporan dos sectores de San Felipe al Programa Quiero mi Barrio"},"content":{"rendered":"<figure id=\"attachment_47401\" aria-describedby=\"caption-attachment-47401\" style=\"width: 529px\" class=\"wp-caption alignnone\"><a href=\"https:\/\/i0.wp.com\/www.eltrabajo.cl\/portal\/wp-content\/uploads\/2014\/06\/Barrios1.jpg\"><img data-recalc-dims=\"1\" loading=\"lazy\" decoding=\"async\" class=\"size-full wp-image-47401\" alt=\"El anuncio lo realiz\u00f3 la Presidente Michelle Bachelet este viernes y contempla una inversi\u00f3n de alrededor de $1.700 millones.\" src=\"https:\/\/i0.wp.com\/www.eltrabajo.cl\/portal\/wp-content\/uploads\/2014\/06\/Barrios1.jpg?resize=529%2C401\" width=\"529\" height=\"401\" srcset=\"https:\/\/i0.wp.com\/eltrabajo.cl\/portal\/wp-content\/uploads\/2014\/06\/Barrios1.jpg?w=529&amp;ssl=1 529w, https:\/\/i0.wp.com\/eltrabajo.cl\/portal\/wp-content\/uploads\/2014\/06\/Barrios1.jpg?resize=197%2C150&amp;ssl=1 197w, https:\/\/i0.wp.com\/eltrabajo.cl\/portal\/wp-content\/uploads\/2014\/06\/Barrios1.jpg?resize=300%2C227&amp;ssl=1 300w, https:\/\/i0.wp.com\/eltrabajo.cl\/portal\/wp-content\/uploads\/2014\/06\/Barrios1.jpg?resize=150%2C113&amp;ssl=1 150w, https:\/\/i0.wp.com\/eltrabajo.cl\/portal\/wp-content\/uploads\/2014\/06\/Barrios1.jpg?resize=400%2C303&amp;ssl=1 400w\" sizes=\"auto, (max-width: 529px) 100vw, 529px\" \/><\/a><figcaption id=\"caption-attachment-47401\" class=\"wp-caption-text\">El anuncio lo realiz\u00f3 la Presidente Michelle Bachelet este viernes y contempla una inversi\u00f3n de alrededor de $1.700 millones.<\/figcaption><\/figure>\n<p>Dos barrios de San Felipe fueron beneficiados con un importante mejoramiento dentro del Programa Quiero mi barrio, una muy buena noticia para la comuna que fue anunciada por la Presidente Michelle Bachelet este viernes en el marco de las 50 medidas a ejecutar en los primeros 100 d\u00edas de mandato. A nivel nacional se buscaba incorporar a alrededor de 200 sectores al Programa Quiero mi barrio, que ya se ejecuta en el pa\u00eds y precisamente en el anuncio realizado por la mandataria fueron incorporados en el programa los sectores de La Escuadra-Villa Argelia, a los que se suman la Villa 250 A\u00f1os, Villa Industrial, Poblaci\u00f3n Sol Naciente y Villa Renacer, que fueron beneficiadas a nivel de postulaci\u00f3n de Barrio de inter\u00e9s regional.<\/p>\n<p><strong>\u00a0ES MILLONARIA\u00a0UNA INICIATIVA<\/strong><\/p>\n<p>El Alcalde Patricio Freire se mostr\u00f3 muy contento con el resultado de estas postulaciones, se\u00f1alando que esta es la muestra del trabajo de los equipos municipales que han desarrollado los proyectos.<\/p>\n<p>\u201cHoy d\u00eda este anuncio de la Presidenta Michelle Bachelet nos deja muy contentos, la inversi\u00f3n es de alrededor de $1.600 millones, al salir favorecidas alrededor de seis villas. El mejoramiento de estos sectores es una necesidad de los vecinos, hoy d\u00eda necesitamos levantar estos barrios, que los vecinos tengan una mejor calidad de vida, mejorando la iluminaci\u00f3n, las calles, temas que son de prioridad para nosotros\u201d, dijo el Alcalde Freire.<\/p>\n<p>Todos estos barrios fueron postulados por la Municipalidad de San Felipe al Programa de Recuperaci\u00f3n de barrios del Minvu, comprendiendo en el sector de La Escuadra-Argelia 377 viviendas, proyecto que en este sector alcanza una inversi\u00f3n de $650 millones y el \u00e1rea de Villa 250 A\u00f1os, que comprende varias poblaciones con 549 viviendas y que contempla una inversi\u00f3n de $950 millones.<\/p>\n<p>El Alcalde Freire junto a su equipo de trabajo y el Gobernador Eduardo Le\u00f3n, se trasladaron hasta Villa 250 A\u00f1os para reunirse con los vecinos e informar sobre estas iniciativas, destacando los residentes del sector la importancia de los proyectos.<\/p>\n<p>\u201cEste anuncio es una alegr\u00eda total, porque ven\u00edamos trabajando en conjunto, el apoyo lo tenemos 100% del gobernador y del alcalde han estado trabajando bien con nosotros, en terreno, en las sedes escuchando a la gente, entonces un anuncio que se va a incrementar m\u00e1s recursos a la poblaci\u00f3n y se va a mejorar lo que la gente necesita es alegr\u00eda total para los vecinos, esto va a mejorar la calidad de vida de una poblaci\u00f3n que estaba totalmente abandonada\u201d, dijo Giovanni Irarr\u00e1zabal.<\/p>\n<p>El jefe comunal agradeci\u00f3 el apoyo que recibi\u00f3 de los parlamentarios, especialmente del Diputado Marco Antonio N\u00fa\u00f1ez y del Senador Ignacio Walker, quienes realizaron las gestiones necesarias para lograr la aprobaci\u00f3n de estos proyectos.<\/p>\n<p>&nbsp;<\/p>\n","protected":false},"excerpt":{"rendered":"<p>Dos barrios de San Felipe fueron beneficiados con un importante mejoramiento dentro del Programa Quiero mi barrio, una muy buena noticia para la comuna que fue anunciada por la Presidente Michelle Bachelet&#8230;<\/p>\n","protected":false},"author":482,"featured_media":47401,"comment_status":"open","ping_status":"closed","sticky":false,"template":"","format":"standard","meta":{"advanced_seo_description":"","jetpack_seo_html_title":"","jetpack_seo_noindex":false,"_jetpack_memberships_contains_paid_content":false,"footnotes":""},"categories":[1],"tags":[],"class_list":["post-47400","post","type-post","status-publish","format-standard","has-post-thumbnail","hentry","category-cronica"],"jetpack_featured_media_url":"https:\/\/i0.wp.com\/eltrabajo.cl\/portal\/wp-content\/uploads\/2014\/06\/Barrios1.jpg?fit=529%2C401&ssl=1","jetpack_sharing_enabled":true,"jetpack_likes_enabled":true,"jetpack-related-posts":[],"_links":{"self":[{"href":"https:\/\/eltrabajo.cl\/portal\/wp-json\/wp\/v2\/posts\/47400","targetHints":{"allow":["GET"]}}],"collection":[{"href":"https:\/\/eltrabajo.cl\/portal\/wp-json\/wp\/v2\/posts"}],"about":[{"href":"https:\/\/eltrabajo.cl\/portal\/wp-json\/wp\/v2\/types\/post"}],"author":[{"embeddable":true,"href":"https:\/\/eltrabajo.cl\/portal\/wp-json\/wp\/v2\/users\/482"}],"replies":[{"embeddable":true,"href":"https:\/\/eltrabajo.cl\/portal\/wp-json\/wp\/v2\/comments?post=47400"}],"version-history":[{"count":0,"href":"https:\/\/eltrabajo.cl\/portal\/wp-json\/wp\/v2\/posts\/47400\/revisions"}],"wp:featuredmedia":[{"embeddable":true,"href":"https:\/\/eltrabajo.cl\/portal\/wp-json\/wp\/v2\/media\/47401"}],"wp:attachment":[{"href":"https:\/\/eltrabajo.cl\/portal\/wp-json\/wp\/v2\/media?parent=47400"}],"wp:term":[{"taxonomy":"category","embeddable":true,"href":"https:\/\/eltrabajo.cl\/portal\/wp-json\/wp\/v2\/categories?post=47400"},{"taxonomy":"post_tag","embeddable":true,"href":"https:\/\/eltrabajo.cl\/portal\/wp-json\/wp\/v2\/tags?post=47400"}],"curies":[{"name":"wp","href":"https:\/\/api.w.org\/{rel}","templated":true}]}}