{"id":47431,"date":"2014-06-10T09:35:18","date_gmt":"2014-06-10T13:35:18","guid":{"rendered":"http:\/\/www.eltrabajo.cl\/portal\/?p=47431"},"modified":"2014-06-10T09:35:18","modified_gmt":"2014-06-10T13:35:18","slug":"en-puente-cimbra-estudiantes-celebraron-el-dia-del-medio-ambiente","status":"publish","type":"post","link":"https:\/\/eltrabajo.cl\/portal\/en-puente-cimbra-estudiantes-celebraron-el-dia-del-medio-ambiente\/","title":{"rendered":"En Puente Cimbra estudiantes celebraron el D\u00eda del Medio Ambiente"},"content":{"rendered":"<figure id=\"attachment_47432\" aria-describedby=\"caption-attachment-47432\" style=\"width: 529px\" class=\"wp-caption alignnone\"><a href=\"https:\/\/i0.wp.com\/www.eltrabajo.cl\/portal\/wp-content\/uploads\/2014\/06\/Medioambiente1.jpg\"><img data-recalc-dims=\"1\" loading=\"lazy\" decoding=\"async\" class=\"size-full wp-image-47432\" alt=\"Esta iniciativa procura consolidar un grupo de j\u00f3venes estudiantes interesados en el patrimonio local.\" src=\"https:\/\/i0.wp.com\/www.eltrabajo.cl\/portal\/wp-content\/uploads\/2014\/06\/Medioambiente1.jpg?resize=529%2C317\" width=\"529\" height=\"317\" srcset=\"https:\/\/i0.wp.com\/eltrabajo.cl\/portal\/wp-content\/uploads\/2014\/06\/Medioambiente1.jpg?w=529&amp;ssl=1 529w, https:\/\/i0.wp.com\/eltrabajo.cl\/portal\/wp-content\/uploads\/2014\/06\/Medioambiente1.jpg?resize=200%2C119&amp;ssl=1 200w, https:\/\/i0.wp.com\/eltrabajo.cl\/portal\/wp-content\/uploads\/2014\/06\/Medioambiente1.jpg?resize=300%2C179&amp;ssl=1 300w, https:\/\/i0.wp.com\/eltrabajo.cl\/portal\/wp-content\/uploads\/2014\/06\/Medioambiente1.jpg?resize=150%2C89&amp;ssl=1 150w, https:\/\/i0.wp.com\/eltrabajo.cl\/portal\/wp-content\/uploads\/2014\/06\/Medioambiente1.jpg?resize=400%2C239&amp;ssl=1 400w\" sizes=\"auto, (max-width: 529px) 100vw, 529px\" \/><\/a><figcaption id=\"caption-attachment-47432\" class=\"wp-caption-text\">Esta iniciativa procura consolidar un grupo de j\u00f3venes estudiantes interesados en el patrimonio local.Esta iniciativa procura consolidar un grupo de j\u00f3venes estudiantes interesados en el patrimonio local.<\/figcaption><\/figure>\n<p><strong>PUTAENDO<\/strong>.- Con motivo de la conmemoraci\u00f3n del D\u00eda Mundial del Medio Ambiente y en el marco del Taller de Patrimonio Cultural y Natural que se desarrollar\u00e1 durante los meses de invierno por la Oficina de Patrimonio y Medio Ambiente de la Municipalidad de Putaendo y del Profesor Orientador V\u00edctor Henr\u00edquez del Liceo Manuel Mar\u00edn Fritis, estudiantes de octavo, primero y segundo medio, se trasladaron esta ma\u00f1ana al predio que colinda con el antiguo \u2018Puente Cimbra\u2019 de la comuna de Putaendo.<\/p>\n<p>El objetivo de esta intervenci\u00f3n es que los estudiantes entren en contacto con la problem\u00e1tica que afecta a este espacio emblem\u00e1tico de nuestra comuna, as\u00ed como tambi\u00e9n tomen conocimiento de los proyectos a futuro que se espera desarrollar en el lugar.<\/p>\n<p>El taller que enmarc\u00f3 dicha actividad procuraba construir desde el aula un espacio de participaci\u00f3n y conocimiento de nuestros j\u00f3venes en temas y proyectos relacionadas con el patrimonio cultural local. Existe la certeza que la base fundamental para la conservaci\u00f3n, protecci\u00f3n y valoraci\u00f3n del patrimonio natural es predominantemente social, y depende en gran medida del conocimiento y la apropiaci\u00f3n que las personas tienen del mismo. Los estudiantes junto a algunos profesores hicieron un recorrido recogiendo elementos no degradables botados el \u00e1rea, as\u00ed como tambi\u00e9n un reconocimiento de las especies nativas y en peligro de extinci\u00f3n presentes en el predio.<\/p>\n<p>Ser\u00e1n part\u00edcipes del proyecto de reforestaci\u00f3n que se proyecta realizar pasado el invierno, as\u00ed como tambi\u00e9n del acondicionamiento y cuidado a futuro que el predio requerir\u00e1 luego de ser incorporados las nuevas especies de \u00e1rboles. De manera conjunta a los aspectos de valor paisaj\u00edstico y patrimonio natural, trabajaremos en este taller un relato oral y fotogr\u00e1fico del Puente de Cimbra, ubicado en este predio que el municipio proyecta sea una continuaci\u00f3n del parque municipal.<\/p>\n<p>Esta iniciativa procura consolidar un grupo de j\u00f3venes estudiantes interesados en el patrimonio local, los cu\u00e1les al finalizar el mismo, ser\u00e1n part\u00edcipes y difusores del rico patrimonio cultural y natural que posee nuestra comuna. Porque el medio ambiente es tarea de todos, los invitamos a sumarse a este desaf\u00edo cuyo inicio simb\u00f3lico se dio hoy d\u00eda.<\/p>\n<p>Patricio Gallardo M.<\/p>\n<p>&nbsp;<\/p>\n","protected":false},"excerpt":{"rendered":"<p>PUTAENDO.- Con motivo de la conmemoraci\u00f3n del D\u00eda Mundial del Medio Ambiente y en el marco del Taller de Patrimonio Cultural y Natural que se desarrollar\u00e1 durante los meses de invierno por&#8230;<\/p>\n","protected":false},"author":482,"featured_media":47432,"comment_status":"open","ping_status":"closed","sticky":false,"template":"","format":"standard","meta":{"advanced_seo_description":"","jetpack_seo_html_title":"","jetpack_seo_noindex":false,"_jetpack_memberships_contains_paid_content":false,"footnotes":""},"categories":[15],"tags":[],"class_list":["post-47431","post","type-post","status-publish","format-standard","has-post-thumbnail","hentry","category-comunidad"],"jetpack_featured_media_url":"https:\/\/i0.wp.com\/eltrabajo.cl\/portal\/wp-content\/uploads\/2014\/06\/Medioambiente1.jpg?fit=529%2C317&ssl=1","jetpack_sharing_enabled":true,"jetpack_likes_enabled":true,"jetpack-related-posts":[],"_links":{"self":[{"href":"https:\/\/eltrabajo.cl\/portal\/wp-json\/wp\/v2\/posts\/47431","targetHints":{"allow":["GET"]}}],"collection":[{"href":"https:\/\/eltrabajo.cl\/portal\/wp-json\/wp\/v2\/posts"}],"about":[{"href":"https:\/\/eltrabajo.cl\/portal\/wp-json\/wp\/v2\/types\/post"}],"author":[{"embeddable":true,"href":"https:\/\/eltrabajo.cl\/portal\/wp-json\/wp\/v2\/users\/482"}],"replies":[{"embeddable":true,"href":"https:\/\/eltrabajo.cl\/portal\/wp-json\/wp\/v2\/comments?post=47431"}],"version-history":[{"count":0,"href":"https:\/\/eltrabajo.cl\/portal\/wp-json\/wp\/v2\/posts\/47431\/revisions"}],"wp:featuredmedia":[{"embeddable":true,"href":"https:\/\/eltrabajo.cl\/portal\/wp-json\/wp\/v2\/media\/47432"}],"wp:attachment":[{"href":"https:\/\/eltrabajo.cl\/portal\/wp-json\/wp\/v2\/media?parent=47431"}],"wp:term":[{"taxonomy":"category","embeddable":true,"href":"https:\/\/eltrabajo.cl\/portal\/wp-json\/wp\/v2\/categories?post=47431"},{"taxonomy":"post_tag","embeddable":true,"href":"https:\/\/eltrabajo.cl\/portal\/wp-json\/wp\/v2\/tags?post=47431"}],"curies":[{"name":"wp","href":"https:\/\/api.w.org\/{rel}","templated":true}]}}