{"id":47434,"date":"2014-06-10T09:36:43","date_gmt":"2014-06-10T13:36:43","guid":{"rendered":"http:\/\/www.eltrabajo.cl\/portal\/?p=47434"},"modified":"2014-06-10T09:36:43","modified_gmt":"2014-06-10T13:36:43","slug":"realizan-en-escuela-de-jahuelito-ceremonia-de-entrega-de-expediente","status":"publish","type":"post","link":"https:\/\/eltrabajo.cl\/portal\/realizan-en-escuela-de-jahuelito-ceremonia-de-entrega-de-expediente\/","title":{"rendered":"Realizan en escuela de Jahuelito ceremonia de Entrega de Expediente"},"content":{"rendered":"<figure id=\"attachment_47435\" aria-describedby=\"caption-attachment-47435\" style=\"width: 528px\" class=\"wp-caption alignnone\"><a href=\"https:\/\/i0.wp.com\/www.eltrabajo.cl\/portal\/wp-content\/uploads\/2014\/06\/Humedales1.jpg\"><img data-recalc-dims=\"1\" loading=\"lazy\" decoding=\"async\" class=\"size-full wp-image-47435\" alt=\"En la Escuela Julio Tejedor Z\u00fa\u00f1iga de Jahuelito, se llev\u00f3 a cabo la ceremonia de Entrega de Expediente del \u2018Proyecto Plan Ordenamiento Territorial para la Conservaci\u00f3n y Preservaci\u00f3n del Ecosistema El Zaino-Humedal Laguna Cop\u00edn, comuna de Santa Mar\u00eda\u2019. \" src=\"https:\/\/i0.wp.com\/www.eltrabajo.cl\/portal\/wp-content\/uploads\/2014\/06\/Humedales1.jpg?resize=528%2C239\" width=\"528\" height=\"239\" srcset=\"https:\/\/i0.wp.com\/eltrabajo.cl\/portal\/wp-content\/uploads\/2014\/06\/Humedales1.jpg?w=528&amp;ssl=1 528w, https:\/\/i0.wp.com\/eltrabajo.cl\/portal\/wp-content\/uploads\/2014\/06\/Humedales1.jpg?resize=200%2C90&amp;ssl=1 200w, https:\/\/i0.wp.com\/eltrabajo.cl\/portal\/wp-content\/uploads\/2014\/06\/Humedales1.jpg?resize=300%2C135&amp;ssl=1 300w, https:\/\/i0.wp.com\/eltrabajo.cl\/portal\/wp-content\/uploads\/2014\/06\/Humedales1.jpg?resize=150%2C67&amp;ssl=1 150w, https:\/\/i0.wp.com\/eltrabajo.cl\/portal\/wp-content\/uploads\/2014\/06\/Humedales1.jpg?resize=400%2C181&amp;ssl=1 400w\" sizes=\"auto, (max-width: 528px) 100vw, 528px\" \/><\/a><figcaption id=\"caption-attachment-47435\" class=\"wp-caption-text\">En la Escuela Julio Tejedor Z\u00fa\u00f1iga de Jahuelito, se llev\u00f3 a cabo la ceremonia de Entrega de Expediente del \u2018Proyecto Plan Ordenamiento Territorial para la Conservaci\u00f3n y Preservaci\u00f3n del Ecosistema El Zaino-Humedal Laguna Cop\u00edn, comuna de Santa Mar\u00eda\u2019.<\/figcaption><\/figure>\n<p><strong>SANTA MAR\u00cdA<\/strong>.- En la Escuela Julio Tejedor Z\u00fa\u00f1iga de Jahuelito, se llev\u00f3 a cabo la ceremonia de Entrega de Expediente del \u2018Proyecto Plan Ordenamiento Territorial para la Conservaci\u00f3n y Preservaci\u00f3n del Ecosistema El Zaino-Humedal Laguna Cop\u00edn, comuna de Santa Mar\u00eda\u2019.<\/p>\n<figure id=\"attachment_47436\" aria-describedby=\"caption-attachment-47436\" style=\"width: 370px\" class=\"wp-caption alignright\"><a href=\"https:\/\/i0.wp.com\/www.eltrabajo.cl\/portal\/wp-content\/uploads\/2014\/06\/Humedales2.jpg\"><img data-recalc-dims=\"1\" loading=\"lazy\" decoding=\"async\" class=\" wp-image-47436 \" alt=\"Posan para nuestras c\u00e1maras el Gobernador Eduardo Le\u00f3n; Concejal Eloy Ibacache; Alcalde Claudio Zurita; Seremi de Medio Ambiente Tania Bertoglio; Rub\u00e9n Mu\u00f1oz de Comunidad de Campo; Roberto Mercado Apoyo T\u00e9cnico Medio Ambiente y Hanny Sucker del Ciem Aconcagua.\" src=\"https:\/\/i0.wp.com\/www.eltrabajo.cl\/portal\/wp-content\/uploads\/2014\/06\/Humedales2.jpg?resize=370%2C284\" width=\"370\" height=\"284\" srcset=\"https:\/\/i0.wp.com\/eltrabajo.cl\/portal\/wp-content\/uploads\/2014\/06\/Humedales2.jpg?w=529&amp;ssl=1 529w, https:\/\/i0.wp.com\/eltrabajo.cl\/portal\/wp-content\/uploads\/2014\/06\/Humedales2.jpg?resize=195%2C150&amp;ssl=1 195w, https:\/\/i0.wp.com\/eltrabajo.cl\/portal\/wp-content\/uploads\/2014\/06\/Humedales2.jpg?resize=300%2C230&amp;ssl=1 300w, https:\/\/i0.wp.com\/eltrabajo.cl\/portal\/wp-content\/uploads\/2014\/06\/Humedales2.jpg?resize=150%2C115&amp;ssl=1 150w, https:\/\/i0.wp.com\/eltrabajo.cl\/portal\/wp-content\/uploads\/2014\/06\/Humedales2.jpg?resize=400%2C306&amp;ssl=1 400w\" sizes=\"auto, (max-width: 370px) 100vw, 370px\" \/><\/a><figcaption id=\"caption-attachment-47436\" class=\"wp-caption-text\">Posan para nuestras c\u00e1maras el Gobernador Eduardo Le\u00f3n; Concejal Eloy Ibacache; Alcalde Claudio Zurita; Seremi de Medio Ambiente Tania Bertoglio; Rub\u00e9n Mu\u00f1oz de Comunidad de Campo; Roberto Mercado Apoyo T\u00e9cnico Medio Ambiente y Hanny Sucker del Ciem Aconcagua.<\/figcaption><\/figure>\n<p>A la actividad asistieron la Secretaria Regional Ministerial de Medio Ambiente, Tania Bertoglio Caballero; el Gobernador de la Provincia de San Felipe Eduardo Le\u00f3n; el Alcalde Claudio Zurita Ibarra; el Presidente de la Comunidad de Campo Rub\u00e9n Mu\u00f1oz; el Presidente de la Corporaci\u00f3n Ciem Aconcagua Jaime Ahumada, Concejales de Municipalidad de Santa Mar\u00eda; jefes de departamentos y vecinos del sector, adem\u00e1s de la directora anfitriona del evento, Pamela Silva y la Directora de la Escuela David del Curto de Santa Filomena, Jessica Meza.<\/p>\n<p>El objetivo principal de este expediente es decretar al Ecosistema El Zaino-Humedal Laguna Cop\u00edn como Santuario de la Naturaleza, para ello profesionales del Ciem Aconcagua han utilizado argumentos arqueol\u00f3gicos, biol\u00f3gicos, hist\u00f3ricos, flora, fauna, paisaje, geograf\u00eda y antropolog\u00eda, de manera que este documento constituya una herramienta t\u00e9cnica v\u00e1lida en este proceso. En su confecci\u00f3n se ha involucrado adem\u00e1s fuertemente a la comunidad en talleres participativos, en una combinaci\u00f3n de aspectos t\u00e9cnicos con aquellos de car\u00e1cter patrimonial y representativo.<\/p>\n<p>La Seremi de Medio Ambiente manifest\u00f3 su compromiso y el de su gobierno con esta importante iniciativa, respecto al trabajo y participaci\u00f3n de las organizaciones y los vecinos del sector se\u00f1al\u00f3 que \u201chay que poner un valor y destacar que efectivamente la ciudadan\u00eda empoderada a tratado de rescatar este hermoso lugar para declararlo santuario de la naturaleza y eso es una tremenda labor de la gente\u201d.<\/p>\n<p>El Alcalde Claudio Zurita se mostr\u00f3 \u201cmuy contento, porque nos unimos todos los actores principales, organizaciones, vecinos, municipalidad, dirigentes , autoridades de gobierno, trabajando juntos por la protecci\u00f3n del medio ambiente, porque no est\u00e1 en juego solo una zona geogr\u00e1fica hermosa con un bio-sistema \u00fanico, est\u00e1 tambi\u00e9n en juego la vida y el futuro de muchas familias, sus esfuerzos, sus sue\u00f1os y sus esperanzas, debido a las napas que alimentan de agua al sector, por ello quiero reiterar nuestro compromiso con toda la comunidad al decir que vamos a hacer todo lo humanamente necesario en base a la normativa hasta proteger definitivamente el Humedal del Zaino y el Sector de El Cop\u00edn\u201d.<\/p>\n<p>Luego de la Entrega del Expediente, las autoridades se dirigieron hasta el sector El Zaino, donde hicieron un recorrido por el humedal y por los diferentes sectores en v\u00edas de protecci\u00f3n incluidos en este documento.<\/p>\n<p>&nbsp;<\/p>\n","protected":false},"excerpt":{"rendered":"<p>SANTA MAR\u00cdA.- En la Escuela Julio Tejedor Z\u00fa\u00f1iga de Jahuelito, se llev\u00f3 a cabo la ceremonia de Entrega de Expediente del \u2018Proyecto Plan Ordenamiento Territorial para la Conservaci\u00f3n y Preservaci\u00f3n del Ecosistema&#8230;<\/p>\n","protected":false},"author":482,"featured_media":47435,"comment_status":"open","ping_status":"closed","sticky":false,"template":"","format":"standard","meta":{"advanced_seo_description":"","jetpack_seo_html_title":"","jetpack_seo_noindex":false,"_jetpack_memberships_contains_paid_content":false,"footnotes":""},"categories":[1],"tags":[],"class_list":["post-47434","post","type-post","status-publish","format-standard","has-post-thumbnail","hentry","category-cronica"],"jetpack_featured_media_url":"https:\/\/i0.wp.com\/eltrabajo.cl\/portal\/wp-content\/uploads\/2014\/06\/Humedales1.jpg?fit=528%2C239&ssl=1","jetpack_sharing_enabled":true,"jetpack_likes_enabled":true,"jetpack-related-posts":[],"_links":{"self":[{"href":"https:\/\/eltrabajo.cl\/portal\/wp-json\/wp\/v2\/posts\/47434","targetHints":{"allow":["GET"]}}],"collection":[{"href":"https:\/\/eltrabajo.cl\/portal\/wp-json\/wp\/v2\/posts"}],"about":[{"href":"https:\/\/eltrabajo.cl\/portal\/wp-json\/wp\/v2\/types\/post"}],"author":[{"embeddable":true,"href":"https:\/\/eltrabajo.cl\/portal\/wp-json\/wp\/v2\/users\/482"}],"replies":[{"embeddable":true,"href":"https:\/\/eltrabajo.cl\/portal\/wp-json\/wp\/v2\/comments?post=47434"}],"version-history":[{"count":0,"href":"https:\/\/eltrabajo.cl\/portal\/wp-json\/wp\/v2\/posts\/47434\/revisions"}],"wp:featuredmedia":[{"embeddable":true,"href":"https:\/\/eltrabajo.cl\/portal\/wp-json\/wp\/v2\/media\/47435"}],"wp:attachment":[{"href":"https:\/\/eltrabajo.cl\/portal\/wp-json\/wp\/v2\/media?parent=47434"}],"wp:term":[{"taxonomy":"category","embeddable":true,"href":"https:\/\/eltrabajo.cl\/portal\/wp-json\/wp\/v2\/categories?post=47434"},{"taxonomy":"post_tag","embeddable":true,"href":"https:\/\/eltrabajo.cl\/portal\/wp-json\/wp\/v2\/tags?post=47434"}],"curies":[{"name":"wp","href":"https:\/\/api.w.org\/{rel}","templated":true}]}}