{"id":47439,"date":"2014-06-10T09:37:48","date_gmt":"2014-06-10T13:37:48","guid":{"rendered":"http:\/\/www.eltrabajo.cl\/portal\/?p=47439"},"modified":"2014-06-10T09:37:48","modified_gmt":"2014-06-10T13:37:48","slug":"llayllainos-apuestan-todas-sus-fichas-al-medioambiente","status":"publish","type":"post","link":"https:\/\/eltrabajo.cl\/portal\/llayllainos-apuestan-todas-sus-fichas-al-medioambiente\/","title":{"rendered":"Llaylla\u00ednos apuestan todas sus fichas al medioambiente"},"content":{"rendered":"<figure id=\"attachment_47440\" aria-describedby=\"caption-attachment-47440\" style=\"width: 317px\" class=\"wp-caption alignleft\"><a href=\"https:\/\/i0.wp.com\/www.eltrabajo.cl\/portal\/wp-content\/uploads\/2014\/06\/Mario-Marillanca.jpg\"><img data-recalc-dims=\"1\" loading=\"lazy\" decoding=\"async\" class=\" wp-image-47440 \" alt=\"Alcalde de Llay Llay, Mario Marillanca.\" src=\"https:\/\/i0.wp.com\/www.eltrabajo.cl\/portal\/wp-content\/uploads\/2014\/06\/Mario-Marillanca.jpg?resize=317%2C322\" width=\"317\" height=\"322\" srcset=\"https:\/\/i0.wp.com\/eltrabajo.cl\/portal\/wp-content\/uploads\/2014\/06\/Mario-Marillanca.jpg?w=529&amp;ssl=1 529w, https:\/\/i0.wp.com\/eltrabajo.cl\/portal\/wp-content\/uploads\/2014\/06\/Mario-Marillanca.jpg?resize=147%2C150&amp;ssl=1 147w, https:\/\/i0.wp.com\/eltrabajo.cl\/portal\/wp-content\/uploads\/2014\/06\/Mario-Marillanca.jpg?resize=295%2C300&amp;ssl=1 295w, https:\/\/i0.wp.com\/eltrabajo.cl\/portal\/wp-content\/uploads\/2014\/06\/Mario-Marillanca.jpg?resize=400%2C406&amp;ssl=1 400w\" sizes=\"auto, (max-width: 317px) 100vw, 317px\" \/><\/a><figcaption id=\"caption-attachment-47440\" class=\"wp-caption-text\">Alcalde de Llay Llay, Mario Marillanca.<\/figcaption><\/figure>\n<p><strong>LLAY LLAY<\/strong>.- Un Plan de Desarrollo Comunal para el periodo 2014-2018, fue entregado a la comunidad de Llay LLay. Realizado bajo un m\u00e9todo de trabajo innovador y vanguardista, el eje orientador del quehacer comunal adquiri\u00f3 un sello \u2018New Age\u2019; que va desde la aplicaci\u00f3n de encuestas de percepci\u00f3n y necesidades, hasta la realizaci\u00f3n de talleres participativos, donde la comunidad defini\u00f3 sus prioridades.<\/p>\n<p>\u00abEspero que otras comunas del Valle de Aconcagua o de Chile, puedan utilizar esta metodolog\u00eda para la elaboraci\u00f3n de su Pladeco\u00bb, dijo el Alcalde Mario Marillanca, satisfecho del resultado de ocho meses de trabajo que dio vida al Plan de Desarrollo Comunal. Un informe que plasm\u00f3 en sus p\u00e1ginas los sue\u00f1os y anhelos de la comuna.<\/p>\n<p>La autoridad de la comuna tambi\u00e9n explico que \u00abpor medio de esta carta de navegaci\u00f3n, que es el Pladeco, conoceremos d\u00f3nde podemos prever el futuro; podemos planificar nuestra comuna; podemos saber d\u00f3nde poner un estadio; d\u00f3nde construir una multi-cancha; pavimentar; aqu\u00ed est\u00e1n todos nuestros sue\u00f1os. Ahora, estos sue\u00f1os deben convertirse en realidad v\u00eda proyectos\u00bb.<\/p>\n<p>En cuatro \u00e1reas espec\u00edficas se identificaron los Lineamientos Estrat\u00e9gicos para potenciar y desarrollar en la comuna; el primero busca el fortalecimiento de la actividad productiva, tambi\u00e9n est\u00e1 presente el mejoramiento de la infraestructura y la oferta de servicios comunales, la promoci\u00f3n de la integraci\u00f3n de la comunidad a instancias de participaci\u00f3n ciudadana y la b\u00fasqueda de un desarrollo territorial equilibrado y sustentable, que resguarde el medioambiente; y es justamente esta frase Medioambiente\u2019, lo que dio vida al eslogan que nos identificar\u00e1: \u2018Llay Llay Capital del Viento y la Energ\u00eda Limpia\u2019.<\/p>\n<p>&nbsp;<\/p>\n","protected":false},"excerpt":{"rendered":"<p>LLAY LLAY.- Un Plan de Desarrollo Comunal para el periodo 2014-2018, fue entregado a la comunidad de Llay LLay. Realizado bajo un m\u00e9todo de trabajo innovador y vanguardista, el eje orientador del&#8230;<\/p>\n","protected":false},"author":482,"featured_media":47440,"comment_status":"open","ping_status":"closed","sticky":false,"template":"","format":"standard","meta":{"advanced_seo_description":"","jetpack_seo_html_title":"","jetpack_seo_noindex":false,"_jetpack_memberships_contains_paid_content":false,"footnotes":""},"categories":[1],"tags":[],"class_list":["post-47439","post","type-post","status-publish","format-standard","has-post-thumbnail","hentry","category-cronica"],"jetpack_featured_media_url":"https:\/\/i0.wp.com\/eltrabajo.cl\/portal\/wp-content\/uploads\/2014\/06\/Mario-Marillanca.jpg?fit=529%2C537&ssl=1","jetpack_sharing_enabled":true,"jetpack_likes_enabled":true,"jetpack-related-posts":[],"_links":{"self":[{"href":"https:\/\/eltrabajo.cl\/portal\/wp-json\/wp\/v2\/posts\/47439","targetHints":{"allow":["GET"]}}],"collection":[{"href":"https:\/\/eltrabajo.cl\/portal\/wp-json\/wp\/v2\/posts"}],"about":[{"href":"https:\/\/eltrabajo.cl\/portal\/wp-json\/wp\/v2\/types\/post"}],"author":[{"embeddable":true,"href":"https:\/\/eltrabajo.cl\/portal\/wp-json\/wp\/v2\/users\/482"}],"replies":[{"embeddable":true,"href":"https:\/\/eltrabajo.cl\/portal\/wp-json\/wp\/v2\/comments?post=47439"}],"version-history":[{"count":0,"href":"https:\/\/eltrabajo.cl\/portal\/wp-json\/wp\/v2\/posts\/47439\/revisions"}],"wp:featuredmedia":[{"embeddable":true,"href":"https:\/\/eltrabajo.cl\/portal\/wp-json\/wp\/v2\/media\/47440"}],"wp:attachment":[{"href":"https:\/\/eltrabajo.cl\/portal\/wp-json\/wp\/v2\/media?parent=47439"}],"wp:term":[{"taxonomy":"category","embeddable":true,"href":"https:\/\/eltrabajo.cl\/portal\/wp-json\/wp\/v2\/categories?post=47439"},{"taxonomy":"post_tag","embeddable":true,"href":"https:\/\/eltrabajo.cl\/portal\/wp-json\/wp\/v2\/tags?post=47439"}],"curies":[{"name":"wp","href":"https:\/\/api.w.org\/{rel}","templated":true}]}}