{"id":47443,"date":"2014-06-10T09:39:41","date_gmt":"2014-06-10T13:39:41","guid":{"rendered":"http:\/\/www.eltrabajo.cl\/portal\/?p=47443"},"modified":"2014-06-10T09:39:41","modified_gmt":"2014-06-10T13:39:41","slug":"peques-de-el-tambo-celebran-dia-mundial-del-medioambiente","status":"publish","type":"post","link":"https:\/\/eltrabajo.cl\/portal\/peques-de-el-tambo-celebran-dia-mundial-del-medioambiente\/","title":{"rendered":"Peques de El Tambo celebran D\u00eda Mundial del Medioambiente"},"content":{"rendered":"<figure id=\"attachment_47444\" aria-describedby=\"caption-attachment-47444\" style=\"width: 529px\" class=\"wp-caption alignnone\"><a href=\"https:\/\/i0.wp.com\/www.eltrabajo.cl\/portal\/wp-content\/uploads\/2014\/06\/Planta1.jpg\"><img data-recalc-dims=\"1\" loading=\"lazy\" decoding=\"async\" class=\"size-full wp-image-47444\" alt=\"SEMBRANDO ESPERANZA.- Peques y grandes disfrutaron junto a Carabineros, de esta actividad en los patios de la escuelita rural de El Tambo.\" src=\"https:\/\/i0.wp.com\/www.eltrabajo.cl\/portal\/wp-content\/uploads\/2014\/06\/Planta1.jpg?resize=529%2C401\" width=\"529\" height=\"401\" srcset=\"https:\/\/i0.wp.com\/eltrabajo.cl\/portal\/wp-content\/uploads\/2014\/06\/Planta1.jpg?w=529&amp;ssl=1 529w, https:\/\/i0.wp.com\/eltrabajo.cl\/portal\/wp-content\/uploads\/2014\/06\/Planta1.jpg?resize=197%2C150&amp;ssl=1 197w, https:\/\/i0.wp.com\/eltrabajo.cl\/portal\/wp-content\/uploads\/2014\/06\/Planta1.jpg?resize=300%2C227&amp;ssl=1 300w, https:\/\/i0.wp.com\/eltrabajo.cl\/portal\/wp-content\/uploads\/2014\/06\/Planta1.jpg?resize=150%2C113&amp;ssl=1 150w, https:\/\/i0.wp.com\/eltrabajo.cl\/portal\/wp-content\/uploads\/2014\/06\/Planta1.jpg?resize=400%2C303&amp;ssl=1 400w\" sizes=\"auto, (max-width: 529px) 100vw, 529px\" \/><\/a><figcaption id=\"caption-attachment-47444\" class=\"wp-caption-text\">SEMBRANDO ESPERANZA.- Peques y grandes disfrutaron junto a Carabineros, de esta actividad en los patios de la escuelita rural de El Tambo.<\/figcaption><\/figure>\n<p>Este lunes en la Escuela Rep\u00fablica Argentina del sector El Tambo de San Felipe, a las 10:30 horas y con la participaci\u00f3n de diferentes autoridades locales, como Conaf, Dideco, el director de la escuela Ricardo Y\u00e1\u00f1ez; el Alcalde Patricio Freire; personal del \u00c1rea Ambiental; de Carabineros, profesores, apoderados y alumnos, fue celebrado el D\u00eda Mundial del Medioambiente.<\/p>\n<figure id=\"attachment_47445\" aria-describedby=\"caption-attachment-47445\" style=\"width: 370px\" class=\"wp-caption alignright\"><a href=\"https:\/\/i0.wp.com\/www.eltrabajo.cl\/portal\/wp-content\/uploads\/2014\/06\/Peques1.jpg\"><img data-recalc-dims=\"1\" loading=\"lazy\" decoding=\"async\" class=\" wp-image-47445 \" alt=\"MUY ATENTOS.- Estos peque\u00f1itos no se perdieron ning\u00fan detalle de la actividad, pues mucho aprendieron sobre cuidar nuestro entorno natural.\" src=\"https:\/\/i0.wp.com\/www.eltrabajo.cl\/portal\/wp-content\/uploads\/2014\/06\/Peques1.jpg?resize=370%2C243\" width=\"370\" height=\"243\" srcset=\"https:\/\/i0.wp.com\/eltrabajo.cl\/portal\/wp-content\/uploads\/2014\/06\/Peques1.jpg?w=529&amp;ssl=1 529w, https:\/\/i0.wp.com\/eltrabajo.cl\/portal\/wp-content\/uploads\/2014\/06\/Peques1.jpg?resize=200%2C131&amp;ssl=1 200w, https:\/\/i0.wp.com\/eltrabajo.cl\/portal\/wp-content\/uploads\/2014\/06\/Peques1.jpg?resize=300%2C196&amp;ssl=1 300w, https:\/\/i0.wp.com\/eltrabajo.cl\/portal\/wp-content\/uploads\/2014\/06\/Peques1.jpg?resize=150%2C98&amp;ssl=1 150w, https:\/\/i0.wp.com\/eltrabajo.cl\/portal\/wp-content\/uploads\/2014\/06\/Peques1.jpg?resize=400%2C262&amp;ssl=1 400w\" sizes=\"auto, (max-width: 370px) 100vw, 370px\" \/><\/a><figcaption id=\"caption-attachment-47445\" class=\"wp-caption-text\">MUY ATENTOS.- Estos peque\u00f1itos no se perdieron ning\u00fan detalle de la actividad, pues mucho aprendieron sobre cuidar nuestro entorno natural.<\/figcaption><\/figure>\n<p>El prop\u00f3sito de la actividad fue el generar un impacto en la ciudadan\u00eda, donde se observe que Carabineros tambi\u00e9n apoya e insta a la ciudadan\u00eda a que planten un \u00e1rbol, en raz\u00f3n a que este simple acto colabora a que toda la ciudadan\u00eda se pueda desenvolver en un ambiente m\u00e1s sano.<\/p>\n<p>&nbsp;<\/p>\n","protected":false},"excerpt":{"rendered":"<p>Este lunes en la Escuela Rep\u00fablica Argentina del sector El Tambo de San Felipe, a las 10:30 horas y con la participaci\u00f3n de diferentes autoridades locales, como Conaf, Dideco, el director de&#8230;<\/p>\n","protected":false},"author":482,"featured_media":47444,"comment_status":"open","ping_status":"closed","sticky":false,"template":"","format":"standard","meta":{"advanced_seo_description":"","jetpack_seo_html_title":"","jetpack_seo_noindex":false,"_jetpack_memberships_contains_paid_content":false,"footnotes":""},"categories":[15],"tags":[],"class_list":["post-47443","post","type-post","status-publish","format-standard","has-post-thumbnail","hentry","category-comunidad"],"jetpack_featured_media_url":"https:\/\/i0.wp.com\/eltrabajo.cl\/portal\/wp-content\/uploads\/2014\/06\/Planta1.jpg?fit=529%2C401&ssl=1","jetpack_sharing_enabled":true,"jetpack_likes_enabled":true,"jetpack-related-posts":[],"_links":{"self":[{"href":"https:\/\/eltrabajo.cl\/portal\/wp-json\/wp\/v2\/posts\/47443","targetHints":{"allow":["GET"]}}],"collection":[{"href":"https:\/\/eltrabajo.cl\/portal\/wp-json\/wp\/v2\/posts"}],"about":[{"href":"https:\/\/eltrabajo.cl\/portal\/wp-json\/wp\/v2\/types\/post"}],"author":[{"embeddable":true,"href":"https:\/\/eltrabajo.cl\/portal\/wp-json\/wp\/v2\/users\/482"}],"replies":[{"embeddable":true,"href":"https:\/\/eltrabajo.cl\/portal\/wp-json\/wp\/v2\/comments?post=47443"}],"version-history":[{"count":0,"href":"https:\/\/eltrabajo.cl\/portal\/wp-json\/wp\/v2\/posts\/47443\/revisions"}],"wp:featuredmedia":[{"embeddable":true,"href":"https:\/\/eltrabajo.cl\/portal\/wp-json\/wp\/v2\/media\/47444"}],"wp:attachment":[{"href":"https:\/\/eltrabajo.cl\/portal\/wp-json\/wp\/v2\/media?parent=47443"}],"wp:term":[{"taxonomy":"category","embeddable":true,"href":"https:\/\/eltrabajo.cl\/portal\/wp-json\/wp\/v2\/categories?post=47443"},{"taxonomy":"post_tag","embeddable":true,"href":"https:\/\/eltrabajo.cl\/portal\/wp-json\/wp\/v2\/tags?post=47443"}],"curies":[{"name":"wp","href":"https:\/\/api.w.org\/{rel}","templated":true}]}}