{"id":47448,"date":"2014-06-10T09:42:07","date_gmt":"2014-06-10T13:42:07","guid":{"rendered":"http:\/\/www.eltrabajo.cl\/portal\/?p=47448"},"modified":"2014-06-10T09:42:07","modified_gmt":"2014-06-10T13:42:07","slug":"alegre-celebracion-de-un-nuevo-aniversario-de-la-escuela-21-de-mayo","status":"publish","type":"post","link":"https:\/\/eltrabajo.cl\/portal\/alegre-celebracion-de-un-nuevo-aniversario-de-la-escuela-21-de-mayo\/","title":{"rendered":"Alegre celebraci\u00f3n de un nuevo aniversario de la Escuela 21 de Mayo"},"content":{"rendered":"<figure id=\"attachment_47449\" aria-describedby=\"caption-attachment-47449\" style=\"width: 529px\" class=\"wp-caption alignnone\"><a href=\"https:\/\/i0.wp.com\/www.eltrabajo.cl\/portal\/wp-content\/uploads\/2014\/06\/Deporte1.jpg\"><img data-recalc-dims=\"1\" loading=\"lazy\" decoding=\"async\" class=\"size-full wp-image-47449\" alt=\"A SALTAR.- Los m\u00e1s atl\u00e9ticos no descansaron y tambi\u00e9n hicieron su presentaci\u00f3n deportiva durante este aniversario.\" src=\"https:\/\/i0.wp.com\/www.eltrabajo.cl\/portal\/wp-content\/uploads\/2014\/06\/Deporte1.jpg?resize=529%2C366\" width=\"529\" height=\"366\" srcset=\"https:\/\/i0.wp.com\/eltrabajo.cl\/portal\/wp-content\/uploads\/2014\/06\/Deporte1.jpg?w=529&amp;ssl=1 529w, https:\/\/i0.wp.com\/eltrabajo.cl\/portal\/wp-content\/uploads\/2014\/06\/Deporte1.jpg?resize=200%2C138&amp;ssl=1 200w, https:\/\/i0.wp.com\/eltrabajo.cl\/portal\/wp-content\/uploads\/2014\/06\/Deporte1.jpg?resize=300%2C207&amp;ssl=1 300w, https:\/\/i0.wp.com\/eltrabajo.cl\/portal\/wp-content\/uploads\/2014\/06\/Deporte1.jpg?resize=150%2C103&amp;ssl=1 150w, https:\/\/i0.wp.com\/eltrabajo.cl\/portal\/wp-content\/uploads\/2014\/06\/Deporte1.jpg?resize=400%2C276&amp;ssl=1 400w\" sizes=\"auto, (max-width: 529px) 100vw, 529px\" \/><\/a><figcaption id=\"caption-attachment-47449\" class=\"wp-caption-text\">A SALTAR.- Los m\u00e1s atl\u00e9ticos no descansaron y tambi\u00e9n hicieron su presentaci\u00f3n deportiva durante este aniversario.<\/figcaption><\/figure>\n<p>Una gran convocatoria tuvo la celebraci\u00f3n del aniversario 53 de la Escuela 21 de Mayo, ubicada en el sector que lleva el mismo nombre, en la comuna de San Felipe. En la oportunidad, y con diferentes n\u00fameros art\u00edsticos, los alumnos cautivaron a los padres y apoderados que llegaron hasta el establecimiento, orgullosos de ser parte de este importante establecimiento educacional municipal.<\/p>\n<p>Mayor fue la sorpresa de la comunidad educativa, cuando comenz\u00f3 a entregar lo mejor de su repertorio, alumnos de la banda de guerra del Colegio Alonso de Ercilla, quienes encantaron al p\u00fablico asistente, reafirmando la excelente relaci\u00f3n que existe entre ambos establecimientos, celebraci\u00f3n que finaliz\u00f3 con el tradicional Cumplea\u00f1os Feliz, el que fue coreado por todos los presentes.<\/p>\n<p>El acto fue encabezado por el director del establecimiento Manuel Araya, acompa\u00f1ado de los representantes de la Daem, Rita Carolina Espinoza y Andrea Cerda, directores de diferentes establecimientos, adem\u00e1s de un representante de Carabineros, a quienes la comunidad reconoci\u00f3 por el estar presentes en una actividad, que ya se ha transformado en toda una tradici\u00f3n.<\/p>\n<p>En la oportunidad Manuel Araya se mostr\u00f3 sumamente emocionado, quien se refiri\u00f3 a este nuevo aniversario, se\u00f1alando que \u201cpara nosotros como establecimiento educacional es tremendamente importante esta fecha, ya que muchos de quienes fueron nuestros alumnos, hoy son padres, por lo que existe una estrecha relaci\u00f3n con las familias, y m\u00e1s a\u00fan, si pensamos que hemos logrado ser un colegio nocturno, dando la oportunidad a quienes no han tenido la posibilidad de finalizar sus estudios, de poder hacerlo, en un horario accesible, siendo en total casi ciento noventa los alumnos que hoy tenemos, cosa que nos llena de orgullo. Cuando me queda poco tiempo para mi retiro, puedo decir que hemos cumplido, y me siento tremendamente satisfecho, por c\u00f3mo hemos avanzado hacia una educaci\u00f3n inclusiva, participativa y de calidad, logrando ser una excelente alternativa para las familias, no solamente de 21 de mayo, sino que de todo San Felipe\u201d, se\u00f1alo Araya.<\/p>\n<div class=\"tiled-gallery type-rectangular tiled-gallery-unresized\" data-original-width=\"640\" data-carousel-extra='null' itemscope itemtype=\"http:\/\/schema.org\/ImageGallery\" > <div class=\"gallery-row\" style=\"width: 640px; height: 335px;\" data-original-width=\"640\" data-original-height=\"335\" > <div class=\"gallery-group images-1\" style=\"width: 441px; height: 335px;\" data-original-width=\"441\" data-original-height=\"335\" > <div class=\"tiled-gallery-item tiled-gallery-item-large\" itemprop=\"associatedMedia\" itemscope itemtype=\"http:\/\/schema.org\/ImageObject\"> <a href=\"https:\/\/eltrabajo.cl\/portal\/alegre-celebracion-de-un-nuevo-aniversario-de-la-escuela-21-de-mayo\/aniversario1-4\/\" border=\"0\" itemprop=\"url\"> <meta itemprop=\"width\" content=\"437\"> <meta itemprop=\"height\" content=\"331\"> <img decoding=\"async\" class=\"\" data-attachment-id=\"47450\" data-orig-file=\"https:\/\/eltrabajo.cl\/portal\/wp-content\/uploads\/2014\/06\/Aniversario1.jpg\" data-orig-size=\"529,401\" data-comments-opened=\"1\" data-image-meta=\"{&quot;aperture&quot;:&quot;6.4&quot;,&quot;credit&quot;:&quot;&quot;,&quot;camera&quot;:&quot;FinePix S1600&quot;,&quot;caption&quot;:&quot;&quot;,&quot;created_timestamp&quot;:&quot;1402058110&quot;,&quot;copyright&quot;:&quot;&quot;,&quot;focal_length&quot;:&quot;5.5&quot;,&quot;iso&quot;:&quot;64&quot;,&quot;shutter_speed&quot;:&quot;0.0041666666666667&quot;,&quot;title&quot;:&quot;&quot;}\" data-image-title=\"Aniversario1\" data-image-description=\"&lt;p&gt;DE FIESTA.- Una gran convocatoria tuvo la celebraci\u00f3n del aniversario 53 de la Escuela 21 de Mayo, ubicada en el sector que lleva el mismo nombre.&lt;\/p&gt; \" data-medium-file=\"https:\/\/i0.wp.com\/eltrabajo.cl\/portal\/wp-content\/uploads\/2014\/06\/Aniversario1.jpg?fit=300%2C227&#038;ssl=1\" data-large-file=\"https:\/\/i0.wp.com\/eltrabajo.cl\/portal\/wp-content\/uploads\/2014\/06\/Aniversario1.jpg?fit=529%2C401&#038;ssl=1\" src=\"https:\/\/i0.wp.com\/eltrabajo.cl\/portal\/wp-content\/uploads\/2014\/06\/Aniversario1.jpg?w=437&#038;h=331&#038;ssl=1\" srcset=\"https:\/\/i0.wp.com\/eltrabajo.cl\/portal\/wp-content\/uploads\/2014\/06\/Aniversario1.jpg?w=529&amp;ssl=1 529w, https:\/\/i0.wp.com\/eltrabajo.cl\/portal\/wp-content\/uploads\/2014\/06\/Aniversario1.jpg?resize=197%2C150&amp;ssl=1 197w, https:\/\/i0.wp.com\/eltrabajo.cl\/portal\/wp-content\/uploads\/2014\/06\/Aniversario1.jpg?resize=300%2C227&amp;ssl=1 300w, https:\/\/i0.wp.com\/eltrabajo.cl\/portal\/wp-content\/uploads\/2014\/06\/Aniversario1.jpg?resize=150%2C113&amp;ssl=1 150w, https:\/\/i0.wp.com\/eltrabajo.cl\/portal\/wp-content\/uploads\/2014\/06\/Aniversario1.jpg?resize=400%2C303&amp;ssl=1 400w\" width=\"437\" height=\"331\" loading=\"lazy\" data-original-width=\"437\" data-original-height=\"331\" itemprop=\"http:\/\/schema.org\/image\" title=\"Aniversario1\" alt=\"DE FIESTA.- Una gran convocatoria tuvo la celebraci\u00f3n del aniversario 53 de la Escuela 21 de Mayo, ubicada en el sector que lleva el mismo nombre.\" style=\"width: 437px; height: 331px;\" \/> <\/a> <div class=\"tiled-gallery-caption\" itemprop=\"caption description\"> DE FIESTA.- Una gran convocatoria tuvo la celebraci\u00f3n del aniversario 53 de la Escuela 21 de Mayo, ubicada en el sector que lleva el mismo nombre. <\/div> <\/div> <\/div> <!-- close group --> <div class=\"gallery-group images-2\" style=\"width: 199px; height: 335px;\" data-original-width=\"199\" data-original-height=\"335\" > <div class=\"tiled-gallery-item tiled-gallery-item-small\" itemprop=\"associatedMedia\" itemscope itemtype=\"http:\/\/schema.org\/ImageObject\"> <a href=\"https:\/\/eltrabajo.cl\/portal\/alegre-celebracion-de-un-nuevo-aniversario-de-la-escuela-21-de-mayo\/bailarinas1-3\/\" border=\"0\" itemprop=\"url\"> <meta itemprop=\"width\" content=\"195\"> <meta itemprop=\"height\" content=\"129\"> <img decoding=\"async\" class=\"\" data-attachment-id=\"47451\" data-orig-file=\"https:\/\/eltrabajo.cl\/portal\/wp-content\/uploads\/2014\/06\/Bailarinas1.jpg\" data-orig-size=\"529,351\" data-comments-opened=\"1\" data-image-meta=\"{&quot;aperture&quot;:&quot;5.6&quot;,&quot;credit&quot;:&quot;&quot;,&quot;camera&quot;:&quot;Canon EOS REBEL T1i&quot;,&quot;caption&quot;:&quot;&quot;,&quot;created_timestamp&quot;:&quot;1398337246&quot;,&quot;copyright&quot;:&quot;&quot;,&quot;focal_length&quot;:&quot;30&quot;,&quot;iso&quot;:&quot;400&quot;,&quot;shutter_speed&quot;:&quot;0.005&quot;,&quot;title&quot;:&quot;&quot;}\" data-image-title=\"Bailarinas1\" data-image-description=\"&lt;p&gt;A BAILAR.- Estas peque\u00f1itas alegraron la jornada con sus bailes t\u00edpicos de la Isla de Pascua.&lt;\/p&gt; \" data-medium-file=\"https:\/\/i0.wp.com\/eltrabajo.cl\/portal\/wp-content\/uploads\/2014\/06\/Bailarinas1.jpg?fit=300%2C199&#038;ssl=1\" data-large-file=\"https:\/\/i0.wp.com\/eltrabajo.cl\/portal\/wp-content\/uploads\/2014\/06\/Bailarinas1.jpg?fit=529%2C351&#038;ssl=1\" src=\"https:\/\/i0.wp.com\/eltrabajo.cl\/portal\/wp-content\/uploads\/2014\/06\/Bailarinas1.jpg?w=195&#038;h=129&#038;ssl=1\" srcset=\"https:\/\/i0.wp.com\/eltrabajo.cl\/portal\/wp-content\/uploads\/2014\/06\/Bailarinas1.jpg?w=529&amp;ssl=1 529w, https:\/\/i0.wp.com\/eltrabajo.cl\/portal\/wp-content\/uploads\/2014\/06\/Bailarinas1.jpg?resize=200%2C132&amp;ssl=1 200w, https:\/\/i0.wp.com\/eltrabajo.cl\/portal\/wp-content\/uploads\/2014\/06\/Bailarinas1.jpg?resize=300%2C199&amp;ssl=1 300w, https:\/\/i0.wp.com\/eltrabajo.cl\/portal\/wp-content\/uploads\/2014\/06\/Bailarinas1.jpg?resize=150%2C99&amp;ssl=1 150w, https:\/\/i0.wp.com\/eltrabajo.cl\/portal\/wp-content\/uploads\/2014\/06\/Bailarinas1.jpg?resize=400%2C265&amp;ssl=1 400w\" width=\"195\" height=\"129\" loading=\"lazy\" data-original-width=\"195\" data-original-height=\"129\" itemprop=\"http:\/\/schema.org\/image\" title=\"Bailarinas1\" alt=\"A BAILAR.- Estas peque\u00f1itas alegraron la jornada con sus bailes t\u00edpicos de la Isla de Pascua.\" style=\"width: 195px; height: 129px;\" \/> <\/a> <div class=\"tiled-gallery-caption\" itemprop=\"caption description\"> A BAILAR.- Estas peque\u00f1itas alegraron la jornada con sus bailes t\u00edpicos de la Isla de Pascua. <\/div> <\/div> <div class=\"tiled-gallery-item tiled-gallery-item-small\" itemprop=\"associatedMedia\" itemscope itemtype=\"http:\/\/schema.org\/ImageObject\"> <a href=\"https:\/\/eltrabajo.cl\/portal\/alegre-celebracion-de-un-nuevo-aniversario-de-la-escuela-21-de-mayo\/manuel-araya-2\/\" border=\"0\" itemprop=\"url\"> <meta itemprop=\"width\" content=\"195\"> <meta itemprop=\"height\" content=\"198\"> <img decoding=\"async\" class=\"\" data-attachment-id=\"47452\" data-orig-file=\"https:\/\/eltrabajo.cl\/portal\/wp-content\/uploads\/2014\/06\/Manuel-Araya.jpg\" data-orig-size=\"529,536\" data-comments-opened=\"1\" data-image-meta=\"{&quot;aperture&quot;:&quot;3.9&quot;,&quot;credit&quot;:&quot;&quot;,&quot;camera&quot;:&quot;DSC-H100&quot;,&quot;caption&quot;:&quot;&quot;,&quot;created_timestamp&quot;:&quot;1396870255&quot;,&quot;copyright&quot;:&quot;Copyright 2009&quot;,&quot;focal_length&quot;:&quot;10.4&quot;,&quot;iso&quot;:&quot;320&quot;,&quot;shutter_speed&quot;:&quot;0.02&quot;,&quot;title&quot;:&quot;&quot;}\" data-image-title=\"Manuel Araya\" data-image-description=\"&lt;p&gt;Manuel Araya, Director de la Escuela 21 de Mayo.&lt;\/p&gt; \" data-medium-file=\"https:\/\/i0.wp.com\/eltrabajo.cl\/portal\/wp-content\/uploads\/2014\/06\/Manuel-Araya.jpg?fit=296%2C300&#038;ssl=1\" data-large-file=\"https:\/\/i0.wp.com\/eltrabajo.cl\/portal\/wp-content\/uploads\/2014\/06\/Manuel-Araya.jpg?fit=529%2C536&#038;ssl=1\" src=\"https:\/\/i0.wp.com\/eltrabajo.cl\/portal\/wp-content\/uploads\/2014\/06\/Manuel-Araya.jpg?w=195&#038;h=198&#038;ssl=1\" srcset=\"https:\/\/i0.wp.com\/eltrabajo.cl\/portal\/wp-content\/uploads\/2014\/06\/Manuel-Araya.jpg?w=529&amp;ssl=1 529w, https:\/\/i0.wp.com\/eltrabajo.cl\/portal\/wp-content\/uploads\/2014\/06\/Manuel-Araya.jpg?resize=148%2C150&amp;ssl=1 148w, https:\/\/i0.wp.com\/eltrabajo.cl\/portal\/wp-content\/uploads\/2014\/06\/Manuel-Araya.jpg?resize=296%2C300&amp;ssl=1 296w, https:\/\/i0.wp.com\/eltrabajo.cl\/portal\/wp-content\/uploads\/2014\/06\/Manuel-Araya.jpg?resize=400%2C405&amp;ssl=1 400w\" width=\"195\" height=\"198\" loading=\"lazy\" data-original-width=\"195\" data-original-height=\"198\" itemprop=\"http:\/\/schema.org\/image\" title=\"Manuel Araya\" alt=\"Manuel Araya, Director de la Escuela 21 de Mayo.\" style=\"width: 195px; height: 198px;\" \/> <\/a> <div class=\"tiled-gallery-caption\" itemprop=\"caption description\"> Manuel Araya, Director de la Escuela 21 de Mayo. <\/div> <\/div> <\/div> <!-- close group --> <\/div> <!-- close row --> <\/div>\n","protected":false},"excerpt":{"rendered":"<p>Una gran convocatoria tuvo la celebraci\u00f3n del aniversario 53 de la Escuela 21 de Mayo, ubicada en el sector que lleva el mismo nombre, en la comuna de San Felipe. En la&#8230;<\/p>\n","protected":false},"author":482,"featured_media":47449,"comment_status":"open","ping_status":"closed","sticky":false,"template":"","format":"standard","meta":{"advanced_seo_description":"","jetpack_seo_html_title":"","jetpack_seo_noindex":false,"_jetpack_memberships_contains_paid_content":false,"footnotes":""},"categories":[15],"tags":[],"class_list":["post-47448","post","type-post","status-publish","format-standard","has-post-thumbnail","hentry","category-comunidad"],"jetpack_featured_media_url":"https:\/\/i0.wp.com\/eltrabajo.cl\/portal\/wp-content\/uploads\/2014\/06\/Deporte1.jpg?fit=529%2C366&ssl=1","jetpack_sharing_enabled":true,"jetpack_likes_enabled":true,"jetpack-related-posts":[],"_links":{"self":[{"href":"https:\/\/eltrabajo.cl\/portal\/wp-json\/wp\/v2\/posts\/47448","targetHints":{"allow":["GET"]}}],"collection":[{"href":"https:\/\/eltrabajo.cl\/portal\/wp-json\/wp\/v2\/posts"}],"about":[{"href":"https:\/\/eltrabajo.cl\/portal\/wp-json\/wp\/v2\/types\/post"}],"author":[{"embeddable":true,"href":"https:\/\/eltrabajo.cl\/portal\/wp-json\/wp\/v2\/users\/482"}],"replies":[{"embeddable":true,"href":"https:\/\/eltrabajo.cl\/portal\/wp-json\/wp\/v2\/comments?post=47448"}],"version-history":[{"count":0,"href":"https:\/\/eltrabajo.cl\/portal\/wp-json\/wp\/v2\/posts\/47448\/revisions"}],"wp:featuredmedia":[{"embeddable":true,"href":"https:\/\/eltrabajo.cl\/portal\/wp-json\/wp\/v2\/media\/47449"}],"wp:attachment":[{"href":"https:\/\/eltrabajo.cl\/portal\/wp-json\/wp\/v2\/media?parent=47448"}],"wp:term":[{"taxonomy":"category","embeddable":true,"href":"https:\/\/eltrabajo.cl\/portal\/wp-json\/wp\/v2\/categories?post=47448"},{"taxonomy":"post_tag","embeddable":true,"href":"https:\/\/eltrabajo.cl\/portal\/wp-json\/wp\/v2\/tags?post=47448"}],"curies":[{"name":"wp","href":"https:\/\/api.w.org\/{rel}","templated":true}]}}