{"id":47455,"date":"2014-06-10T09:43:09","date_gmt":"2014-06-10T13:43:09","guid":{"rendered":"http:\/\/www.eltrabajo.cl\/portal\/?p=47455"},"modified":"2014-06-10T09:43:09","modified_gmt":"2014-06-10T13:43:09","slug":"liceo-roberto-humeres-celebro-176-anos-de-tradicion-e-historia","status":"publish","type":"post","link":"https:\/\/eltrabajo.cl\/portal\/liceo-roberto-humeres-celebro-176-anos-de-tradicion-e-historia\/","title":{"rendered":"Liceo Roberto Humeres celebr\u00f3 176 a\u00f1os de tradici\u00f3n e historia"},"content":{"rendered":"<figure id=\"attachment_47456\" aria-describedby=\"caption-attachment-47456\" style=\"width: 529px\" class=\"wp-caption alignnone\"><a href=\"https:\/\/i0.wp.com\/www.eltrabajo.cl\/portal\/wp-content\/uploads\/2014\/06\/liceo1.jpg\"><img data-recalc-dims=\"1\" loading=\"lazy\" decoding=\"async\" class=\"size-full wp-image-47456\" alt=\"El pasado s\u00e1bado, con el tradicional almuerzo de los ex-alumnos, se dio por finalizada la semana de actividades de celebraci\u00f3n de los 176 a\u00f1os del Liceo Roberto Humeres.\" src=\"https:\/\/i0.wp.com\/www.eltrabajo.cl\/portal\/wp-content\/uploads\/2014\/06\/liceo1.jpg?resize=529%2C304\" width=\"529\" height=\"304\" srcset=\"https:\/\/i0.wp.com\/eltrabajo.cl\/portal\/wp-content\/uploads\/2014\/06\/liceo1.jpg?w=529&amp;ssl=1 529w, https:\/\/i0.wp.com\/eltrabajo.cl\/portal\/wp-content\/uploads\/2014\/06\/liceo1.jpg?resize=200%2C114&amp;ssl=1 200w, https:\/\/i0.wp.com\/eltrabajo.cl\/portal\/wp-content\/uploads\/2014\/06\/liceo1.jpg?resize=300%2C172&amp;ssl=1 300w, https:\/\/i0.wp.com\/eltrabajo.cl\/portal\/wp-content\/uploads\/2014\/06\/liceo1.jpg?resize=150%2C86&amp;ssl=1 150w, https:\/\/i0.wp.com\/eltrabajo.cl\/portal\/wp-content\/uploads\/2014\/06\/liceo1.jpg?resize=400%2C229&amp;ssl=1 400w\" sizes=\"auto, (max-width: 529px) 100vw, 529px\" \/><\/a><figcaption id=\"caption-attachment-47456\" class=\"wp-caption-text\">El pasado s\u00e1bado, con el tradicional almuerzo de los ex-alumnos, se dio por finalizada la semana de actividades de celebraci\u00f3n de los 176 a\u00f1os del Liceo Roberto Humeres.<\/figcaption><\/figure>\n<p>El pasado s\u00e1bado, con el tradicional almuerzo de los ex-alumnos, se dio por finalizada la semana de actividades de celebraci\u00f3n de los 176 a\u00f1os de existencia de uno de los establecimientos m\u00e1s antiguos del pa\u00eds, el Liceo Roberto Humeres. En todas las actividades realizadas particip\u00f3 una gran cantidad de entusiastas vecinos, quienes de una u otra manera est\u00e1n ligados a la historia a este emblem\u00e1tico establecimiento educacional, el que desde hace muchos a\u00f1os, ha visto pasar muchas generaciones de sanfelipe\u00f1os, form\u00e1ndolos y entregando conocimientos al interior de sus centenarias aulas, en las que alguna vez, tambi\u00e9n estuvo la figura de un inquieto adolescente, quien a\u00f1os despu\u00e9s, ser\u00eda uno de los m\u00e1s destacados presidentes de nuestra naci\u00f3n, como fue Pedro Aguirre Cerda.<\/p>\n<p><strong>SALA DE HONOR<\/strong><\/p>\n<p>Uno de los momentos m\u00e1s significativos este a\u00f1o, fue la inauguraci\u00f3n de la nueva Sala Eleodoro Rojas Y\u00e1\u00f1ez, nombre de quien fuera un destacado funcionario de este establecimiento, recordado por muchas generaciones por su trabajo como Inspector General, cargo que desempe\u00f1o con mucho profesionalismo, lo que signific\u00f3 el respeto, la admiraci\u00f3n y el cari\u00f1o, de cientos de estudiantes, pero que lamentablemente, y v\u00edctima de un c\u00e1ncer, dejo de existir ya hace unos a\u00f1os, dejando una huella imborrable.<\/p>\n<p>La amplia gama de labores que hoy desempe\u00f1an, quienes en alg\u00fan momento de la historia fueran alumnos de este establecimiento, abarca desde destacados m\u00e9dicos, arquitectos, abogados, ingenieros, t\u00e9cnicos, esforzados obreros y abnegadas due\u00f1as de casa, quienes con mucho orgullo afirman haber sido parte de alguna de las generaciones que conocieron de su caracter\u00edstico pimiento, o de su imponente teatro, el que m\u00e1s de alguna vez, fuera la alternativa de cine, para muchos sanfelipe\u00f1os, hoy unidos por la tradici\u00f3n y respeto, que brindan sus 176 a\u00f1os de historia.<\/p>\n<p>En la actualidad, cuando el establecimiento vive un proceso de cambio, el que busca desenterrar las antiguas tradiciones, y posicionarlo nuevamente como un liceo emblem\u00e1tico, su Directora Romina Fumey Abarzua, se\u00f1ala que \u201cesta es una tarea de todos, no todas las comunas del pa\u00eds tienen el honor de decir que cuentan con un liceo de 176 a\u00f1os de existencia, y que m\u00e1s aun, por sus pasillos y aulas, transit\u00f3 uno de los m\u00e1s grandes presidentes que se tiene recuerdo como fue Pedro Aguirre Cerda, por lo que la historia nos obliga a trabajar doblemente, para as\u00ed, y con la ayuda de todas y todos quienes de una u otra manera se representan con nuestro querido liceo, volvamos a ser, el orgullo y admiraci\u00f3n del resto de los planteles, porque los alumnos lo merecen, San Felipe lo merece, y estamos ciertos que este a\u00f1o, es periodo de reconstrucci\u00f3n y replanteamiento en t\u00e9rminos formativos, pero son los firmes cimientos, que edificaran el renacimiento de una s\u00f3lida instituci\u00f3n\u201d.<\/p>\n<p>Este a\u00f1o de destac\u00f3 a distintas generaciones de ex-alumnos quienes como en sus tiempos de estudiantes, se les pas\u00f3 asistencia y recibieron su certificaci\u00f3n, que los acredita como ex-alumnos del querido Liceo de Hombres A-3 Doctor Roberto Humeres Oyanedel.<\/p>\n<p>&nbsp;<\/p>\n","protected":false},"excerpt":{"rendered":"<p>El pasado s\u00e1bado, con el tradicional almuerzo de los ex-alumnos, se dio por finalizada la semana de actividades de celebraci\u00f3n de los 176 a\u00f1os de existencia de uno de los establecimientos m\u00e1s&#8230;<\/p>\n","protected":false},"author":482,"featured_media":47456,"comment_status":"open","ping_status":"closed","sticky":false,"template":"","format":"standard","meta":{"advanced_seo_description":"","jetpack_seo_html_title":"","jetpack_seo_noindex":false,"_jetpack_memberships_contains_paid_content":false,"footnotes":""},"categories":[15],"tags":[],"class_list":["post-47455","post","type-post","status-publish","format-standard","has-post-thumbnail","hentry","category-comunidad"],"jetpack_featured_media_url":"https:\/\/i0.wp.com\/eltrabajo.cl\/portal\/wp-content\/uploads\/2014\/06\/liceo1.jpg?fit=529%2C304&ssl=1","jetpack_sharing_enabled":true,"jetpack_likes_enabled":true,"jetpack-related-posts":[],"_links":{"self":[{"href":"https:\/\/eltrabajo.cl\/portal\/wp-json\/wp\/v2\/posts\/47455","targetHints":{"allow":["GET"]}}],"collection":[{"href":"https:\/\/eltrabajo.cl\/portal\/wp-json\/wp\/v2\/posts"}],"about":[{"href":"https:\/\/eltrabajo.cl\/portal\/wp-json\/wp\/v2\/types\/post"}],"author":[{"embeddable":true,"href":"https:\/\/eltrabajo.cl\/portal\/wp-json\/wp\/v2\/users\/482"}],"replies":[{"embeddable":true,"href":"https:\/\/eltrabajo.cl\/portal\/wp-json\/wp\/v2\/comments?post=47455"}],"version-history":[{"count":0,"href":"https:\/\/eltrabajo.cl\/portal\/wp-json\/wp\/v2\/posts\/47455\/revisions"}],"wp:featuredmedia":[{"embeddable":true,"href":"https:\/\/eltrabajo.cl\/portal\/wp-json\/wp\/v2\/media\/47456"}],"wp:attachment":[{"href":"https:\/\/eltrabajo.cl\/portal\/wp-json\/wp\/v2\/media?parent=47455"}],"wp:term":[{"taxonomy":"category","embeddable":true,"href":"https:\/\/eltrabajo.cl\/portal\/wp-json\/wp\/v2\/categories?post=47455"},{"taxonomy":"post_tag","embeddable":true,"href":"https:\/\/eltrabajo.cl\/portal\/wp-json\/wp\/v2\/tags?post=47455"}],"curies":[{"name":"wp","href":"https:\/\/api.w.org\/{rel}","templated":true}]}}