{"id":47458,"date":"2014-06-10T09:44:43","date_gmt":"2014-06-10T13:44:43","guid":{"rendered":"http:\/\/www.eltrabajo.cl\/portal\/?p=47458"},"modified":"2014-06-10T09:44:43","modified_gmt":"2014-06-10T13:44:43","slug":"vandalos-estan-destruyendo-todo-en-la-plazoleta-la-diversidad","status":"publish","type":"post","link":"https:\/\/eltrabajo.cl\/portal\/vandalos-estan-destruyendo-todo-en-la-plazoleta-la-diversidad\/","title":{"rendered":"V\u00e1ndalos est\u00e1n destruyendo todo en la Plazoleta La Diversidad"},"content":{"rendered":"<figure id=\"attachment_47459\" aria-describedby=\"caption-attachment-47459\" style=\"width: 528px\" class=\"wp-caption alignnone\"><a href=\"https:\/\/i0.wp.com\/www.eltrabajo.cl\/portal\/wp-content\/uploads\/2014\/06\/Plazoleta1.jpg\"><img data-recalc-dims=\"1\" loading=\"lazy\" decoding=\"async\" class=\"size-full wp-image-47459\" alt=\"INSOSTENIBLE.- Los dirigentes est\u00e1n muy molestos por la situaci\u00f3n y expondr\u00e1n la problem\u00e1tica en Concejo Municipal.\" src=\"https:\/\/i0.wp.com\/www.eltrabajo.cl\/portal\/wp-content\/uploads\/2014\/06\/Plazoleta1.jpg?resize=528%2C401\" width=\"528\" height=\"401\" srcset=\"https:\/\/i0.wp.com\/eltrabajo.cl\/portal\/wp-content\/uploads\/2014\/06\/Plazoleta1.jpg?w=528&amp;ssl=1 528w, https:\/\/i0.wp.com\/eltrabajo.cl\/portal\/wp-content\/uploads\/2014\/06\/Plazoleta1.jpg?resize=197%2C150&amp;ssl=1 197w, https:\/\/i0.wp.com\/eltrabajo.cl\/portal\/wp-content\/uploads\/2014\/06\/Plazoleta1.jpg?resize=300%2C227&amp;ssl=1 300w, https:\/\/i0.wp.com\/eltrabajo.cl\/portal\/wp-content\/uploads\/2014\/06\/Plazoleta1.jpg?resize=150%2C113&amp;ssl=1 150w, https:\/\/i0.wp.com\/eltrabajo.cl\/portal\/wp-content\/uploads\/2014\/06\/Plazoleta1.jpg?resize=400%2C303&amp;ssl=1 400w\" sizes=\"auto, (max-width: 528px) 100vw, 528px\" \/><\/a><figcaption id=\"caption-attachment-47459\" class=\"wp-caption-text\">INSOSTENIBLE.- Los dirigentes est\u00e1n muy molestos por la situaci\u00f3n y expondr\u00e1n la problem\u00e1tica en Concejo Municipal.<\/figcaption><\/figure>\n<p>M\u00e1s que molestos se encuentran los dirigentes de la junta de vecinos Luis Gajardo Guerrero primera etapa, por los destrozos que ocasionaron desconocidos durante este fin de semana reci\u00e9n pasado en Plazoleta La Diversidad en la comuna de San Felipe. En el lugar v\u00e1ndalos quebraron los \u00e1rboles que adornaban la plaza, rompieron focos y apedrearon algunas casas del sector rompiendo portones y vidrios, hecho que dejaron diversos da\u00f1os en los domicilios del lugar.<\/p>\n<figure id=\"attachment_47460\" aria-describedby=\"caption-attachment-47460\" style=\"width: 370px\" class=\"wp-caption alignright\"><a href=\"https:\/\/i0.wp.com\/www.eltrabajo.cl\/portal\/wp-content\/uploads\/2014\/06\/Ventana1.jpg\"><img data-recalc-dims=\"1\" loading=\"lazy\" decoding=\"async\" class=\" wp-image-47460 \" alt=\"VIOLENTO ACCIONAR.- Las ventanas de algunas casas fueron destruidas por los j\u00f3venes v\u00e1ndalos que atentan contra la paz en ese sector de la provincia.\" src=\"https:\/\/i0.wp.com\/www.eltrabajo.cl\/portal\/wp-content\/uploads\/2014\/06\/Ventana1.jpg?resize=370%2C280\" width=\"370\" height=\"280\" srcset=\"https:\/\/i0.wp.com\/eltrabajo.cl\/portal\/wp-content\/uploads\/2014\/06\/Ventana1.jpg?w=529&amp;ssl=1 529w, https:\/\/i0.wp.com\/eltrabajo.cl\/portal\/wp-content\/uploads\/2014\/06\/Ventana1.jpg?resize=198%2C150&amp;ssl=1 198w, https:\/\/i0.wp.com\/eltrabajo.cl\/portal\/wp-content\/uploads\/2014\/06\/Ventana1.jpg?resize=300%2C226&amp;ssl=1 300w, https:\/\/i0.wp.com\/eltrabajo.cl\/portal\/wp-content\/uploads\/2014\/06\/Ventana1.jpg?resize=150%2C113&amp;ssl=1 150w, https:\/\/i0.wp.com\/eltrabajo.cl\/portal\/wp-content\/uploads\/2014\/06\/Ventana1.jpg?resize=400%2C302&amp;ssl=1 400w\" sizes=\"auto, (max-width: 370px) 100vw, 370px\" \/><\/a><figcaption id=\"caption-attachment-47460\" class=\"wp-caption-text\">VIOLENTO ACCIONAR.- Las ventanas de algunas casas fueron destruidas por los j\u00f3venes v\u00e1ndalos que atentan contra la paz en ese sector de la provincia.<\/figcaption><\/figure>\n<p><strong>\u00abESTAMOS INDIGNADOS\u00bb<\/strong><\/p>\n<p>El Presidente de la unidad vecinal del sector, Patricio Jofr\u00e9, incluso plantea como \u00fanica soluci\u00f3n cerrar el lugar, quien relat\u00f3 a nuestro medio lo sucedido durante la madrugada de este domingo.<\/p>\n<p>\u00abExiste un gran malestar entre la gente y entre nosotros como dirigentes, al ver c\u00f3mo un sacrificio de tanto tiempo, de plantar estos arbolitos y de haberlos cuidado durante un a\u00f1o, finalmente encontrarlos en estas condiciones producto del vandalismo que se produce durante los fines de sema, e incluso durante casi todos los d\u00edas\u00bb, coment\u00f3 Jofr\u00e9.<\/p>\n<p>\u00abNosotros estamos realizando un gran esfuerzo por hacer cosas como tener juegos para nuestros hijos y nietos, pero yo hice saber a las autoridades el malestar que se produce con j\u00f3venes que llegan al lugar a fumar y a consumir alcohol, por lo que decidimos instalar unos portones que finalmente fueron robados\u00bb.<\/p>\n<p><strong>POSIBLE CIERRE<\/strong><\/p>\n<p>Lamentablemente esta situaci\u00f3n se comienza a hacer habitual, escapando de las manos de las autoridades y la Polic\u00eda, seg\u00fan lo manifestado por el dirigente, por lo que no saben a qui\u00e9n recurrir y plantean como alternativa cerrar definitivamente el lugar, ya que la situaci\u00f3n no da para m\u00e1s, aprovechando que este ser\u00eda un pasaje ciego lo que facilitar\u00eda su cierre.<\/p>\n<p>Jofr\u00e9 plantear\u00e1 la situaci\u00f3n ante el Concejo Municipal para solicitar su cierre definitivo ya que la gran mayor\u00eda de los vecinos se encuentra de acuerdo con ello, incluso la presidenta de los departamentos colindantes a la plazoleta estar\u00eda dispuesta a realizar un informe para apoyar la iniciativa.<\/p>\n<p>Por otra parte la secretaria de la Junta de vecinos, Mar\u00eda Elena Yanca, dijo que la situaci\u00f3n causa una pena enorme, puesto que junto a \u00e1reas verdes la plazoleta ha sido cuidada durante mucho tiempo y que los \u00e1rboles ayudaban a capear el fuerte sol que se deja sentir durante los meses de verano. Agreg\u00f3 que los individuos no han sido identificados, pero el da\u00f1o que causaron fue enorme.<\/p>\n<p>\u00abDa pena ver que hoy en d\u00eda nadie sabe lo que hacen los j\u00f3venes, yo no s\u00e9 d\u00f3nde est\u00e1n sus padres, incluso ese mismo d\u00eda tres j\u00f3venes de entre doce y catorce a\u00f1os se encontraban haciendo una inmensa fogata y quienes al consultarles lo que hac\u00edan, dieron como respuesta que ten\u00edan fr\u00edo y que estaban aburridos en sus casas. El d\u00eda de los desmanes -agreg\u00f3 Yanca- apedrearon la casa de un vecino rompi\u00e9ndole un vidrio que afortunadamente no trajo consecuencias m\u00e1s graves que un ventanal roto, ya que la familia dorm\u00eda en otra habitaci\u00f3n del inmueble\u00bb.<\/p>\n<p>Entre los da\u00f1os tambi\u00e9n se encuentra un port\u00f3n de una vivienda de la poblaci\u00f3n, lo que tampoco es la primera vez que ocurre. Para Yanca, esta situaci\u00f3n es insostenible y agreg\u00f3 que en ocasiones anteriores se denunci\u00f3 el hecho de manera formal. \u00abSe denunci\u00f3 el hecho cuando nos rompieron los portones y rompieron los candados, pero la fiscal\u00eda cerr\u00f3 el caso porque no hab\u00edan antecedentes, sin embargo a nosotros nunca nos llamaron ni siquiera para preguntar qu\u00e9 fue lo que pas\u00f3\u00bb, concluy\u00f3 la dirigente.<\/p>\n","protected":false},"excerpt":{"rendered":"<p>M\u00e1s que molestos se encuentran los dirigentes de la junta de vecinos Luis Gajardo Guerrero primera etapa, por los destrozos que ocasionaron desconocidos durante este fin de semana reci\u00e9n pasado en Plazoleta&#8230;<\/p>\n","protected":false},"author":482,"featured_media":47459,"comment_status":"open","ping_status":"closed","sticky":false,"template":"","format":"standard","meta":{"advanced_seo_description":"","jetpack_seo_html_title":"","jetpack_seo_noindex":false,"_jetpack_memberships_contains_paid_content":false,"footnotes":""},"categories":[15],"tags":[],"class_list":["post-47458","post","type-post","status-publish","format-standard","has-post-thumbnail","hentry","category-comunidad"],"jetpack_featured_media_url":"https:\/\/i0.wp.com\/eltrabajo.cl\/portal\/wp-content\/uploads\/2014\/06\/Plazoleta1.jpg?fit=528%2C401&ssl=1","jetpack_sharing_enabled":true,"jetpack_likes_enabled":true,"jetpack-related-posts":[],"_links":{"self":[{"href":"https:\/\/eltrabajo.cl\/portal\/wp-json\/wp\/v2\/posts\/47458","targetHints":{"allow":["GET"]}}],"collection":[{"href":"https:\/\/eltrabajo.cl\/portal\/wp-json\/wp\/v2\/posts"}],"about":[{"href":"https:\/\/eltrabajo.cl\/portal\/wp-json\/wp\/v2\/types\/post"}],"author":[{"embeddable":true,"href":"https:\/\/eltrabajo.cl\/portal\/wp-json\/wp\/v2\/users\/482"}],"replies":[{"embeddable":true,"href":"https:\/\/eltrabajo.cl\/portal\/wp-json\/wp\/v2\/comments?post=47458"}],"version-history":[{"count":0,"href":"https:\/\/eltrabajo.cl\/portal\/wp-json\/wp\/v2\/posts\/47458\/revisions"}],"wp:featuredmedia":[{"embeddable":true,"href":"https:\/\/eltrabajo.cl\/portal\/wp-json\/wp\/v2\/media\/47459"}],"wp:attachment":[{"href":"https:\/\/eltrabajo.cl\/portal\/wp-json\/wp\/v2\/media?parent=47458"}],"wp:term":[{"taxonomy":"category","embeddable":true,"href":"https:\/\/eltrabajo.cl\/portal\/wp-json\/wp\/v2\/categories?post=47458"},{"taxonomy":"post_tag","embeddable":true,"href":"https:\/\/eltrabajo.cl\/portal\/wp-json\/wp\/v2\/tags?post=47458"}],"curies":[{"name":"wp","href":"https:\/\/api.w.org\/{rel}","templated":true}]}}