{"id":47463,"date":"2014-06-10T09:47:31","date_gmt":"2014-06-10T13:47:31","guid":{"rendered":"http:\/\/www.eltrabajo.cl\/portal\/?p=47463"},"modified":"2014-06-10T09:47:31","modified_gmt":"2014-06-10T13:47:31","slug":"abren-albergue-municipal-para-25-personas-en-condicion-de-calle","status":"publish","type":"post","link":"https:\/\/eltrabajo.cl\/portal\/abren-albergue-municipal-para-25-personas-en-condicion-de-calle\/","title":{"rendered":"Abren albergue municipal para 25 personas en condici\u00f3n de calle"},"content":{"rendered":"<figure id=\"attachment_47464\" aria-describedby=\"caption-attachment-47464\" style=\"width: 528px\" class=\"wp-caption alignnone\"><a href=\"https:\/\/i0.wp.com\/www.eltrabajo.cl\/portal\/wp-content\/uploads\/2014\/06\/Albergue1.jpg\"><img data-recalc-dims=\"1\" loading=\"lazy\" decoding=\"async\" class=\"size-full wp-image-47464\" alt=\"Con cupo para 25 personas, la Municipalidad de San Felipe habilit\u00f3 albergue municipal para personas en situaci\u00f3n de calle.\" src=\"https:\/\/i0.wp.com\/www.eltrabajo.cl\/portal\/wp-content\/uploads\/2014\/06\/Albergue1.jpg?resize=528%2C379\" width=\"528\" height=\"379\" srcset=\"https:\/\/i0.wp.com\/eltrabajo.cl\/portal\/wp-content\/uploads\/2014\/06\/Albergue1.jpg?w=528&amp;ssl=1 528w, https:\/\/i0.wp.com\/eltrabajo.cl\/portal\/wp-content\/uploads\/2014\/06\/Albergue1.jpg?resize=200%2C143&amp;ssl=1 200w, https:\/\/i0.wp.com\/eltrabajo.cl\/portal\/wp-content\/uploads\/2014\/06\/Albergue1.jpg?resize=300%2C215&amp;ssl=1 300w, https:\/\/i0.wp.com\/eltrabajo.cl\/portal\/wp-content\/uploads\/2014\/06\/Albergue1.jpg?resize=150%2C107&amp;ssl=1 150w, https:\/\/i0.wp.com\/eltrabajo.cl\/portal\/wp-content\/uploads\/2014\/06\/Albergue1.jpg?resize=400%2C287&amp;ssl=1 400w\" sizes=\"auto, (max-width: 528px) 100vw, 528px\" \/><\/a><figcaption id=\"caption-attachment-47464\" class=\"wp-caption-text\">Con cupo para 25 personas, la Municipalidad de San Felipe habilit\u00f3 albergue municipal para personas en situaci\u00f3n de calle.<\/figcaption><\/figure>\n<p>Desde el viernes pasado la Municipalidad de San Felipe ya tiene habilitado el albergue municipal para las personas en situaci\u00f3n de calle de nuestra comuna, con un cupo de 25 personas y que tiene como objetivo entregar la posibilidad a estos vecinos de resguardarse de las bajas temperaturas que se sienten por las noches.<\/p>\n<p>Este a\u00f1o la Municipalidad de San Felipe postul\u00f3 al Ministerio de Desarrollo Social para hacerse cargo de este proyecto, logrando los recursos que superan los $40 millones y que contempla el albergue y la ruta de calle. En horas de la ma\u00f1ana de este lunes, el Alcalde Patricio Freire acompa\u00f1ado del Gobernador Provincial Eduardo Le\u00f3n y del Director de Desarrollo Social, Pablo Silva, visitaron el lugar para conocer en detalle el funcionamiento, luego de que el fin de semana ya se recibieran vecinos que se encontraban en situaci\u00f3n de calle.<\/p>\n<p>\u201cHoy estamos trabajando codo a codo con la gobernaci\u00f3n y estamos llevando a cabo una importante cantidad de proyectos, apoyando a nuestros vecinos, estuvimos ya el s\u00e1bado en la noche con cinco personas que estaban ac\u00e1, hicimos una bendici\u00f3n del lugar y el domingo tuvimos 10 personas y tenemos una capacidad de 25 personas, sin duda este es un gran logro del municipio que realiz\u00f3 las gestiones para contar con el 100% de los recursos que vienen desde el Ministerio de Desarrollo Social\u201d, dijo el Alcalde Freire.<\/p>\n<p><strong>AS\u00cd FUNCIONA<\/strong><\/p>\n<p>El albergue tiene un cupo de 25 personas y su horario de atenci\u00f3n es de 17:00 a 09:00 horas, tiempo en que los beneficiarios deben hacer abandono del lugar, con excepci\u00f3n de los d\u00edas de lluvia, que tienen la posibilidad de mantenerse en las instalaciones.<\/p>\n<p>Adem\u00e1s, en el lugar est\u00e1n presentes dos monitores vespertinos; dos monitores nocturnos; una manipuladora de alimentos; un param\u00e9dico y la coordinadora, el albergue estar\u00e1 abierto hasta los \u00faltimos d\u00edas de septiembre. En tanto, La Ruta de calle contempla la entrega de alimentaci\u00f3n a las personas que se mantengan en esa condici\u00f3n y no quieran hacer uso del albergue, tanto desayuno como cena, trabajo que realizan dos monitores en un veh\u00edculo destinado para el recorrido.<\/p>\n<p>\u201cNosotros calculamos mantener habilitado hasta la \u00faltima semana de septiembre dado que el a\u00f1o pasado estuvo muy helado, los horarios de atenci\u00f3n son de 19:00 horas hasta las 09:00 horas y si est\u00e1 muy helado pueden llegar a las cinco de la tarde, en d\u00edas de lluvia funciona todo el d\u00eda y destacar a los vecinos que vean o sepan de personas que est\u00e1n viviendo en condici\u00f3n de calle, que se comuniquen con la municipalidad para nosotros hacer las coordinaciones para ir en b\u00fasqueda de ellos\u201d, dijo Pablo Silva.<\/p>\n<p>&nbsp;<\/p>\n","protected":false},"excerpt":{"rendered":"<p>Desde el viernes pasado la Municipalidad de San Felipe ya tiene habilitado el albergue municipal para las personas en situaci\u00f3n de calle de nuestra comuna, con un cupo de 25 personas y&#8230;<\/p>\n","protected":false},"author":482,"featured_media":47464,"comment_status":"open","ping_status":"closed","sticky":false,"template":"","format":"standard","meta":{"advanced_seo_description":"","jetpack_seo_html_title":"","jetpack_seo_noindex":false,"_jetpack_memberships_contains_paid_content":false,"footnotes":""},"categories":[1],"tags":[],"class_list":["post-47463","post","type-post","status-publish","format-standard","has-post-thumbnail","hentry","category-cronica"],"jetpack_featured_media_url":"https:\/\/i0.wp.com\/eltrabajo.cl\/portal\/wp-content\/uploads\/2014\/06\/Albergue1.jpg?fit=528%2C379&ssl=1","jetpack_sharing_enabled":true,"jetpack_likes_enabled":true,"jetpack-related-posts":[],"_links":{"self":[{"href":"https:\/\/eltrabajo.cl\/portal\/wp-json\/wp\/v2\/posts\/47463","targetHints":{"allow":["GET"]}}],"collection":[{"href":"https:\/\/eltrabajo.cl\/portal\/wp-json\/wp\/v2\/posts"}],"about":[{"href":"https:\/\/eltrabajo.cl\/portal\/wp-json\/wp\/v2\/types\/post"}],"author":[{"embeddable":true,"href":"https:\/\/eltrabajo.cl\/portal\/wp-json\/wp\/v2\/users\/482"}],"replies":[{"embeddable":true,"href":"https:\/\/eltrabajo.cl\/portal\/wp-json\/wp\/v2\/comments?post=47463"}],"version-history":[{"count":0,"href":"https:\/\/eltrabajo.cl\/portal\/wp-json\/wp\/v2\/posts\/47463\/revisions"}],"wp:featuredmedia":[{"embeddable":true,"href":"https:\/\/eltrabajo.cl\/portal\/wp-json\/wp\/v2\/media\/47464"}],"wp:attachment":[{"href":"https:\/\/eltrabajo.cl\/portal\/wp-json\/wp\/v2\/media?parent=47463"}],"wp:term":[{"taxonomy":"category","embeddable":true,"href":"https:\/\/eltrabajo.cl\/portal\/wp-json\/wp\/v2\/categories?post=47463"},{"taxonomy":"post_tag","embeddable":true,"href":"https:\/\/eltrabajo.cl\/portal\/wp-json\/wp\/v2\/tags?post=47463"}],"curies":[{"name":"wp","href":"https:\/\/api.w.org\/{rel}","templated":true}]}}