{"id":47478,"date":"2014-06-11T09:29:36","date_gmt":"2014-06-11T13:29:36","guid":{"rendered":"http:\/\/www.eltrabajo.cl\/portal\/?p=47478"},"modified":"2014-06-11T09:29:36","modified_gmt":"2014-06-11T13:29:36","slug":"deportistas-sanfelipenos-sacuden-gimnasio-municipal-de-limache","status":"publish","type":"post","link":"https:\/\/eltrabajo.cl\/portal\/deportistas-sanfelipenos-sacuden-gimnasio-municipal-de-limache\/","title":{"rendered":"Deportistas sanfelipe\u00f1os sacuden Gimnasio Municipal de Limache"},"content":{"rendered":"<figure id=\"attachment_47480\" aria-describedby=\"caption-attachment-47480\" style=\"width: 529px\" class=\"wp-caption alignnone\"><a href=\"https:\/\/i0.wp.com\/www.eltrabajo.cl\/portal\/wp-content\/uploads\/2014\/06\/Marciales1.jpg\"><img data-recalc-dims=\"1\" loading=\"lazy\" decoding=\"async\" class=\"size-full wp-image-47480\" alt=\"BRILLANTES.- Una impecable presentaci\u00f3n tuvieron los  representantes de Hodori Artes Marciales Departamento del Club Social y Cultural Marcela Sabaj Sabaj.\" src=\"https:\/\/i0.wp.com\/www.eltrabajo.cl\/portal\/wp-content\/uploads\/2014\/06\/Marciales1.jpg?resize=529%2C323\" width=\"529\" height=\"323\" srcset=\"https:\/\/i0.wp.com\/eltrabajo.cl\/portal\/wp-content\/uploads\/2014\/06\/Marciales1.jpg?w=529&amp;ssl=1 529w, https:\/\/i0.wp.com\/eltrabajo.cl\/portal\/wp-content\/uploads\/2014\/06\/Marciales1.jpg?resize=200%2C122&amp;ssl=1 200w, https:\/\/i0.wp.com\/eltrabajo.cl\/portal\/wp-content\/uploads\/2014\/06\/Marciales1.jpg?resize=300%2C183&amp;ssl=1 300w, https:\/\/i0.wp.com\/eltrabajo.cl\/portal\/wp-content\/uploads\/2014\/06\/Marciales1.jpg?resize=150%2C91&amp;ssl=1 150w, https:\/\/i0.wp.com\/eltrabajo.cl\/portal\/wp-content\/uploads\/2014\/06\/Marciales1.jpg?resize=400%2C244&amp;ssl=1 400w\" sizes=\"auto, (max-width: 529px) 100vw, 529px\" \/><\/a><figcaption id=\"caption-attachment-47480\" class=\"wp-caption-text\">BRILLANTES.- Una impecable presentaci\u00f3n tuvieron los representantes de Hodori Artes Marciales Departamento del Club Social y Cultural Marcela Sabaj Sabaj.<\/figcaption><\/figure>\n<p>Una impecable presentaci\u00f3n tuvieron representantes de Hodori Artes Marciales Departamento del Club Social y Cultural Marcela Sabaj Sabaj, en la exhibici\u00f3n por academias pertenecientes a la Federaci\u00f3n Karate Chile \u2018Fe.Ka.Chi\u2019, que se realiz\u00f3 en el Gimnasio Municipal de Limache durante la tarde de este domingo 8 de junio. Karate Chile es una de las federaciones m\u00e1s antiguas de la regi\u00f3n y de Chile que dirige el Maestro H\u00e9ctor Pereira Solorza. En la ocasi\u00f3n, la instituci\u00f3n deportiva sanfelipe\u00f1a particip\u00f3 en la entrega de los permisos de grados y de la certificaci\u00f3n otorgada por Carabineros de Chile, organismo fiscalizador en este tipo de disciplinas. Los peque\u00f1os Guerreros de \u2018Hodori Artes Marciales\u2019, miembros de la federaci\u00f3n, Brillaron en su presentaci\u00f3n recibiendo el aplauso insistente del p\u00fablico como as\u00ed tambi\u00e9n el reconocimiento de maestros de las dem\u00e1s academias participantes.<\/p>\n<figure id=\"attachment_47479\" aria-describedby=\"caption-attachment-47479\" style=\"width: 370px\" class=\"wp-caption alignright\"><a href=\"https:\/\/i0.wp.com\/www.eltrabajo.cl\/portal\/wp-content\/uploads\/2014\/06\/maestro-victor-caballero-junto-a-dos-alumnos.jpg\"><img data-recalc-dims=\"1\" loading=\"lazy\" decoding=\"async\" class=\" wp-image-47479 \" alt=\"UN GRAN MAESTRO.- El Maestro Caballero aprovech\u00f3 la oportunidad para contar que la instituci\u00f3n se encuentra en pleno trabajo para realizar el tradicional Campeonato de Artes Marciales Copa San Felipe El Real en su XIII versi\u00f3n.\" src=\"https:\/\/i0.wp.com\/www.eltrabajo.cl\/portal\/wp-content\/uploads\/2014\/06\/maestro-victor-caballero-junto-a-dos-alumnos.jpg?resize=370%2C281\" width=\"370\" height=\"281\" srcset=\"https:\/\/i0.wp.com\/eltrabajo.cl\/portal\/wp-content\/uploads\/2014\/06\/maestro-victor-caballero-junto-a-dos-alumnos.jpg?w=529&amp;ssl=1 529w, https:\/\/i0.wp.com\/eltrabajo.cl\/portal\/wp-content\/uploads\/2014\/06\/maestro-victor-caballero-junto-a-dos-alumnos.jpg?resize=197%2C150&amp;ssl=1 197w, https:\/\/i0.wp.com\/eltrabajo.cl\/portal\/wp-content\/uploads\/2014\/06\/maestro-victor-caballero-junto-a-dos-alumnos.jpg?resize=300%2C227&amp;ssl=1 300w, https:\/\/i0.wp.com\/eltrabajo.cl\/portal\/wp-content\/uploads\/2014\/06\/maestro-victor-caballero-junto-a-dos-alumnos.jpg?resize=150%2C113&amp;ssl=1 150w, https:\/\/i0.wp.com\/eltrabajo.cl\/portal\/wp-content\/uploads\/2014\/06\/maestro-victor-caballero-junto-a-dos-alumnos.jpg?resize=400%2C303&amp;ssl=1 400w\" sizes=\"auto, (max-width: 370px) 100vw, 370px\" \/><\/a><figcaption id=\"caption-attachment-47479\" class=\"wp-caption-text\">UN GRAN MAESTRO.- El Maestro Caballero aprovech\u00f3 la oportunidad para contar que la instituci\u00f3n se encuentra en pleno trabajo para realizar el tradicional Campeonato de Artes Marciales Copa San Felipe El Real en su XIII versi\u00f3n.<\/figcaption><\/figure>\n<p>\u201cLos guerreros con lluvia y fr\u00edo participaron dejando en alto el nombre de nuestra querida ciudad de San Felipe\u201d, coment\u00f3 el Profesor V\u00edctor Caballero Astudillo, Cintur\u00f3n Negro Sexto Dan y quien encabez\u00f3 la delegaci\u00f3n.<\/p>\n<p><strong>VIENE CAMPEONATO<\/strong><\/p>\n<p>El Maestro Caballero aprovech\u00f3 la oportunidad para contar que la instituci\u00f3n se encuentra en pleno trabajo para realizar el tradicional Campeonato de Artes Marciales Copa San Felipe El Real en su XIII versi\u00f3n, el que est\u00e1 programado para el pr\u00f3ximo 10 de agosto y que se enmarca en las actividades de celebraci\u00f3n del aniversario de la ciudad de San Felipe.<\/p>\n<p>Para la oportunidad se contempla la realizaci\u00f3n de competencias por equipos, katas y formas, competencias individuales, ligth-contact, lucha piso escolar, katas y formas con armas, katas y formas a manos vac\u00edas, combate al punto tradicional, sumisi\u00f3n adultos y combates cintas negras. La actividad se desarrollar\u00e1 en las dependencias del gimnasio Polit\u00e9cnico ubicado en Carlos Condell # 218 de la ciudad de San Felipe.<\/p>\n<p>&nbsp;<\/p>\n","protected":false},"excerpt":{"rendered":"<p>Una impecable presentaci\u00f3n tuvieron representantes de Hodori Artes Marciales Departamento del Club Social y Cultural Marcela Sabaj Sabaj, en la exhibici\u00f3n por academias pertenecientes a la Federaci\u00f3n Karate Chile \u2018Fe.Ka.Chi\u2019, que se&#8230;<\/p>\n","protected":false},"author":482,"featured_media":47480,"comment_status":"open","ping_status":"closed","sticky":false,"template":"","format":"standard","meta":{"advanced_seo_description":"","jetpack_seo_html_title":"","jetpack_seo_noindex":false,"_jetpack_memberships_contains_paid_content":false,"footnotes":""},"categories":[15],"tags":[],"class_list":["post-47478","post","type-post","status-publish","format-standard","has-post-thumbnail","hentry","category-comunidad"],"jetpack_featured_media_url":"https:\/\/i0.wp.com\/eltrabajo.cl\/portal\/wp-content\/uploads\/2014\/06\/Marciales1.jpg?fit=529%2C323&ssl=1","jetpack_sharing_enabled":true,"jetpack_likes_enabled":true,"jetpack-related-posts":[],"_links":{"self":[{"href":"https:\/\/eltrabajo.cl\/portal\/wp-json\/wp\/v2\/posts\/47478","targetHints":{"allow":["GET"]}}],"collection":[{"href":"https:\/\/eltrabajo.cl\/portal\/wp-json\/wp\/v2\/posts"}],"about":[{"href":"https:\/\/eltrabajo.cl\/portal\/wp-json\/wp\/v2\/types\/post"}],"author":[{"embeddable":true,"href":"https:\/\/eltrabajo.cl\/portal\/wp-json\/wp\/v2\/users\/482"}],"replies":[{"embeddable":true,"href":"https:\/\/eltrabajo.cl\/portal\/wp-json\/wp\/v2\/comments?post=47478"}],"version-history":[{"count":0,"href":"https:\/\/eltrabajo.cl\/portal\/wp-json\/wp\/v2\/posts\/47478\/revisions"}],"wp:featuredmedia":[{"embeddable":true,"href":"https:\/\/eltrabajo.cl\/portal\/wp-json\/wp\/v2\/media\/47480"}],"wp:attachment":[{"href":"https:\/\/eltrabajo.cl\/portal\/wp-json\/wp\/v2\/media?parent=47478"}],"wp:term":[{"taxonomy":"category","embeddable":true,"href":"https:\/\/eltrabajo.cl\/portal\/wp-json\/wp\/v2\/categories?post=47478"},{"taxonomy":"post_tag","embeddable":true,"href":"https:\/\/eltrabajo.cl\/portal\/wp-json\/wp\/v2\/tags?post=47478"}],"curies":[{"name":"wp","href":"https:\/\/api.w.org\/{rel}","templated":true}]}}