{"id":47492,"date":"2014-06-11T09:34:05","date_gmt":"2014-06-11T13:34:05","guid":{"rendered":"http:\/\/www.eltrabajo.cl\/portal\/?p=47492"},"modified":"2014-06-11T09:34:05","modified_gmt":"2014-06-11T13:34:05","slug":"firmado-convenio-de-cooperacion-entre-escuela-agricola-y-el-municipio","status":"publish","type":"post","link":"https:\/\/eltrabajo.cl\/portal\/firmado-convenio-de-cooperacion-entre-escuela-agricola-y-el-municipio\/","title":{"rendered":"Firmado convenio de cooperaci\u00f3n entre Escuela Agr\u00edcola y el municipio"},"content":{"rendered":"<figure id=\"attachment_47493\" aria-describedby=\"caption-attachment-47493\" style=\"width: 529px\" class=\"wp-caption alignnone\"><a href=\"https:\/\/i0.wp.com\/www.eltrabajo.cl\/portal\/wp-content\/uploads\/2014\/06\/Agricola1.jpg\"><img data-recalc-dims=\"1\" loading=\"lazy\" decoding=\"async\" class=\"size-full wp-image-47493\" alt=\"HUERTAS SALUDABLES.- Las escuelas F-61 San Rafael; Rep\u00fablica de Argentina de El Tambo y la Mateo Cokljat de Tierras Blancas, son los centros educativos que son parte de este convenio.\" src=\"https:\/\/i0.wp.com\/www.eltrabajo.cl\/portal\/wp-content\/uploads\/2014\/06\/Agricola1.jpg?resize=529%2C315\" width=\"529\" height=\"315\" srcset=\"https:\/\/i0.wp.com\/eltrabajo.cl\/portal\/wp-content\/uploads\/2014\/06\/Agricola1.jpg?w=529&amp;ssl=1 529w, https:\/\/i0.wp.com\/eltrabajo.cl\/portal\/wp-content\/uploads\/2014\/06\/Agricola1.jpg?resize=200%2C119&amp;ssl=1 200w, https:\/\/i0.wp.com\/eltrabajo.cl\/portal\/wp-content\/uploads\/2014\/06\/Agricola1.jpg?resize=300%2C178&amp;ssl=1 300w, https:\/\/i0.wp.com\/eltrabajo.cl\/portal\/wp-content\/uploads\/2014\/06\/Agricola1.jpg?resize=150%2C89&amp;ssl=1 150w, https:\/\/i0.wp.com\/eltrabajo.cl\/portal\/wp-content\/uploads\/2014\/06\/Agricola1.jpg?resize=400%2C238&amp;ssl=1 400w\" sizes=\"auto, (max-width: 529px) 100vw, 529px\" \/><\/a><figcaption id=\"caption-attachment-47493\" class=\"wp-caption-text\">HUERTAS SALUDABLES.- Las escuelas F-61 San Rafael; Rep\u00fablica de Argentina de El Tambo y la Mateo Cokljat de Tierras Blancas, son los centros educativos que son parte de este convenio.<\/figcaption><\/figure>\n<p>Este martes el Alcalde Patricio Freire firm\u00f3 un convenio de cooperaci\u00f3n entre la Municipalidad de San Felipe y la Escuela Agr\u00edcola, que tiene como objetivo apoyar la creaci\u00f3n de huertos saludables al interior de las escuelas municipalizadas de la comuna. El convenio contempla utilizar la experiencia de los profesionales de este establecimiento en el \u00e1rea agr\u00edcola y aportar sus conocimientos para potenciar un cambio cultural para la sustentabilidad ambiental en las escuelas municipales, desarrollando l\u00edneas de acci\u00f3n complementarias para fortalecer la educaci\u00f3n ambiental y protecci\u00f3n del medioambiente.<\/p>\n<p>\u201cEsta es una primera etapa, ver lo que hay, nosotros vamos a ir con algunos de nuestros profesores y alumnos a ver la realidad de cada una de las escuelas en cuesti\u00f3n, para poder hacer un plan de trabajo\u201d, se\u00f1al\u00f3 Carlos Dasso, Director de la Escuela Agr\u00edcola. El trabajo se va a extender durante todo el a\u00f1o, tiempo durante el cual los profesores y alumnos de la Escuela Agr\u00edcola entregar\u00e1n sus conocimientos para habilitar huertos en los establecimientos escogidos en distintos sectores de la comuna de San Felipe.<\/p>\n<p>\u201cLa idea es que este a\u00f1o est\u00e9 presente la Escuela Agr\u00edcola; que este a\u00f1o los profesores de la escuela y los alumnos apadrinen a los profesores y alumnos de las escuelas donde vamos a tener los huertos saludables, pensando en que este huerto es un lugar donde no solo se planta una planta, sino que tambi\u00e9n se planta el futuro de nuestro planeta y muchas veces el futuro de las mismas familias, la idea es que los ni\u00f1os tomen este conocimiento y lo lleven a sus casas y ah\u00ed se produzcan las r\u00e9plicas de huertos y cada familia empiece a tener su propia huerta\u201d, se\u00f1al\u00f3 Jenny Henr\u00edquez, Directora de Salud Municipal.<\/p>\n","protected":false},"excerpt":{"rendered":"<p>Este martes el Alcalde Patricio Freire firm\u00f3 un convenio de cooperaci\u00f3n entre la Municipalidad de San Felipe y la Escuela Agr\u00edcola, que tiene como objetivo apoyar la creaci\u00f3n de huertos saludables al&#8230;<\/p>\n","protected":false},"author":482,"featured_media":47493,"comment_status":"open","ping_status":"closed","sticky":false,"template":"","format":"standard","meta":{"advanced_seo_description":"","jetpack_seo_html_title":"","jetpack_seo_noindex":false,"_jetpack_memberships_contains_paid_content":false,"footnotes":""},"categories":[1],"tags":[],"class_list":["post-47492","post","type-post","status-publish","format-standard","has-post-thumbnail","hentry","category-cronica"],"jetpack_featured_media_url":"https:\/\/i0.wp.com\/eltrabajo.cl\/portal\/wp-content\/uploads\/2014\/06\/Agricola1.jpg?fit=529%2C315&ssl=1","jetpack_sharing_enabled":true,"jetpack_likes_enabled":true,"jetpack-related-posts":[],"_links":{"self":[{"href":"https:\/\/eltrabajo.cl\/portal\/wp-json\/wp\/v2\/posts\/47492","targetHints":{"allow":["GET"]}}],"collection":[{"href":"https:\/\/eltrabajo.cl\/portal\/wp-json\/wp\/v2\/posts"}],"about":[{"href":"https:\/\/eltrabajo.cl\/portal\/wp-json\/wp\/v2\/types\/post"}],"author":[{"embeddable":true,"href":"https:\/\/eltrabajo.cl\/portal\/wp-json\/wp\/v2\/users\/482"}],"replies":[{"embeddable":true,"href":"https:\/\/eltrabajo.cl\/portal\/wp-json\/wp\/v2\/comments?post=47492"}],"version-history":[{"count":0,"href":"https:\/\/eltrabajo.cl\/portal\/wp-json\/wp\/v2\/posts\/47492\/revisions"}],"wp:featuredmedia":[{"embeddable":true,"href":"https:\/\/eltrabajo.cl\/portal\/wp-json\/wp\/v2\/media\/47493"}],"wp:attachment":[{"href":"https:\/\/eltrabajo.cl\/portal\/wp-json\/wp\/v2\/media?parent=47492"}],"wp:term":[{"taxonomy":"category","embeddable":true,"href":"https:\/\/eltrabajo.cl\/portal\/wp-json\/wp\/v2\/categories?post=47492"},{"taxonomy":"post_tag","embeddable":true,"href":"https:\/\/eltrabajo.cl\/portal\/wp-json\/wp\/v2\/tags?post=47492"}],"curies":[{"name":"wp","href":"https:\/\/api.w.org\/{rel}","templated":true}]}}