{"id":47495,"date":"2014-06-11T09:37:37","date_gmt":"2014-06-11T13:37:37","guid":{"rendered":"http:\/\/www.eltrabajo.cl\/portal\/?p=47495"},"modified":"2014-06-11T09:37:37","modified_gmt":"2014-06-11T13:37:37","slug":"colbun-acuerda-traspaso-de-derechos-de-agua-del-rio-rocin-con-la-jvrp","status":"publish","type":"post","link":"https:\/\/eltrabajo.cl\/portal\/colbun-acuerda-traspaso-de-derechos-de-agua-del-rio-rocin-con-la-jvrp\/","title":{"rendered":"Colb\u00fan acuerda traspaso de derechos de agua del R\u00edo Roc\u00edn con la JVRP"},"content":{"rendered":"<figure id=\"attachment_47497\" aria-describedby=\"caption-attachment-47497\" style=\"width: 528px\" class=\"wp-caption alignnone\"><a href=\"https:\/\/i0.wp.com\/www.eltrabajo.cl\/portal\/wp-content\/uploads\/2014\/06\/Acuerdos2014.jpg\"><img data-recalc-dims=\"1\" loading=\"lazy\" decoding=\"async\" class=\"size-full wp-image-47497\" title=\"Representantes de la Junta Vigilancia R\u00edo Putaendo junto a representantes de la Generadora El\u00e9ctrica Colb\u00fan, durante la firma de convenio.\" alt=\"Representantes de la Junta Vigilancia R\u00edo Putaendo junto a representantes de la Generadora El\u00e9ctrica Colb\u00fan, durante la firma de convenio.\" src=\"https:\/\/i0.wp.com\/www.eltrabajo.cl\/portal\/wp-content\/uploads\/2014\/06\/Acuerdos2014.jpg?resize=528%2C275\" width=\"528\" height=\"275\" srcset=\"https:\/\/i0.wp.com\/eltrabajo.cl\/portal\/wp-content\/uploads\/2014\/06\/Acuerdos2014.jpg?w=528&amp;ssl=1 528w, https:\/\/i0.wp.com\/eltrabajo.cl\/portal\/wp-content\/uploads\/2014\/06\/Acuerdos2014.jpg?resize=200%2C104&amp;ssl=1 200w, https:\/\/i0.wp.com\/eltrabajo.cl\/portal\/wp-content\/uploads\/2014\/06\/Acuerdos2014.jpg?resize=300%2C156&amp;ssl=1 300w, https:\/\/i0.wp.com\/eltrabajo.cl\/portal\/wp-content\/uploads\/2014\/06\/Acuerdos2014.jpg?resize=150%2C78&amp;ssl=1 150w, https:\/\/i0.wp.com\/eltrabajo.cl\/portal\/wp-content\/uploads\/2014\/06\/Acuerdos2014.jpg?resize=400%2C208&amp;ssl=1 400w\" sizes=\"auto, (max-width: 528px) 100vw, 528px\" \/><\/a><figcaption id=\"caption-attachment-47497\" class=\"wp-caption-text\">Representantes de la Junta Vigilancia R\u00edo Putaendo junto a representantes de la Generadora El\u00e9ctrica Colb\u00fan, durante la firma de convenio.<\/figcaption><\/figure>\n<ul>\n<li><strong>Trabajo conjunto de las partes, permite el traspaso de dos derechos de agua para que la Junta de Vigilancia del R\u00edo Putaendo pueda desarrollar proyectos hidroel\u00e9ctricos en el R\u00edo Roc\u00edn.<\/strong><\/li>\n<\/ul>\n<p>Mediante la firma de un Contrato de venta y Cesi\u00f3n de derechos de aguas en el R\u00edo Roc\u00edn, la Generadora El\u00e9ctrica Colb\u00fan cedi\u00f3 a la Junta de Vigilancia del R\u00edo Putaendo (JVRP) dos derechos de aguas constituidos el a\u00f1o 2011, con el objetivo de que la JVRP pueda desarrollar con ellos uno o m\u00e1s proyectos hidroel\u00e9ctricos en ese r\u00edo.<\/p>\n<figure id=\"attachment_47496\" aria-describedby=\"caption-attachment-47496\" style=\"width: 370px\" class=\"wp-caption alignright\"><a href=\"https:\/\/i0.wp.com\/www.eltrabajo.cl\/portal\/wp-content\/uploads\/2014\/06\/Acuerdo-Colbun.jpg\"><img data-recalc-dims=\"1\" loading=\"lazy\" decoding=\"async\" class=\" wp-image-47496 \" alt=\"VALIOSO ACUERDO.- Miguel Vega, Presidente de la JVRP, junto a Juan Eduardo V\u00e1squez, Gerente Divisi\u00f3n Negocios y Gesti\u00f3n de Energ\u00eda de Colb\u00fan, durante la firma de convenio.\" src=\"https:\/\/i0.wp.com\/www.eltrabajo.cl\/portal\/wp-content\/uploads\/2014\/06\/Acuerdo-Colbun.jpg?resize=370%2C225\" width=\"370\" height=\"225\" srcset=\"https:\/\/i0.wp.com\/eltrabajo.cl\/portal\/wp-content\/uploads\/2014\/06\/Acuerdo-Colbun.jpg?w=529&amp;ssl=1 529w, https:\/\/i0.wp.com\/eltrabajo.cl\/portal\/wp-content\/uploads\/2014\/06\/Acuerdo-Colbun.jpg?resize=200%2C121&amp;ssl=1 200w, https:\/\/i0.wp.com\/eltrabajo.cl\/portal\/wp-content\/uploads\/2014\/06\/Acuerdo-Colbun.jpg?resize=300%2C182&amp;ssl=1 300w, https:\/\/i0.wp.com\/eltrabajo.cl\/portal\/wp-content\/uploads\/2014\/06\/Acuerdo-Colbun.jpg?resize=150%2C91&amp;ssl=1 150w, https:\/\/i0.wp.com\/eltrabajo.cl\/portal\/wp-content\/uploads\/2014\/06\/Acuerdo-Colbun.jpg?resize=400%2C242&amp;ssl=1 400w\" sizes=\"auto, (max-width: 370px) 100vw, 370px\" \/><\/a><figcaption id=\"caption-attachment-47496\" class=\"wp-caption-text\">VALIOSO ACUERDO.- Miguel Vega, Presidente de la JVRP, junto a Juan Eduardo V\u00e1squez, Gerente Divisi\u00f3n Negocios y Gesti\u00f3n de Energ\u00eda de Colb\u00fan, durante la firma de convenio.<\/figcaption><\/figure>\n<p>Tras la ceremonia, Juan Eduardo V\u00e1squez, Gerente de la Divisi\u00f3n Negocios y Gesti\u00f3n de Energ\u00eda de Colb\u00fan, manifest\u00f3 que \u201clogramos un acuerdo equilibrado entre nosotros y la JVRP, quienes pueden sacar un provecho favorable para efectos de optimizar una cuenca que tiene pocos recursos h\u00eddricos, pero que bien utilizados pueden fomentar una eficiencia agr\u00edcola alta y alcanzar productividad en el \u00e1mbito energ\u00e9tico. Ellos van a poder desarrollar proyectos hidroel\u00e9ctricos, para los que les hemos dado el primer impulso entreg\u00e1ndoles los datos b\u00e1sicos y esenciales de tres alternativas de proyectos\u201d.<\/p>\n<p>Por su parte Miguel Vega, Presidente de la JVRP, expres\u00f3 que \u201cpara nosotros tiene una gran importancia habernos acercado a esta gran empresa. Nos vamos con un importante compromiso de poder construir esta central hidroel\u00e9ctrica, de poder sacarla adelante, y muy agradecidos de Colb\u00fan que fue a nuestra casa y nos dio su apoyo\u201d.<\/p>\n<p>Con esta firma, Colb\u00fan y la JVRP dan cumplimiento a un acuerdo suscrito el pasado 29 de abril, con el que se est\u00e1 concluyendo un trabajo conjunto iniciado el 31 de agosto de 2012.<\/p>\n<p>&nbsp;<\/p>\n","protected":false},"excerpt":{"rendered":"<p>Trabajo conjunto de las partes, permite el traspaso de dos derechos de agua para que la Junta de Vigilancia del R\u00edo Putaendo pueda desarrollar proyectos hidroel\u00e9ctricos en el R\u00edo Roc\u00edn. Mediante la&#8230;<\/p>\n","protected":false},"author":482,"featured_media":47497,"comment_status":"open","ping_status":"closed","sticky":false,"template":"","format":"standard","meta":{"advanced_seo_description":"","jetpack_seo_html_title":"","jetpack_seo_noindex":false,"_jetpack_memberships_contains_paid_content":false,"footnotes":""},"categories":[1],"tags":[],"class_list":["post-47495","post","type-post","status-publish","format-standard","has-post-thumbnail","hentry","category-cronica"],"jetpack_featured_media_url":"https:\/\/i0.wp.com\/eltrabajo.cl\/portal\/wp-content\/uploads\/2014\/06\/Acuerdos2014.jpg?fit=528%2C275&ssl=1","jetpack_sharing_enabled":true,"jetpack_likes_enabled":true,"jetpack-related-posts":[],"_links":{"self":[{"href":"https:\/\/eltrabajo.cl\/portal\/wp-json\/wp\/v2\/posts\/47495","targetHints":{"allow":["GET"]}}],"collection":[{"href":"https:\/\/eltrabajo.cl\/portal\/wp-json\/wp\/v2\/posts"}],"about":[{"href":"https:\/\/eltrabajo.cl\/portal\/wp-json\/wp\/v2\/types\/post"}],"author":[{"embeddable":true,"href":"https:\/\/eltrabajo.cl\/portal\/wp-json\/wp\/v2\/users\/482"}],"replies":[{"embeddable":true,"href":"https:\/\/eltrabajo.cl\/portal\/wp-json\/wp\/v2\/comments?post=47495"}],"version-history":[{"count":0,"href":"https:\/\/eltrabajo.cl\/portal\/wp-json\/wp\/v2\/posts\/47495\/revisions"}],"wp:featuredmedia":[{"embeddable":true,"href":"https:\/\/eltrabajo.cl\/portal\/wp-json\/wp\/v2\/media\/47497"}],"wp:attachment":[{"href":"https:\/\/eltrabajo.cl\/portal\/wp-json\/wp\/v2\/media?parent=47495"}],"wp:term":[{"taxonomy":"category","embeddable":true,"href":"https:\/\/eltrabajo.cl\/portal\/wp-json\/wp\/v2\/categories?post=47495"},{"taxonomy":"post_tag","embeddable":true,"href":"https:\/\/eltrabajo.cl\/portal\/wp-json\/wp\/v2\/tags?post=47495"}],"curies":[{"name":"wp","href":"https:\/\/api.w.org\/{rel}","templated":true}]}}